{"id":40910,"date":"2024-04-02T10:24:40","date_gmt":"2024-04-02T13:24:40","guid":{"rendered":"https:\/\/radiorevelacionfm.cl\/?p=40910"},"modified":"2024-04-02T10:28:51","modified_gmt":"2024-04-02T13:28:51","slug":"naciente-club-cerro-colmillo-de-manihuales-recibe-subvencion-municipal","status":"publish","type":"post","link":"https:\/\/radiorevelacionfm.cl\/?p=40910","title":{"rendered":"Naciente Club \u201cCerro Colmillo\u201d de Ma\u00f1ihuales recibe subvenci\u00f3n municipal"},"content":{"rendered":"<div class=\"flex_column av_one_full  flex_column_div av-zero-column-padding first  avia-builder-el-0  el_before_av_one_full  avia-builder-el-first  \" style='border-radius:0px; '><div  class='avia-image-container  av-styling-    avia-builder-el-1  avia-builder-el-no-sibling  avia-align-center '  itemprop=\"image\" itemscope=\"itemscope\" itemtype=\"https:\/\/schema.org\/ImageObject\"  ><div class='avia-image-container-inner'><div class='avia-image-overlay-wrap'><img decoding=\"async\" class='wp-image-40911 avia-img-lazy-loading-not-40911 avia_image' src=\"https:\/\/radiorevelacionfm.cl\/wp-content\/uploads\/2024\/04\/CERRO-COLMILLO2-1-1.jpg\" alt='' title='CERRO COLMILLO2 (1) (1)' height=\"600\" width=\"800\"  itemprop=\"thumbnailUrl\" srcset=\"https:\/\/radiorevelacionfm.cl\/wp-content\/uploads\/2024\/04\/CERRO-COLMILLO2-1-1.jpg 800w, https:\/\/radiorevelacionfm.cl\/wp-content\/uploads\/2024\/04\/CERRO-COLMILLO2-1-1-300x225.jpg 300w, https:\/\/radiorevelacionfm.cl\/wp-content\/uploads\/2024\/04\/CERRO-COLMILLO2-1-1-768x576.jpg 768w, https:\/\/radiorevelacionfm.cl\/wp-content\/uploads\/2024\/04\/CERRO-COLMILLO2-1-1-705x529.jpg 705w, https:\/\/radiorevelacionfm.cl\/wp-content\/uploads\/2024\/04\/CERRO-COLMILLO2-1-1-450x338.jpg 450w, https:\/\/radiorevelacionfm.cl\/wp-content\/uploads\/2024\/04\/CERRO-COLMILLO2-1-1-600x450.jpg 600w\" sizes=\"(max-width: 800px) 100vw, 800px\" \/><\/div><\/div><\/div><\/div>\n<div class=\"flex_column av_one_full  flex_column_div av-zero-column-padding first  avia-builder-el-2  el_after_av_one_full  el_before_av_one_full  column-top-margin\" style='border-radius:0px; '><section class=\"av_textblock_section \"  itemscope=\"itemscope\" itemtype=\"https:\/\/schema.org\/BlogPosting\" itemprop=\"blogPost\" ><div class='avia_textblock  '   itemprop=\"text\" ><p style=\"text-align: center;\"><strong><span style=\"font-size: 18pt;\">Naciente Club \u201cCerro Colmillo\u201d de Ma\u00f1ihuales recibe subvenci\u00f3n municipal<\/span><\/strong><\/p>\n<div id=\"gtx-trans\" style=\"position: absolute; left: -50px; top: 4.31534px;\">\n<div class=\"gtx-trans-icon\"><\/div>\n<\/div>\n<\/div><\/section><\/div>\n<div class=\"flex_column av_one_full  flex_column_div av-zero-column-padding first  avia-builder-el-4  el_after_av_one_full  el_before_av_hr  column-top-margin\" style='border-radius:0px; '><section class=\"av_textblock_section \"  itemscope=\"itemscope\" itemtype=\"https:\/\/schema.org\/BlogPosting\" itemprop=\"blogPost\" ><div class='avia_textblock  '   itemprop=\"text\" ><p style=\"text-align: justify;\">El Concejo Municipal de Ays\u00e9n ha permitido y tras votaci\u00f3n un\u00e1nime, la entrega de subvenci\u00f3n a varias organizaciones de la comuna, en esta oportunidad fue el club deportivo \u201cCerro Colmillo\u201d de Villa Ma\u00f1ihuales, naciente organizaci\u00f3n que busca ir adquiriendo implementaci\u00f3n para competir en el futbol.<\/p>\n<p style=\"text-align: justify;\">Ahora, pretenden comprar polerones que identifiquen a los jugadores, indic\u00f3 el presidente del club, Nibaldo Vald\u00e9s.<\/p>\n<p style=\"text-align: justify;\">\u201cContentos, porque nosotros somos un club nuevo que cumplimos dos a\u00f1os, nos ha costado un poco empezar, pero, como siempre cualquier cosa que cueste es mejor, porque cuando todo te lo regalan es muy c\u00f3modo. As\u00ed es que, estamos felices, porque tenemos un gran inter\u00e9s de ocupar esta plata, para comprar polerones para los socios de nuestro club\u201d.<\/p>\n<p style=\"text-align: justify;\">El club \u201cCerro Colmillo\u201d de a poco ha ido creciendo como organizaci\u00f3n en sus distintas series, agreg\u00f3 Vald\u00e9s. \u201cEn campeonato tenemos una sola serie, que es serie de honor, pero en socios tenemos entre ni\u00f1os, mujeres, adultos, de hecho, ahora estamos ampliando el club con una serie de damas y tambi\u00e9n con una serie de honor, mientras vamos creciendo de a poco. Esa es la idea, para que todas las personas se vayan uniendo al club\u201d.<\/p>\n<p style=\"text-align: justify;\">Debido a que no tienen aportes externos, para ellos es muy complejo participar en campeonatos o ir adquiriendo implementaci\u00f3n, por ello, la subvenci\u00f3n entregada por el Municipio de Ays\u00e9n es una gran ayuda, afirm\u00f3 Nibaldo Vald\u00e9s. \u201cComo somos un club deportivo sin fines de lucro, se nos hace muy dif\u00edcil poder participar de campeonatos porque hay que pagar mucho, beneficios tampoco se pueden hacer muy grandes. As\u00ed es que, con esta subvenci\u00f3n contentos, porque de a poco vamos a ir reforzando m\u00e1s el club y tener las cosas que queremos\u201d.<\/p>\n<p style=\"text-align: justify;\">El monto recibido por el club \u201cCerro Colmillo\u201d de Villa Ma\u00f1ihuales, gracias a la subvenci\u00f3n municipal es de $850.000<\/p>\n<\/div><\/section><\/div><div  style='height:50px' class='hr hr-invisible   avia-builder-el-6  el_after_av_one_full  el_before_av_social_share '><span class='hr-inner ' ><span class='hr-inner-style'><\/span><\/span><\/div><\/p>\n<div  class='av-social-sharing-box  avia-builder-el-7  el_after_av_hr  el_before_av_hr  '><div class='av-share-box'><h5 class='av-share-link-description av-no-toc '>Compartir esta noticia<\/h5><ul class='av-share-box-list noLightbox'><li class='av-share-link av-social-link-facebook' ><a target=\"_blank\" aria-label=\"Compartir en Facebook\" href='https:\/\/www.facebook.com\/sharer.php?u=https:\/\/radiorevelacionfm.cl\/?p=40910&#038;t=Naciente%20Club%20%E2%80%9CCerro%20Colmillo%E2%80%9D%20de%20Ma%C3%B1ihuales%20recibe%20subvenci%C3%B3n%20municipal' aria-hidden='false' data-av_icon='\ue8f3' data-av_iconfont='entypo-fontello' title='' data-avia-related-tooltip='Compartir en Facebook' rel=\"noopener\"><span class='avia_hidden_link_text'>Compartir en Facebook<\/span><\/a><\/li><li class='av-share-link av-social-link-twitter' ><a target=\"_blank\" aria-label=\"Compartir en Twitter\" href='https:\/\/twitter.com\/share?text=Naciente%20Club%20%E2%80%9CCerro%20Colmillo%E2%80%9D%20de%20Ma%C3%B1ihuales%20recibe%20subvenci%C3%B3n%20municipal&#038;url=https:\/\/radiorevelacionfm.cl\/?p=40910' aria-hidden='false' data-av_icon='\ue8f1' data-av_iconfont='entypo-fontello' title='' data-avia-related-tooltip='Compartir en Twitter' rel=\"noopener\"><span class='avia_hidden_link_text'>Compartir en Twitter<\/span><\/a><\/li><li class='av-share-link av-social-link-whatsapp' ><a target=\"_blank\" aria-label=\"Compartir en Whatsapp\" href='https:\/\/api.whatsapp.com\/send?text=https:\/\/radiorevelacionfm.cl\/?p=40910' aria-hidden='false' data-av_icon='\uf232' data-av_iconfont='entypo-fontello' title='' data-avia-related-tooltip='Compartir en Whatsapp' rel=\"noopener\"><span class='avia_hidden_link_text'>Compartir en Whatsapp<\/span><\/a><\/li><li class='av-share-link av-social-link-linkedin' ><a target=\"_blank\" aria-label=\"Compartir en LinkedIn\" href='https:\/\/linkedin.com\/shareArticle?mini=true&#038;title=Naciente%20Club%20%E2%80%9CCerro%20Colmillo%E2%80%9D%20de%20Ma%C3%B1ihuales%20recibe%20subvenci%C3%B3n%20municipal&#038;url=https:\/\/radiorevelacionfm.cl\/?p=40910' aria-hidden='false' data-av_icon='\ue8fc' data-av_iconfont='entypo-fontello' title='' data-avia-related-tooltip='Compartir en LinkedIn' rel=\"noopener\"><span class='avia_hidden_link_text'>Compartir en LinkedIn<\/span><\/a><\/li><li class='av-share-link av-social-link-mail' ><a  aria-label=\"Compartir por correo\" href='mailto:?subject=Naciente%20Club%20%E2%80%9CCerro%20Colmillo%E2%80%9D%20de%20Ma%C3%B1ihuales%20recibe%20subvenci%C3%B3n%20municipal&#038;body=https:\/\/radiorevelacionfm.cl\/?p=40910' aria-hidden='false' data-av_icon='\ue805' data-av_iconfont='entypo-fontello' title='' data-avia-related-tooltip='Compartir por correo'><span class='avia_hidden_link_text'>Compartir por correo<\/span><\/a><\/li><\/ul><\/div><\/div>\n<div  style='height:50px' class='hr hr-invisible   avia-builder-el-8  el_after_av_social_share  el_before_av_comments_list '><span class='hr-inner ' ><span class='hr-inner-style'><\/span><\/span><\/div>\n<div  class='av-buildercomment  av-blog-meta-html-info-disabled av-blog-meta-tag-disabled  '><\/div>\n","protected":false},"excerpt":{"rendered":"","protected":false},"author":1,"featured_media":40911,"comment_status":"open","ping_status":"open","sticky":false,"template":"","format":"standard","meta":{"footnotes":""},"categories":[38],"tags":[],"class_list":["post-40910","post","type-post","status-publish","format-standard","has-post-thumbnail","hentry","category-regional"],"jetpack_featured_media_url":"https:\/\/radiorevelacionfm.cl\/wp-content\/uploads\/2024\/04\/CERRO-COLMILLO2-1-1.jpg","_links":{"self":[{"href":"https:\/\/radiorevelacionfm.cl\/index.php?rest_route=\/wp\/v2\/posts\/40910","targetHints":{"allow":["GET"]}}],"collection":[{"href":"https:\/\/radiorevelacionfm.cl\/index.php?rest_route=\/wp\/v2\/posts"}],"about":[{"href":"https:\/\/radiorevelacionfm.cl\/index.php?rest_route=\/wp\/v2\/types\/post"}],"author":[{"embeddable":true,"href":"https:\/\/radiorevelacionfm.cl\/index.php?rest_route=\/wp\/v2\/users\/1"}],"replies":[{"embeddable":true,"href":"https:\/\/radiorevelacionfm.cl\/index.php?rest_route=%2Fwp%2Fv2%2Fcomments&post=40910"}],"version-history":[{"count":3,"href":"https:\/\/radiorevelacionfm.cl\/index.php?rest_route=\/wp\/v2\/posts\/40910\/revisions"}],"predecessor-version":[{"id":40914,"href":"https:\/\/radiorevelacionfm.cl\/index.php?rest_route=\/wp\/v2\/posts\/40910\/revisions\/40914"}],"wp:featuredmedia":[{"embeddable":true,"href":"https:\/\/radiorevelacionfm.cl\/index.php?rest_route=\/wp\/v2\/media\/40911"}],"wp:attachment":[{"href":"https:\/\/radiorevelacionfm.cl\/index.php?rest_route=%2Fwp%2Fv2%2Fmedia&parent=40910"}],"wp:term":[{"taxonomy":"category","embeddable":true,"href":"https:\/\/radiorevelacionfm.cl\/index.php?rest_route=%2Fwp%2Fv2%2Fcategories&post=40910"},{"taxonomy":"post_tag","embeddable":true,"href":"https:\/\/radiorevelacionfm.cl\/index.php?rest_route=%2Fwp%2Fv2%2Ftags&post=40910"}],"curies":[{"name":"wp","href":"https:\/\/api.w.org\/{rel}","templated":true}]}}