{"id":40907,"date":"2024-04-02T10:00:08","date_gmt":"2024-04-02T13:00:08","guid":{"rendered":"https:\/\/radiorevelacionfm.cl\/?p=40907"},"modified":"2024-04-02T10:00:08","modified_gmt":"2024-04-02T13:00:08","slug":"lanzan-entretenido-programa-de-actividades-para-celebrar-el-dia-nacional-del-deporte-en-aysen","status":"publish","type":"post","link":"https:\/\/radiorevelacionfm.cl\/?p=40907","title":{"rendered":"Lanzan entretenido programa de actividades para celebrar el D\u00eda Nacional del Deporte en Ays\u00e9n"},"content":{"rendered":"<div class=\"flex_column av_one_full  flex_column_div av-zero-column-padding first  avia-builder-el-0  el_before_av_one_full  avia-builder-el-first  \" style='border-radius:0px; '><div  class='avia-image-container  av-styling-    avia-builder-el-1  avia-builder-el-no-sibling  avia-align-center '  itemprop=\"image\" itemscope=\"itemscope\" itemtype=\"https:\/\/schema.org\/ImageObject\"  ><div class='avia-image-container-inner'><div class='avia-image-overlay-wrap'><img decoding=\"async\" class='wp-image-40908 avia-img-lazy-loading-not-40908 avia_image' src=\"https:\/\/radiorevelacionfm.cl\/wp-content\/uploads\/2024\/04\/dia-deporte-2-1-1.jpg\" alt='' title='dia deporte 2 (1) (1)' height=\"640\" width=\"809\"  itemprop=\"thumbnailUrl\" srcset=\"https:\/\/radiorevelacionfm.cl\/wp-content\/uploads\/2024\/04\/dia-deporte-2-1-1.jpg 809w, https:\/\/radiorevelacionfm.cl\/wp-content\/uploads\/2024\/04\/dia-deporte-2-1-1-300x237.jpg 300w, https:\/\/radiorevelacionfm.cl\/wp-content\/uploads\/2024\/04\/dia-deporte-2-1-1-768x608.jpg 768w, https:\/\/radiorevelacionfm.cl\/wp-content\/uploads\/2024\/04\/dia-deporte-2-1-1-705x558.jpg 705w, https:\/\/radiorevelacionfm.cl\/wp-content\/uploads\/2024\/04\/dia-deporte-2-1-1-450x356.jpg 450w, https:\/\/radiorevelacionfm.cl\/wp-content\/uploads\/2024\/04\/dia-deporte-2-1-1-600x475.jpg 600w\" sizes=\"(max-width: 809px) 100vw, 809px\" \/><\/div><\/div><\/div><\/div><div class=\"flex_column av_one_full  flex_column_div av-zero-column-padding first  avia-builder-el-2  el_after_av_one_full  el_before_av_one_full  column-top-margin\" style='border-radius:0px; '><section class=\"av_textblock_section \"  itemscope=\"itemscope\" itemtype=\"https:\/\/schema.org\/BlogPosting\" itemprop=\"blogPost\" ><div class='avia_textblock  '   itemprop=\"text\" ><p style=\"text-align: center;\"><strong><span style=\"font-size: 18pt;\">Lanzan entretenido programa de actividades para celebrar el D\u00eda Nacional del Deporte en Ays\u00e9n<\/span><\/strong><\/p>\n<div id=\"gtx-trans\" style=\"position: absolute; left: -50px; top: 4.31534px;\">\n<div class=\"gtx-trans-icon\"><\/div>\n<\/div>\n<\/div><\/section><\/div><div class=\"flex_column av_one_full  flex_column_div av-zero-column-padding first  avia-builder-el-4  el_after_av_one_full  el_before_av_hr  column-top-margin\" style='border-radius:0px; '><section class=\"av_textblock_section \"  itemscope=\"itemscope\" itemtype=\"https:\/\/schema.org\/BlogPosting\" itemprop=\"blogPost\" ><div class='avia_textblock  '   itemprop=\"text\" ><p style=\"text-align: justify;\">El pr\u00f3ximo 6 y 7 de abril se realizar\u00e1, a lo largo de todo el pa\u00eds, la conmemoraci\u00f3n del D\u00eda Nacional del Deporte, instancia que permitir\u00e1 al Ministerio del Deporte, en conjunto con el Instituto Nacional de Deportes, poner a disposici\u00f3n de la ciudadan\u00eda una amplia gama de actividades deportivas, desde Arica a Punta Arenas. Por ello, el lunes 01 de abril se realiz\u00f3, en dependencias del Centro de Entrenamiento Regional (CER) en el Estadio Regional, el lanzamiento de la parrilla program\u00e1tica de actividades deportivas y recreativas para celebrar este d\u00eda en nuestra regi\u00f3n.<\/p>\n<p style=\"text-align: justify;\">Eugenia Dur\u00e1n Jara, seremi del Deporte de Ays\u00e9n, indic\u00f3: \u201cEstamos aqu\u00ed en un taller de baile entretenido del IND, que se realiza regularmente para hacer una gran invitaci\u00f3n a sumarse\u00a0 a las actividades del D\u00eda Nacional del Deporte, que estamos liderando como ministerio del Deporte junto con el Instituto Nacional del Deporte (IND). Por eso los queremos invitar a que visiten la p\u00e1gina <a href=\"http:\/\/www.diadeldeporte.cl\">www.diadeldeporte.cl<\/a> donde van a poder encontrar una gama de actividades que hoy estamos lanzando como oferta program\u00e1tica. Tendremos actividades en Chile Chico, en Cochrane, en Puerto Ays\u00e9n y Coyhaique, as\u00ed que las y los invitamos a sumarse, a ir en familia, a hacer uso de los espacios p\u00fablicos. Adem\u00e1s, van a haber talleres gratuitos, actividades que van a durar todo el d\u00eda. As\u00ed que, \u00a1a moverse!, sigamos manteniendo esa cultura, esa inspiraci\u00f3n que nos dejaron los Juegos Panamericanos Santiago 2023, porque para el Ministerio del Deporte, mandatados por nuestro presidente Gabriel Boric, es muy importante mantener ese legado, que la gente siga inspir\u00e1ndose, siga haciendo actividad f\u00edsica y se siga moviendo\u201d, se\u00f1al\u00f3.<\/p>\n<p style=\"text-align: justify;\">Nuestra capital regional se suma al despliegue abriendo el Estadio Regional del Instituto Nacional de Deportes el domingo 7 de abril, con un Festival deportivo para toda la familia, en una jornada que comienza en la ma\u00f1ana con una \u201cCorrida Recreativa\u201d y finaliza en la tarde con diversas actividades gratuitas especialmente para ni\u00f1os, ni\u00f1as y adolescentes. Son 300 cupos para la corrida, con tramos de 3 y 6 km, muy accesibles para toda la poblaci\u00f3n, y que incorpora un circuito inclusivo de 800 metros en la Pista Atl\u00e9tica. Se regalar\u00e1n poleras a todos los inscritos, adem\u00e1s de premios a las y los ganadores.<\/p>\n<p style=\"text-align: justify;\">Las inscripciones ser\u00e1n a trav\u00e9s de la p\u00e1gina web www.diadeldeporte.cl. Para facilitar este proceso las oficinas de la SEREMI del Deporte se encontrar\u00e1n atendiendo p\u00fablico desde hoy 1 de abril y hasta el s\u00e1bado 6, para personas con discapacidad visual, personas mayores y quienes por diversos motivos requieran de apoyo para llenar el formulario de inscripci\u00f3n.<\/p>\n<p style=\"text-align: justify;\">La SEREMI del Deporte junto a la Delegaci\u00f3n Presidencial Regional y a las Delegaciones Provinciales, levantaron diversas mesas de trabajo en torno a la celebraci\u00f3n del D\u00eda Nacional del Deporte, incorporando a municipios e instituciones del Estado, con el foco puesto principalmente en las organizaciones deportivas. El resultado es que en todas las provincias la ciudadan\u00eda podr\u00e1 disfrutar de \u201cFerias del Deporte y Movimiento\u201d, \u00e9stas se realizar\u00e1n en Chile Chico, Cochrane, Puerto Ays\u00e9n y Coyhaique; lo cual ser\u00e1 in\u00e9dito en la regi\u00f3n.<\/p>\n<p style=\"text-align: justify;\">Rodrigo Araya Morales, Delegado Presidencial Regional, destac\u00f3: \u201cHoy queremos relevar la actividad f\u00edsica, esto es muy importante para tener una buena salud, como Gobierno tenemos una pol\u00edtica de movimiento, de hacer actividades m\u00e1s cercanas a la gente. As\u00ed lo aprendimos con los Juegos Panamericanos donde las personas participaron activamente y nosotros ahora estamos estableciendo el pr\u00f3ximo fin de semana el D\u00eda Nacional del Deporte en todo el pa\u00eds. En nuestra regi\u00f3n, tendremos actividades en las capitales provinciales, as\u00ed que los y las invitamos a informarse acerca de todas las actividades que se van a realizar. Tambi\u00e9n tenemos la apertura de \u00e1reas silvestres protegidas, no s\u00f3lo va a ser deporte, sino tambi\u00e9n caminata y ocupar los espacios f\u00edsicos tan importantes y tan bonitos que tenemos en nuestro territorio\u201d.<\/p>\n<p style=\"text-align: justify;\">Por su parte, y con respecto a las organizaciones deportivas, la seremi de Gobierno, Tatiana Pl\u00e1 \u00c1lvarez, hizo una invitaci\u00f3n a este tipo de agrupaciones a postular al Fondo de Organizaciones de Inter\u00e9s P\u00fablico (FFOIP), del Ministerio Secretar\u00eda General de Gobierno. \u201cMe quiero sumar a la invitaci\u00f3n que ha hecho el Delegado Presidencial Regional, el director de IND, la seremi del Deporte para que este fin de semana nos sumemos al d\u00eda del deporte que nuestro Gobierno est\u00e1 promocionando como una pol\u00edtica p\u00fablica importante para la salud y el bienestar de todos y todas. Adem\u00e1s, quiero aprovechar la instancia para invitar a las organizaciones de la sociedad civil y principalmente a las deportivas, que todav\u00eda est\u00e1n a tiempo de postular al Fondo de Fortalecimiento de Organizaciones de Inter\u00e9s P\u00fablico que tiene nuestro Ministerio Secretar\u00eda General de Gobierno, ya que las inscripciones est\u00e1n abiertas hasta el d\u00eda 22 de abril. Pueden revisar las bases en <a href=\"http:\/\/www.fondodefortalecimiento.gob.cl\">www.fondodefortalecimiento.gob.cl<\/a>, all\u00ed van a poder descargar las bases de postulaci\u00f3n, tambi\u00e9n los y las invitamos a hacer consultas en nuestras oficinas, estamos en Avenida Ogana N\u00b0 798 en Coyhaique\u201d.<\/p>\n<p style=\"text-align: justify;\">Cabe destacar que, en alianza nacional entre el Ministerio del Deporte y el Ministerio de Agricultura, se otorgar\u00e1 gratuidad en tres Parques de CONAF seleccionados por su accesibilidad. Estos son el Parque Patagonia sector Jeinimeni, en Chile Chico; Reserva Nacional R\u00edo Simpson y Reserva Nacional Coyhaique. En este \u00faltimo, CONAF desarrollar\u00e1 una actividad de senderismo guiado. Para esta actividad existen 30 cupos y las inscripciones se hacen a trav\u00e9s de <a href=\"http:\/\/www.diadeporte.cl\">www.diadeporte.cl<\/a><\/p>\n<\/div><\/section><\/div><div  style='height:50px' class='hr hr-invisible   avia-builder-el-6  el_after_av_one_full  el_before_av_social_share '><span class='hr-inner ' ><span class='hr-inner-style'><\/span><\/span><\/div><\/p>\n<div  class='av-social-sharing-box  avia-builder-el-7  el_after_av_hr  el_before_av_hr  '><div class='av-share-box'><h5 class='av-share-link-description av-no-toc '>Compartir esta noticia<\/h5><ul class='av-share-box-list noLightbox'><li class='av-share-link av-social-link-facebook' ><a target=\"_blank\" aria-label=\"Compartir en Facebook\" href='https:\/\/www.facebook.com\/sharer.php?u=https:\/\/radiorevelacionfm.cl\/?p=40907&#038;t=Lanzan%20entretenido%20programa%20de%20actividades%20para%20celebrar%20el%20D%C3%ADa%20Nacional%20del%20Deporte%20en%20Ays%C3%A9n' aria-hidden='false' data-av_icon='\ue8f3' data-av_iconfont='entypo-fontello' title='' data-avia-related-tooltip='Compartir en Facebook' rel=\"noopener\"><span class='avia_hidden_link_text'>Compartir en Facebook<\/span><\/a><\/li><li class='av-share-link av-social-link-twitter' ><a target=\"_blank\" aria-label=\"Compartir en Twitter\" href='https:\/\/twitter.com\/share?text=Lanzan%20entretenido%20programa%20de%20actividades%20para%20celebrar%20el%20D%C3%ADa%20Nacional%20del%20Deporte%20en%20Ays%C3%A9n&#038;url=https:\/\/radiorevelacionfm.cl\/?p=40907' aria-hidden='false' data-av_icon='\ue8f1' data-av_iconfont='entypo-fontello' title='' data-avia-related-tooltip='Compartir en Twitter' rel=\"noopener\"><span class='avia_hidden_link_text'>Compartir en Twitter<\/span><\/a><\/li><li class='av-share-link av-social-link-whatsapp' ><a target=\"_blank\" aria-label=\"Compartir en Whatsapp\" href='https:\/\/api.whatsapp.com\/send?text=https:\/\/radiorevelacionfm.cl\/?p=40907' aria-hidden='false' data-av_icon='\uf232' data-av_iconfont='entypo-fontello' title='' data-avia-related-tooltip='Compartir en Whatsapp' rel=\"noopener\"><span class='avia_hidden_link_text'>Compartir en Whatsapp<\/span><\/a><\/li><li class='av-share-link av-social-link-linkedin' ><a target=\"_blank\" aria-label=\"Compartir en LinkedIn\" href='https:\/\/linkedin.com\/shareArticle?mini=true&#038;title=Lanzan%20entretenido%20programa%20de%20actividades%20para%20celebrar%20el%20D%C3%ADa%20Nacional%20del%20Deporte%20en%20Ays%C3%A9n&#038;url=https:\/\/radiorevelacionfm.cl\/?p=40907' aria-hidden='false' data-av_icon='\ue8fc' data-av_iconfont='entypo-fontello' title='' data-avia-related-tooltip='Compartir en LinkedIn' rel=\"noopener\"><span class='avia_hidden_link_text'>Compartir en LinkedIn<\/span><\/a><\/li><li class='av-share-link av-social-link-mail' ><a  aria-label=\"Compartir por correo\" href='mailto:?subject=Lanzan%20entretenido%20programa%20de%20actividades%20para%20celebrar%20el%20D%C3%ADa%20Nacional%20del%20Deporte%20en%20Ays%C3%A9n&#038;body=https:\/\/radiorevelacionfm.cl\/?p=40907' aria-hidden='false' data-av_icon='\ue805' data-av_iconfont='entypo-fontello' title='' data-avia-related-tooltip='Compartir por correo'><span class='avia_hidden_link_text'>Compartir por correo<\/span><\/a><\/li><\/ul><\/div><\/div>\n<div  style='height:50px' class='hr hr-invisible   avia-builder-el-8  el_after_av_social_share  el_before_av_comments_list '><span class='hr-inner ' ><span class='hr-inner-style'><\/span><\/span><\/div>\n<div  class='av-buildercomment  av-blog-meta-html-info-disabled av-blog-meta-tag-disabled  '><\/div>\n","protected":false},"excerpt":{"rendered":"","protected":false},"author":1,"featured_media":40908,"comment_status":"open","ping_status":"open","sticky":false,"template":"","format":"standard","meta":{"footnotes":""},"categories":[40],"tags":[],"class_list":["post-40907","post","type-post","status-publish","format-standard","has-post-thumbnail","hentry","category-deportes"],"jetpack_featured_media_url":"https:\/\/radiorevelacionfm.cl\/wp-content\/uploads\/2024\/04\/dia-deporte-2-1-1.jpg","_links":{"self":[{"href":"https:\/\/radiorevelacionfm.cl\/index.php?rest_route=\/wp\/v2\/posts\/40907","targetHints":{"allow":["GET"]}}],"collection":[{"href":"https:\/\/radiorevelacionfm.cl\/index.php?rest_route=\/wp\/v2\/posts"}],"about":[{"href":"https:\/\/radiorevelacionfm.cl\/index.php?rest_route=\/wp\/v2\/types\/post"}],"author":[{"embeddable":true,"href":"https:\/\/radiorevelacionfm.cl\/index.php?rest_route=\/wp\/v2\/users\/1"}],"replies":[{"embeddable":true,"href":"https:\/\/radiorevelacionfm.cl\/index.php?rest_route=%2Fwp%2Fv2%2Fcomments&post=40907"}],"version-history":[{"count":1,"href":"https:\/\/radiorevelacionfm.cl\/index.php?rest_route=\/wp\/v2\/posts\/40907\/revisions"}],"predecessor-version":[{"id":40909,"href":"https:\/\/radiorevelacionfm.cl\/index.php?rest_route=\/wp\/v2\/posts\/40907\/revisions\/40909"}],"wp:featuredmedia":[{"embeddable":true,"href":"https:\/\/radiorevelacionfm.cl\/index.php?rest_route=\/wp\/v2\/media\/40908"}],"wp:attachment":[{"href":"https:\/\/radiorevelacionfm.cl\/index.php?rest_route=%2Fwp%2Fv2%2Fmedia&parent=40907"}],"wp:term":[{"taxonomy":"category","embeddable":true,"href":"https:\/\/radiorevelacionfm.cl\/index.php?rest_route=%2Fwp%2Fv2%2Fcategories&post=40907"},{"taxonomy":"post_tag","embeddable":true,"href":"https:\/\/radiorevelacionfm.cl\/index.php?rest_route=%2Fwp%2Fv2%2Ftags&post=40907"}],"curies":[{"name":"wp","href":"https:\/\/api.w.org\/{rel}","templated":true}]}}