{"id":40903,"date":"2024-04-02T18:01:19","date_gmt":"2024-04-02T21:01:19","guid":{"rendered":"https:\/\/radiorevelacionfm.cl\/?p=40903"},"modified":"2024-04-02T18:01:19","modified_gmt":"2024-04-02T21:01:19","slug":"usuarios-de-raul-marin-balmaceda-fueron-atendidos-para-facilitar-tramites-en-el-marco-del-programa-caleta-mas-cerca","status":"publish","type":"post","link":"https:\/\/radiorevelacionfm.cl\/?p=40903","title":{"rendered":"Usuarios de Ra\u00fal Mar\u00edn Balmaceda fueron atendidos para facilitar tr\u00e1mites en el marco del programa \u201cCaleta M\u00e1s Cerca\u201d"},"content":{"rendered":"<div class=\"flex_column av_one_full  flex_column_div av-zero-column-padding first  avia-builder-el-0  el_before_av_one_full  avia-builder-el-first  \" style='border-radius:0px; '><div  class='avia-image-container  av-styling-    avia-builder-el-1  avia-builder-el-no-sibling  avia-align-center '  itemprop=\"image\" itemscope=\"itemscope\" itemtype=\"https:\/\/schema.org\/ImageObject\"  ><div class='avia-image-container-inner'><div class='avia-image-overlay-wrap'><img decoding=\"async\" class='wp-image-40904 avia-img-lazy-loading-not-40904 avia_image' src=\"https:\/\/radiorevelacionfm.cl\/wp-content\/uploads\/2024\/04\/4-27-1-3.jpg\" alt='' title='4 (27) (1) (3)' height=\"600\" width=\"800\"  itemprop=\"thumbnailUrl\" srcset=\"https:\/\/radiorevelacionfm.cl\/wp-content\/uploads\/2024\/04\/4-27-1-3.jpg 800w, https:\/\/radiorevelacionfm.cl\/wp-content\/uploads\/2024\/04\/4-27-1-3-300x225.jpg 300w, https:\/\/radiorevelacionfm.cl\/wp-content\/uploads\/2024\/04\/4-27-1-3-768x576.jpg 768w, https:\/\/radiorevelacionfm.cl\/wp-content\/uploads\/2024\/04\/4-27-1-3-705x529.jpg 705w, https:\/\/radiorevelacionfm.cl\/wp-content\/uploads\/2024\/04\/4-27-1-3-450x338.jpg 450w, https:\/\/radiorevelacionfm.cl\/wp-content\/uploads\/2024\/04\/4-27-1-3-600x450.jpg 600w\" sizes=\"(max-width: 800px) 100vw, 800px\" \/><\/div><\/div><\/div><\/div><div class=\"flex_column av_one_full  flex_column_div av-zero-column-padding first  avia-builder-el-2  el_after_av_one_full  el_before_av_one_full  column-top-margin\" style='border-radius:0px; '><section class=\"av_textblock_section \"  itemscope=\"itemscope\" itemtype=\"https:\/\/schema.org\/BlogPosting\" itemprop=\"blogPost\" ><div class='avia_textblock  '   itemprop=\"text\" ><p style=\"text-align: center;\"><strong><span style=\"font-size: 18pt;\">Usuarios de Ra\u00fal Mar\u00edn Balmaceda fueron atendidos para facilitar tr\u00e1mites en el marco del programa \u201cCaleta M\u00e1s Cerca\u201d<\/span><\/strong><\/p>\n<div id=\"gtx-trans\" style=\"position: absolute; left: -50px; top: 4.31534px;\">\n<div class=\"gtx-trans-icon\"><\/div>\n<\/div>\n<\/div><\/section><\/div><\/p>\n<div class=\"flex_column av_one_full  flex_column_div av-zero-column-padding first  avia-builder-el-4  el_after_av_one_full  el_before_av_hr  column-top-margin\" style='border-radius:0px; '><section class=\"av_textblock_section \"  itemscope=\"itemscope\" itemtype=\"https:\/\/schema.org\/BlogPosting\" itemprop=\"blogPost\" ><div class='avia_textblock  '   itemprop=\"text\" ><p class=\"v1MsoNormal\" style=\"text-align: justify;\">Luego de 8 horas de viaje por tierra y en el marco del programa \u201cCaleta M\u00e1s Cerca\u201d del Servicio Nacional de Pesca y Acuicultura (Sernapesca), funcionarios del Servicio de la oficina de Puerto Ays\u00e9n llegaron hasta la remota localidad de Ra\u00fal Mar\u00edn Balmaceda, donde se quedaron durante 4 d\u00edas para atender los tr\u00e1mites y consultas de las y los usuarios de esa alejada localidad.<\/p>\n<p class=\"v1MsoNormal\" style=\"text-align: justify;\">Esta comunidad cuenta con el \u00c1rea Costera de M\u00faltiples Usos Pitipalena A\u00f1ihue, donde se incluye exclusivamente la pesquer\u00eda del puye como actividad de peque\u00f1a escala. En este sentido, Sernapesca brind\u00f3 apoyo en el proceso de inscripci\u00f3n de esta importante pesquer\u00eda para la comunidad local.<\/p>\n<p class=\"v1MsoNormal\" style=\"text-align: justify;\">En total, se atendi\u00f3 a 80 personas en las dependencias de la Delegaci\u00f3n Municipal, quienes completaron los formularios necesarios para postular a la pesquer\u00eda en la categor\u00eda de Recolector de Orilla. Tambi\u00e9n se verific\u00f3 uno de los requisitos de postulaci\u00f3n relacionado con la acreditaci\u00f3n del arte de pesca mediante el uso de una red puyera.<\/p>\n<p class=\"v1MsoNormal\" style=\"text-align: justify;\">El director regional (s) de Sernapesca Ays\u00e9n, Jorge Padilla, se refiri\u00f3 a la importancia que tiene este programa para poder atender a usuarias y usuarios de zonas alejadas y de dif\u00edcil acceso. \u201cEste proceso de acompa\u00f1amiento forma parte de nuestros compromisos institucionales para facilitar el cumplimiento normativo a nuestras usuarias y usuarios que residen en zonas rurales o de mayor aislamiento y de dif\u00edcil acceso. Es muy importante poder llegar hasta estos lugares y apoyarles con sus tr\u00e1mites y tambi\u00e9n poder resolver sus dudas e inquietudes\u201d, coment\u00f3.<\/p>\n<p class=\"v1MsoNormal\" style=\"text-align: justify;\">Posterior a la visita, los funcionarios de Sernapesca llevaron a cabo la revisi\u00f3n documental correspondiente en la oficina para incorporar todos los antecedentes en las plataformas institucionales, con el fin de completar el proceso formal de autorizaci\u00f3n de la pesquer\u00eda a trav\u00e9s de una Resoluci\u00f3n.<\/p>\n<p class=\"v1MsoNormal\" style=\"text-align: justify;\">Es importante destacar que se dispusieron 71 cupos para la pesquer\u00eda del puye, destinados a recolectores y recolectoras de orilla previamente inscritos en el Registro Pesquero Artesanal de Ra\u00fal Mar\u00edn Balmaceda.<\/p>\n<\/div><\/section><\/div>\n<div  style='height:50px' class='hr hr-invisible   avia-builder-el-6  el_after_av_one_full  el_before_av_social_share '><span class='hr-inner ' ><span class='hr-inner-style'><\/span><\/span><\/div>\n<div  class='av-social-sharing-box  avia-builder-el-7  el_after_av_hr  el_before_av_hr  '><div class='av-share-box'><h5 class='av-share-link-description av-no-toc '>Compartir esta noticia<\/h5><ul class='av-share-box-list noLightbox'><li class='av-share-link av-social-link-facebook' ><a target=\"_blank\" aria-label=\"Compartir en Facebook\" href='https:\/\/www.facebook.com\/sharer.php?u=https:\/\/radiorevelacionfm.cl\/?p=40903&#038;t=Usuarios%20de%20Ra%C3%BAl%20Mar%C3%ADn%20Balmaceda%20fueron%20atendidos%20para%20facilitar%20tr%C3%A1mites%20en%20el%20marco%20del%20programa%20%E2%80%9CCaleta%20M%C3%A1s%20Cerca%E2%80%9D' aria-hidden='false' data-av_icon='\ue8f3' data-av_iconfont='entypo-fontello' title='' data-avia-related-tooltip='Compartir en Facebook' rel=\"noopener\"><span class='avia_hidden_link_text'>Compartir en Facebook<\/span><\/a><\/li><li class='av-share-link av-social-link-twitter' ><a target=\"_blank\" aria-label=\"Compartir en Twitter\" href='https:\/\/twitter.com\/share?text=Usuarios%20de%20Ra%C3%BAl%20Mar%C3%ADn%20Balmaceda%20fueron%20atendidos%20para%20facilitar%20tr%C3%A1mites%20en%20el%20marco%20del%20programa%20%E2%80%9CCaleta%20M%C3%A1s%20Cerca%E2%80%9D&#038;url=https:\/\/radiorevelacionfm.cl\/?p=40903' aria-hidden='false' data-av_icon='\ue8f1' data-av_iconfont='entypo-fontello' title='' data-avia-related-tooltip='Compartir en Twitter' rel=\"noopener\"><span class='avia_hidden_link_text'>Compartir en Twitter<\/span><\/a><\/li><li class='av-share-link av-social-link-whatsapp' ><a target=\"_blank\" aria-label=\"Compartir en Whatsapp\" href='https:\/\/api.whatsapp.com\/send?text=https:\/\/radiorevelacionfm.cl\/?p=40903' aria-hidden='false' data-av_icon='\uf232' data-av_iconfont='entypo-fontello' title='' data-avia-related-tooltip='Compartir en Whatsapp' rel=\"noopener\"><span class='avia_hidden_link_text'>Compartir en Whatsapp<\/span><\/a><\/li><li class='av-share-link av-social-link-linkedin' ><a target=\"_blank\" aria-label=\"Compartir en LinkedIn\" href='https:\/\/linkedin.com\/shareArticle?mini=true&#038;title=Usuarios%20de%20Ra%C3%BAl%20Mar%C3%ADn%20Balmaceda%20fueron%20atendidos%20para%20facilitar%20tr%C3%A1mites%20en%20el%20marco%20del%20programa%20%E2%80%9CCaleta%20M%C3%A1s%20Cerca%E2%80%9D&#038;url=https:\/\/radiorevelacionfm.cl\/?p=40903' aria-hidden='false' data-av_icon='\ue8fc' data-av_iconfont='entypo-fontello' title='' data-avia-related-tooltip='Compartir en LinkedIn' rel=\"noopener\"><span class='avia_hidden_link_text'>Compartir en LinkedIn<\/span><\/a><\/li><li class='av-share-link av-social-link-mail' ><a  aria-label=\"Compartir por correo\" href='mailto:?subject=Usuarios%20de%20Ra%C3%BAl%20Mar%C3%ADn%20Balmaceda%20fueron%20atendidos%20para%20facilitar%20tr%C3%A1mites%20en%20el%20marco%20del%20programa%20%E2%80%9CCaleta%20M%C3%A1s%20Cerca%E2%80%9D&#038;body=https:\/\/radiorevelacionfm.cl\/?p=40903' aria-hidden='false' data-av_icon='\ue805' data-av_iconfont='entypo-fontello' title='' data-avia-related-tooltip='Compartir por correo'><span class='avia_hidden_link_text'>Compartir por correo<\/span><\/a><\/li><\/ul><\/div><\/div>\n<div  style='height:50px' class='hr hr-invisible   avia-builder-el-8  el_after_av_social_share  el_before_av_comments_list '><span class='hr-inner ' ><span class='hr-inner-style'><\/span><\/span><\/div>\n<div  class='av-buildercomment  av-blog-meta-html-info-disabled av-blog-meta-tag-disabled  '><\/div>\n","protected":false},"excerpt":{"rendered":"","protected":false},"author":1,"featured_media":40904,"comment_status":"open","ping_status":"open","sticky":false,"template":"","format":"standard","meta":{"footnotes":""},"categories":[60],"tags":[],"class_list":["post-40903","post","type-post","status-publish","format-standard","has-post-thumbnail","hentry","category-pesca"],"jetpack_featured_media_url":"https:\/\/radiorevelacionfm.cl\/wp-content\/uploads\/2024\/04\/4-27-1-3.jpg","_links":{"self":[{"href":"https:\/\/radiorevelacionfm.cl\/index.php?rest_route=\/wp\/v2\/posts\/40903","targetHints":{"allow":["GET"]}}],"collection":[{"href":"https:\/\/radiorevelacionfm.cl\/index.php?rest_route=\/wp\/v2\/posts"}],"about":[{"href":"https:\/\/radiorevelacionfm.cl\/index.php?rest_route=\/wp\/v2\/types\/post"}],"author":[{"embeddable":true,"href":"https:\/\/radiorevelacionfm.cl\/index.php?rest_route=\/wp\/v2\/users\/1"}],"replies":[{"embeddable":true,"href":"https:\/\/radiorevelacionfm.cl\/index.php?rest_route=%2Fwp%2Fv2%2Fcomments&post=40903"}],"version-history":[{"count":2,"href":"https:\/\/radiorevelacionfm.cl\/index.php?rest_route=\/wp\/v2\/posts\/40903\/revisions"}],"predecessor-version":[{"id":40939,"href":"https:\/\/radiorevelacionfm.cl\/index.php?rest_route=\/wp\/v2\/posts\/40903\/revisions\/40939"}],"wp:featuredmedia":[{"embeddable":true,"href":"https:\/\/radiorevelacionfm.cl\/index.php?rest_route=\/wp\/v2\/media\/40904"}],"wp:attachment":[{"href":"https:\/\/radiorevelacionfm.cl\/index.php?rest_route=%2Fwp%2Fv2%2Fmedia&parent=40903"}],"wp:term":[{"taxonomy":"category","embeddable":true,"href":"https:\/\/radiorevelacionfm.cl\/index.php?rest_route=%2Fwp%2Fv2%2Fcategories&post=40903"},{"taxonomy":"post_tag","embeddable":true,"href":"https:\/\/radiorevelacionfm.cl\/index.php?rest_route=%2Fwp%2Fv2%2Ftags&post=40903"}],"curies":[{"name":"wp","href":"https:\/\/api.w.org\/{rel}","templated":true}]}}