{"id":40900,"date":"2024-04-01T20:45:27","date_gmt":"2024-04-01T23:45:27","guid":{"rendered":"https:\/\/radiorevelacionfm.cl\/?p=40900"},"modified":"2024-04-01T20:45:27","modified_gmt":"2024-04-01T23:45:27","slug":"verifican-en-terreno-proceso-de-postulacion-al-programa-de-recambio-de-calefactores","status":"publish","type":"post","link":"https:\/\/radiorevelacionfm.cl\/?p=40900","title":{"rendered":"Verifican en terreno proceso de postulaci\u00f3n al programa de recambio de calefactores"},"content":{"rendered":"<div class=\"flex_column av_one_full  flex_column_div av-zero-column-padding first  avia-builder-el-0  el_before_av_one_full  avia-builder-el-first  \" style='border-radius:0px; '><div  class='avia-image-container  av-styling-    avia-builder-el-1  avia-builder-el-no-sibling  avia-align-center '  itemprop=\"image\" itemscope=\"itemscope\" itemtype=\"https:\/\/schema.org\/ImageObject\"  ><div class='avia-image-container-inner'><div class='avia-image-overlay-wrap'><img decoding=\"async\" class='wp-image-40901 avia-img-lazy-loading-not-40901 avia_image' src=\"https:\/\/radiorevelacionfm.cl\/wp-content\/uploads\/2024\/04\/fiscalizacion_recambio-1_optimized.jpg\" alt='' title='fiscalizacion_recambio-(1)_optimized' height=\"600\" width=\"888\"  itemprop=\"thumbnailUrl\" srcset=\"https:\/\/radiorevelacionfm.cl\/wp-content\/uploads\/2024\/04\/fiscalizacion_recambio-1_optimized.jpg 888w, https:\/\/radiorevelacionfm.cl\/wp-content\/uploads\/2024\/04\/fiscalizacion_recambio-1_optimized-300x203.jpg 300w, https:\/\/radiorevelacionfm.cl\/wp-content\/uploads\/2024\/04\/fiscalizacion_recambio-1_optimized-768x519.jpg 768w, https:\/\/radiorevelacionfm.cl\/wp-content\/uploads\/2024\/04\/fiscalizacion_recambio-1_optimized-705x476.jpg 705w, https:\/\/radiorevelacionfm.cl\/wp-content\/uploads\/2024\/04\/fiscalizacion_recambio-1_optimized-450x304.jpg 450w, https:\/\/radiorevelacionfm.cl\/wp-content\/uploads\/2024\/04\/fiscalizacion_recambio-1_optimized-600x405.jpg 600w\" sizes=\"(max-width: 888px) 100vw, 888px\" \/><\/div><\/div><\/div><\/div>\n<div class=\"flex_column av_one_full  flex_column_div av-zero-column-padding first  avia-builder-el-2  el_after_av_one_full  el_before_av_one_full  column-top-margin\" style='border-radius:0px; '><section class=\"av_textblock_section \"  itemscope=\"itemscope\" itemtype=\"https:\/\/schema.org\/BlogPosting\" itemprop=\"blogPost\" ><div class='avia_textblock  '   itemprop=\"text\" ><p style=\"text-align: center;\"><strong><span style=\"font-size: 18pt;\">Verifican en terreno proceso de postulaci\u00f3n al programa de recambio de calefactores<\/span><\/strong><\/p>\n<div id=\"gtx-trans\" style=\"position: absolute; left: -50px; top: 4.31534px;\">\n<div class=\"gtx-trans-icon\"><\/div>\n<\/div>\n<\/div><\/section><\/div><div class=\"flex_column av_one_full  flex_column_div av-zero-column-padding first  avia-builder-el-4  el_after_av_one_full  el_before_av_hr  column-top-margin\" style='border-radius:0px; '><section class=\"av_textblock_section \"  itemscope=\"itemscope\" itemtype=\"https:\/\/schema.org\/BlogPosting\" itemprop=\"blogPost\" ><div class='avia_textblock  '   itemprop=\"text\" ><p style=\"text-align: justify;\">Durante la ma\u00f1ana del d\u00eda lunes 1 de abril, el delegado presidencial Rodrigo Araya, la gobernadora Andrea Mac\u00edas y el seremi (s) de Medio Ambiente, Carlos D\u00edaz, constaron en terreno el avance del Programa de Recambio de Calefactores 2024.<\/p>\n<p style=\"text-align: justify;\">Mediante una visita al domicilio de una de las personas postulantes al programa, las autoridades apreciaron directamente el trabajo de validaci\u00f3n de datos, que permitir\u00e1 establecer a las y los beneficiarios de esta medida.<\/p>\n<p style=\"text-align: justify;\">\u201cEn esta etapa se cerraron las primeras postulaciones y van a haber 40 d\u00edas corridos donde se van a estar visitando las casas de los postulantes, con el objetivo de validar los datos de la postulaci\u00f3n, con ello se genera un listado de preseleccionados que van a tener un tiempo para hacer el copago y luego de ello se coordina la instalaci\u00f3n del nuevo equipo de calefacci\u00f3n\u201d, inform\u00f3 el seremi de Medio Ambiente (s.).<\/p>\n<p style=\"text-align: justify;\">Para Gladys Puchi, due\u00f1a de la vivienda que visitaron las autoridades, la experiencia de varios a\u00f1os calefaccion\u00e1ndose con le\u00f1a la convencieron de intentar el cambio al pellet. \u201cPostul\u00e9 a pellet. Estuve reacia muchos a\u00f1os a hacerlo porque nadie me sacaba de la le\u00f1a. Viv\u00ed muchos procesos y adem\u00e1s la le\u00f1a es car\u00edsima y quiero contribuir a la descontaminaci\u00f3n de Coyhaique\u201d, coment\u00f3 Gladys Puchi.<\/p>\n<p style=\"text-align: justify;\">Por su parte, el delegado regional reiter\u00f3 el impacto positivo de las iniciativas regidas por el Plan de Descontaminaci\u00f3n Ambiental: \u201cTambi\u00e9n iniciamos el per\u00edodo de Gesti\u00f3n de Episodios Cr\u00edticos el 1ro de abril, pero hay que recordar que es el Plan de Descontaminaci\u00f3n Atmosf\u00e9rica es lo que est\u00e1 guiando estas acciones. Este recambio de calefactores es financiado por el Gobierno Regional y es muy relevante porque ha demostrado a trav\u00e9s del tiempo que efectivamente ha contribuido en la disminuci\u00f3n de la contaminaci\u00f3n\u201d, se\u00f1al\u00f3 el delegado regional.<\/p>\n<p style=\"text-align: justify;\">Asimismo, la gobernadora Andrea Mac\u00edas indic\u00f3 que las condiciones para el uso de calefacci\u00f3n basada en pellet est\u00e1n mejorando en nuestra regi\u00f3n, por lo que la comunidad debe ver con optimismo esta opci\u00f3n \u201cy adem\u00e1s hacer un llamado a la tranquilidad y a recuperar la confianza de las personas en cuanto al tipo de combustible que utilizamos para calefacci\u00f3n. Es importante reconocer el esfuerzo que se ha hecho desde el sector p\u00fablico y privado para que en nuestra regi\u00f3n contemos este a\u00f1o con una planta de pellet que prontamente va a estar una cantidad que garantiza que no tendremos falta de stock\u201d, afirm\u00f3 la gobernadora Andrea Mac\u00edas.<\/p>\n<p style=\"text-align: justify;\">El programa de recambio de calefactores es financiado por el Gobierno Regional y ejecutado por la Seremi de Medio Ambiente, como parte de las medidas contempladas en el Plan de Descontaminaci\u00f3n Atmosf\u00e9rica.<\/p>\n<p style=\"text-align: justify;\">Las postulaciones al programa de Coyhaique, estuvieron abiertas desde el 31 de enero al 18 de marzo de este a\u00f1o. A partir del 1 de abril y hasta el 10 de mayo se realizar\u00e1 la etapa de validaci\u00f3n de datos en terreno por parte de funcionarios y funcionarias de la Seremi del Medio Ambiente y la lista de preseleccionados puede ser revisada en la p\u00e1gina web <a href=\"http:\/\/calefactores.mma.gob.cl\/\">calefactores.mma.gob.cl<\/a><\/p>\n<p style=\"text-align: justify;\">Esta iniciativa permitir\u00e1 que durante el presente a\u00f1o, 1.981 calefactores nuevos sean instalados en hogares de Coyhaique. Adicionalmente, en Cochrane y Ays\u00e9n se instalar\u00e1n 220 nuevos calefactores a pellet y aire acondicionado.<\/p>\n<p style=\"text-align: justify;\">Esto implica retirar m\u00e1s de 2.200 estufas a le\u00f1a en las tres ciudades, disminuyendo la contaminaci\u00f3n atmosf\u00e9rica en nuestra regi\u00f3n. Hoy, la medida registra un 61% de avance, lo que se suma a otras l\u00edneas de acci\u00f3n, como el programa de mejoramiento t\u00e9rmico de viviendas, que ha beneficiado a 5.500 hogares de la zona saturada de Coyhaique en el marco del Plan de Descontaminaci\u00f3n Atmosf\u00e9rica.<\/p>\n<\/div><\/section><\/div><\/p>\n<div  style='height:50px' class='hr hr-invisible   avia-builder-el-6  el_after_av_one_full  el_before_av_social_share '><span class='hr-inner ' ><span class='hr-inner-style'><\/span><\/span><\/div>\n<div  class='av-social-sharing-box  avia-builder-el-7  el_after_av_hr  el_before_av_hr  '><div class='av-share-box'><h5 class='av-share-link-description av-no-toc '>Compartir esta noticia<\/h5><ul class='av-share-box-list noLightbox'><li class='av-share-link av-social-link-facebook' ><a target=\"_blank\" aria-label=\"Compartir en Facebook\" href='https:\/\/www.facebook.com\/sharer.php?u=https:\/\/radiorevelacionfm.cl\/?p=40900&#038;t=Verifican%20en%20terreno%20proceso%20de%20postulaci%C3%B3n%20al%20programa%20de%20recambio%20de%20calefactores' aria-hidden='false' data-av_icon='\ue8f3' data-av_iconfont='entypo-fontello' title='' data-avia-related-tooltip='Compartir en Facebook' rel=\"noopener\"><span class='avia_hidden_link_text'>Compartir en Facebook<\/span><\/a><\/li><li class='av-share-link av-social-link-twitter' ><a target=\"_blank\" aria-label=\"Compartir en Twitter\" href='https:\/\/twitter.com\/share?text=Verifican%20en%20terreno%20proceso%20de%20postulaci%C3%B3n%20al%20programa%20de%20recambio%20de%20calefactores&#038;url=https:\/\/radiorevelacionfm.cl\/?p=40900' aria-hidden='false' data-av_icon='\ue8f1' data-av_iconfont='entypo-fontello' title='' data-avia-related-tooltip='Compartir en Twitter' rel=\"noopener\"><span class='avia_hidden_link_text'>Compartir en Twitter<\/span><\/a><\/li><li class='av-share-link av-social-link-whatsapp' ><a target=\"_blank\" aria-label=\"Compartir en Whatsapp\" href='https:\/\/api.whatsapp.com\/send?text=https:\/\/radiorevelacionfm.cl\/?p=40900' aria-hidden='false' data-av_icon='\uf232' data-av_iconfont='entypo-fontello' title='' data-avia-related-tooltip='Compartir en Whatsapp' rel=\"noopener\"><span class='avia_hidden_link_text'>Compartir en Whatsapp<\/span><\/a><\/li><li class='av-share-link av-social-link-linkedin' ><a target=\"_blank\" aria-label=\"Compartir en LinkedIn\" href='https:\/\/linkedin.com\/shareArticle?mini=true&#038;title=Verifican%20en%20terreno%20proceso%20de%20postulaci%C3%B3n%20al%20programa%20de%20recambio%20de%20calefactores&#038;url=https:\/\/radiorevelacionfm.cl\/?p=40900' aria-hidden='false' data-av_icon='\ue8fc' data-av_iconfont='entypo-fontello' title='' data-avia-related-tooltip='Compartir en LinkedIn' rel=\"noopener\"><span class='avia_hidden_link_text'>Compartir en LinkedIn<\/span><\/a><\/li><li class='av-share-link av-social-link-mail' ><a  aria-label=\"Compartir por correo\" href='mailto:?subject=Verifican%20en%20terreno%20proceso%20de%20postulaci%C3%B3n%20al%20programa%20de%20recambio%20de%20calefactores&#038;body=https:\/\/radiorevelacionfm.cl\/?p=40900' aria-hidden='false' data-av_icon='\ue805' data-av_iconfont='entypo-fontello' title='' data-avia-related-tooltip='Compartir por correo'><span class='avia_hidden_link_text'>Compartir por correo<\/span><\/a><\/li><\/ul><\/div><\/div>\n<div  style='height:50px' class='hr hr-invisible   avia-builder-el-8  el_after_av_social_share  el_before_av_comments_list '><span class='hr-inner ' ><span class='hr-inner-style'><\/span><\/span><\/div>\n<div  class='av-buildercomment  av-blog-meta-html-info-disabled av-blog-meta-tag-disabled  '><\/div>\n","protected":false},"excerpt":{"rendered":"","protected":false},"author":1,"featured_media":40901,"comment_status":"open","ping_status":"open","sticky":false,"template":"","format":"standard","meta":{"footnotes":""},"categories":[39],"tags":[],"class_list":["post-40900","post","type-post","status-publish","format-standard","has-post-thumbnail","hentry","category-medio-ambiente"],"jetpack_featured_media_url":"https:\/\/radiorevelacionfm.cl\/wp-content\/uploads\/2024\/04\/fiscalizacion_recambio-1_optimized.jpg","_links":{"self":[{"href":"https:\/\/radiorevelacionfm.cl\/index.php?rest_route=\/wp\/v2\/posts\/40900","targetHints":{"allow":["GET"]}}],"collection":[{"href":"https:\/\/radiorevelacionfm.cl\/index.php?rest_route=\/wp\/v2\/posts"}],"about":[{"href":"https:\/\/radiorevelacionfm.cl\/index.php?rest_route=\/wp\/v2\/types\/post"}],"author":[{"embeddable":true,"href":"https:\/\/radiorevelacionfm.cl\/index.php?rest_route=\/wp\/v2\/users\/1"}],"replies":[{"embeddable":true,"href":"https:\/\/radiorevelacionfm.cl\/index.php?rest_route=%2Fwp%2Fv2%2Fcomments&post=40900"}],"version-history":[{"count":2,"href":"https:\/\/radiorevelacionfm.cl\/index.php?rest_route=\/wp\/v2\/posts\/40900\/revisions"}],"predecessor-version":[{"id":40906,"href":"https:\/\/radiorevelacionfm.cl\/index.php?rest_route=\/wp\/v2\/posts\/40900\/revisions\/40906"}],"wp:featuredmedia":[{"embeddable":true,"href":"https:\/\/radiorevelacionfm.cl\/index.php?rest_route=\/wp\/v2\/media\/40901"}],"wp:attachment":[{"href":"https:\/\/radiorevelacionfm.cl\/index.php?rest_route=%2Fwp%2Fv2%2Fmedia&parent=40900"}],"wp:term":[{"taxonomy":"category","embeddable":true,"href":"https:\/\/radiorevelacionfm.cl\/index.php?rest_route=%2Fwp%2Fv2%2Fcategories&post=40900"},{"taxonomy":"post_tag","embeddable":true,"href":"https:\/\/radiorevelacionfm.cl\/index.php?rest_route=%2Fwp%2Fv2%2Ftags&post=40900"}],"curies":[{"name":"wp","href":"https:\/\/api.w.org\/{rel}","templated":true}]}}