{"id":40897,"date":"2024-04-02T09:49:39","date_gmt":"2024-04-02T12:49:39","guid":{"rendered":"https:\/\/radiorevelacionfm.cl\/?p=40897"},"modified":"2024-04-02T09:49:39","modified_gmt":"2024-04-02T12:49:39","slug":"servicio-de-salud-aysen-y-centro-de-rehabilitacion-del-club-de-leones-firman-convenio-de-colaboracion","status":"publish","type":"post","link":"https:\/\/radiorevelacionfm.cl\/?p=40897","title":{"rendered":"Servicio de Salud Ays\u00e9n y Centro de Rehabilitaci\u00f3n del Club de Leones firman convenio de colaboraci\u00f3n"},"content":{"rendered":"<div class=\"flex_column av_one_full  flex_column_div av-zero-column-padding first  avia-builder-el-0  el_before_av_one_full  avia-builder-el-first  \" style='border-radius:0px; '><p><div  class='avia-image-container  av-styling-    avia-builder-el-1  el_before_av_image  avia-builder-el-first  avia-align-center '  itemprop=\"image\" itemscope=\"itemscope\" itemtype=\"https:\/\/schema.org\/ImageObject\"  ><div class='avia-image-container-inner'><div class='avia-image-overlay-wrap'><img decoding=\"async\" class='wp-image-40898 avia-img-lazy-loading-not-40898 avia_image' src=\"https:\/\/radiorevelacionfm.cl\/wp-content\/uploads\/2024\/04\/club-leones-3-1_optimized.jpg\" alt='' title='club-leones-3-(1)_optimized' height=\"600\" width=\"878\"  itemprop=\"thumbnailUrl\" srcset=\"https:\/\/radiorevelacionfm.cl\/wp-content\/uploads\/2024\/04\/club-leones-3-1_optimized.jpg 878w, https:\/\/radiorevelacionfm.cl\/wp-content\/uploads\/2024\/04\/club-leones-3-1_optimized-300x205.jpg 300w, https:\/\/radiorevelacionfm.cl\/wp-content\/uploads\/2024\/04\/club-leones-3-1_optimized-768x525.jpg 768w, https:\/\/radiorevelacionfm.cl\/wp-content\/uploads\/2024\/04\/club-leones-3-1_optimized-705x482.jpg 705w, https:\/\/radiorevelacionfm.cl\/wp-content\/uploads\/2024\/04\/club-leones-3-1_optimized-450x308.jpg 450w, https:\/\/radiorevelacionfm.cl\/wp-content\/uploads\/2024\/04\/club-leones-3-1_optimized-600x410.jpg 600w\" sizes=\"(max-width: 878px) 100vw, 878px\" \/><\/div><\/div><\/div><br \/>\n<div  class='avia-image-container  av-styling-    avia-builder-el-2  el_after_av_image  avia-builder-el-last  avia-align-center '  itemprop=\"image\" itemscope=\"itemscope\" itemtype=\"https:\/\/schema.org\/ImageObject\"  ><div class='avia-image-container-inner'><div class='avia-image-overlay-wrap'><img decoding=\"async\" class='wp-image-0 avia-img-lazy-loading-not-0 avia_image' src=\"http:\/\/radiorevelacionfm.cl\/wp-content\/uploads\/2020\/12\/7ee21_th2.jpg\" alt='' title=''   itemprop=\"thumbnailUrl\"  \/><\/div><\/div><\/div><\/p><\/div><div class=\"flex_column av_one_full  flex_column_div av-zero-column-padding first  avia-builder-el-3  el_after_av_one_full  el_before_av_one_full  column-top-margin\" style='border-radius:0px; '><section class=\"av_textblock_section \"  itemscope=\"itemscope\" itemtype=\"https:\/\/schema.org\/BlogPosting\" itemprop=\"blogPost\" ><div class='avia_textblock  '   itemprop=\"text\" ><p style=\"text-align: center;\"><span style=\"font-size: 18pt;\"><b>Servicio de Salud Ays\u00e9n y Centro de Rehabilitaci\u00f3n del Club de Leones firman convenio de colaboraci\u00f3n<\/b><\/span><\/p>\n<div id=\"gtx-trans\" style=\"position: absolute; left: -50px; top: 4.31534px;\">\n<div class=\"gtx-trans-icon\"><\/div>\n<\/div>\n<\/div><\/section><\/div><div class=\"flex_column av_one_full  flex_column_div av-zero-column-padding first  avia-builder-el-5  el_after_av_one_full  el_before_av_hr  column-top-margin\" style='border-radius:0px; '><section class=\"av_textblock_section \"  itemscope=\"itemscope\" itemtype=\"https:\/\/schema.org\/BlogPosting\" itemprop=\"blogPost\" ><div class='avia_textblock  '   itemprop=\"text\" ><p style=\"font-weight: 400; text-align: justify;\">Un importante convenio firm\u00f3 el Club de Leones de Coyhaique y el Servicio de Salud Ays\u00e9n, en colaboraci\u00f3n transversal con autoridades de todos los sectores pol\u00edticos, con el fin de fortalecer el trabajo que cumple el Centro de Rehabilitaci\u00f3n Integral de esta instituci\u00f3n.<\/p>\n<p style=\"font-weight: 400; text-align: justify;\">\u201cLa firma de este convenio tiene mucha importancia, porque logramos aunar los criterios de distintos actores pol\u00edticos lo cual es muy importante, porque estamos todos remando hacia el mismo lado en la salud de nuestros pacientes. Estos recursos nos ayudan a suplementar las falencias que tenemos en atenci\u00f3n y nos permite descentralizar las atenciones en Coyhaique\u201d, indic\u00f3 Hans Beisegel, director del Centro Rehabilita de Coyhaique.<\/p>\n<p style=\"font-weight: 400; text-align: justify;\">La acci\u00f3n en la que participaron diversas autoridades es un fuerte impulso al trabajo que despliega el Club de Leones en la regi\u00f3n de Ays\u00e9n y una muestra que el trabajo mancomunado permite mejorar las condiciones de las personas. \u201cEl financiamiento se ha logrado aumentar, pero eso no es suficiente tenemos que seguir avanzando y ac\u00e1 no hay colores pol\u00edticos, estamos trabajando todos en la misma l\u00ednea y en el mes de mayo el Club de Leones va a necesitar el apoyo de todos y todas para seguir brindando este apoyo desde el Gobierno\u201d, declar\u00f3 Rodrigo Araya, delegado presidencial regional.<\/p>\n<p style=\"font-weight: 400; text-align: justify;\">El Club de Leones de Coyhaique naci\u00f3 hace 72 a\u00f1os, mientras que el centro de rehabilitaci\u00f3n cumpli\u00f3 21 a\u00f1os al servicio de los pacientes de Ays\u00e9n. Actualmente atienden psic\u00f3logos, kinesi\u00f3logos, fonoaudi\u00f3logos, terapeuta ocupacional, asistentes sociales y pr\u00f3ximamente se sumar\u00eda atenci\u00f3n m\u00e9dica, en parte gracias a estos nuevos recursos.<\/p>\n<p style=\"font-weight: 400; text-align: justify;\">El senador David Sandoval, junto con felicitar a la instituci\u00f3n que atiende a ni\u00f1os, ni\u00f1as y j\u00f3venes, agreg\u00f3 que \u201cac\u00e1 hay una articulaci\u00f3n pol\u00edtica y aqu\u00ed hay una acci\u00f3n concreta y que no tiene que ver con posiciones pol\u00edticas, sino con buena pol\u00edtica para la gente de la regi\u00f3n de Ays\u00e9n y nos conjugamos, como en muchas cosas, con la senadora \u00d3rdenes y nos articulamos para apoyar al Club de Leones\u201d.<\/p>\n<p style=\"font-weight: 400; text-align: justify;\">Claudio Rojas, cuyo hijo es usuario del Centro de Rehabilitaci\u00f3n, agradeci\u00f3 tambi\u00e9n la posibilidad de contar con un espacio para la atenci\u00f3n de su hijo y celebr\u00f3 que el Centro cuente con m\u00e1s recursos para extender su labor, la que se ampl\u00eda desde este a\u00f1o a otros sectores de la regi\u00f3n.<\/p>\n<p style=\"font-weight: 400; text-align: justify;\">Mientras la senadora Ximena \u00d3rdenes precis\u00f3 por su parte que \u201cnos comprometimos como senadores a gestionar lo que estuviera a nuestro alcance para garantizar m\u00e1s all\u00e1 de un aumento de presupuesto al centro Rehabilita en la regi\u00f3n de Ays\u00e9n, era el compromiso de fortalecer el rol que tiene en la regi\u00f3n para muchos usuarios, pacientes que saben el trabajo que se realiza y tenemos el sue\u00f1o de extender esto m\u00e1s all\u00e1 de la capital regional y es un complemento y un apoyo al trabajo que se realiza en la Red Asistencial\u201d.<\/p>\n<p style=\"font-weight: 400; text-align: justify;\">El Servicio de Salud se compromete a ser un aliado estrat\u00e9gico del Centro Rehabilita. Por eso su director Juan Pablo Bravo, junto con agradecer a las autoridades, resalt\u00f3 que \u201ceste convenio viene a suplementar el presupuesto del Club de Leones y las atenciones para hacer m\u00e1s eficiente y efectivo llegar a m\u00e1s personas en rehabilitaci\u00f3n dentro de la regi\u00f3n\u201d, concluy\u00f3.<\/p>\n<p style=\"font-weight: 400; text-align: justify;\">El Centro de Rehabilitaci\u00f3n del Club de Leones presta un importante apoyo a ni\u00f1os, ni\u00f1as y j\u00f3venes en situaci\u00f3n de discapacidad, quienes son trasladados en el propio bus institucional, si el caso as\u00ed lo requiere.<\/p>\n<\/div><\/section><\/div><div  style='height:50px' class='hr hr-invisible   avia-builder-el-7  el_after_av_one_full  el_before_av_social_share '><span class='hr-inner ' ><span class='hr-inner-style'><\/span><\/span><\/div><\/p>\n<div  class='av-social-sharing-box  avia-builder-el-8  el_after_av_hr  el_before_av_hr  '><div class='av-share-box'><h5 class='av-share-link-description av-no-toc '>Compartir esta noticia<\/h5><ul class='av-share-box-list noLightbox'><li class='av-share-link av-social-link-facebook' ><a target=\"_blank\" aria-label=\"Compartir en Facebook\" href='https:\/\/www.facebook.com\/sharer.php?u=https:\/\/radiorevelacionfm.cl\/?p=40897&#038;t=Servicio%20de%20Salud%20Ays%C3%A9n%20y%20Centro%20de%20Rehabilitaci%C3%B3n%20del%20Club%20de%20Leones%20firman%20convenio%20de%20colaboraci%C3%B3n' aria-hidden='false' data-av_icon='\ue8f3' data-av_iconfont='entypo-fontello' title='' data-avia-related-tooltip='Compartir en Facebook' rel=\"noopener\"><span class='avia_hidden_link_text'>Compartir en Facebook<\/span><\/a><\/li><li class='av-share-link av-social-link-twitter' ><a target=\"_blank\" aria-label=\"Compartir en Twitter\" href='https:\/\/twitter.com\/share?text=Servicio%20de%20Salud%20Ays%C3%A9n%20y%20Centro%20de%20Rehabilitaci%C3%B3n%20del%20Club%20de%20Leones%20firman%20convenio%20de%20colaboraci%C3%B3n&#038;url=https:\/\/radiorevelacionfm.cl\/?p=40897' aria-hidden='false' data-av_icon='\ue8f1' data-av_iconfont='entypo-fontello' title='' data-avia-related-tooltip='Compartir en Twitter' rel=\"noopener\"><span class='avia_hidden_link_text'>Compartir en Twitter<\/span><\/a><\/li><li class='av-share-link av-social-link-whatsapp' ><a target=\"_blank\" aria-label=\"Compartir en Whatsapp\" href='https:\/\/api.whatsapp.com\/send?text=https:\/\/radiorevelacionfm.cl\/?p=40897' aria-hidden='false' data-av_icon='\uf232' data-av_iconfont='entypo-fontello' title='' data-avia-related-tooltip='Compartir en Whatsapp' rel=\"noopener\"><span class='avia_hidden_link_text'>Compartir en Whatsapp<\/span><\/a><\/li><li class='av-share-link av-social-link-linkedin' ><a target=\"_blank\" aria-label=\"Compartir en LinkedIn\" href='https:\/\/linkedin.com\/shareArticle?mini=true&#038;title=Servicio%20de%20Salud%20Ays%C3%A9n%20y%20Centro%20de%20Rehabilitaci%C3%B3n%20del%20Club%20de%20Leones%20firman%20convenio%20de%20colaboraci%C3%B3n&#038;url=https:\/\/radiorevelacionfm.cl\/?p=40897' aria-hidden='false' data-av_icon='\ue8fc' data-av_iconfont='entypo-fontello' title='' data-avia-related-tooltip='Compartir en LinkedIn' rel=\"noopener\"><span class='avia_hidden_link_text'>Compartir en LinkedIn<\/span><\/a><\/li><li class='av-share-link av-social-link-mail' ><a  aria-label=\"Compartir por correo\" href='mailto:?subject=Servicio%20de%20Salud%20Ays%C3%A9n%20y%20Centro%20de%20Rehabilitaci%C3%B3n%20del%20Club%20de%20Leones%20firman%20convenio%20de%20colaboraci%C3%B3n&#038;body=https:\/\/radiorevelacionfm.cl\/?p=40897' aria-hidden='false' data-av_icon='\ue805' data-av_iconfont='entypo-fontello' title='' data-avia-related-tooltip='Compartir por correo'><span class='avia_hidden_link_text'>Compartir por correo<\/span><\/a><\/li><\/ul><\/div><\/div>\n<div  style='height:50px' class='hr hr-invisible   avia-builder-el-9  el_after_av_social_share  el_before_av_comments_list '><span class='hr-inner ' ><span class='hr-inner-style'><\/span><\/span><\/div>\n<div  class='av-buildercomment  av-blog-meta-html-info-disabled av-blog-meta-tag-disabled  '><\/div>\n","protected":false},"excerpt":{"rendered":"","protected":false},"author":1,"featured_media":40898,"comment_status":"open","ping_status":"open","sticky":false,"template":"","format":"standard","meta":{"footnotes":""},"categories":[46],"tags":[],"class_list":["post-40897","post","type-post","status-publish","format-standard","has-post-thumbnail","hentry","category-salud"],"jetpack_featured_media_url":"https:\/\/radiorevelacionfm.cl\/wp-content\/uploads\/2024\/04\/club-leones-3-1_optimized.jpg","_links":{"self":[{"href":"https:\/\/radiorevelacionfm.cl\/index.php?rest_route=\/wp\/v2\/posts\/40897","targetHints":{"allow":["GET"]}}],"collection":[{"href":"https:\/\/radiorevelacionfm.cl\/index.php?rest_route=\/wp\/v2\/posts"}],"about":[{"href":"https:\/\/radiorevelacionfm.cl\/index.php?rest_route=\/wp\/v2\/types\/post"}],"author":[{"embeddable":true,"href":"https:\/\/radiorevelacionfm.cl\/index.php?rest_route=\/wp\/v2\/users\/1"}],"replies":[{"embeddable":true,"href":"https:\/\/radiorevelacionfm.cl\/index.php?rest_route=%2Fwp%2Fv2%2Fcomments&post=40897"}],"version-history":[{"count":1,"href":"https:\/\/radiorevelacionfm.cl\/index.php?rest_route=\/wp\/v2\/posts\/40897\/revisions"}],"predecessor-version":[{"id":40899,"href":"https:\/\/radiorevelacionfm.cl\/index.php?rest_route=\/wp\/v2\/posts\/40897\/revisions\/40899"}],"wp:featuredmedia":[{"embeddable":true,"href":"https:\/\/radiorevelacionfm.cl\/index.php?rest_route=\/wp\/v2\/media\/40898"}],"wp:attachment":[{"href":"https:\/\/radiorevelacionfm.cl\/index.php?rest_route=%2Fwp%2Fv2%2Fmedia&parent=40897"}],"wp:term":[{"taxonomy":"category","embeddable":true,"href":"https:\/\/radiorevelacionfm.cl\/index.php?rest_route=%2Fwp%2Fv2%2Fcategories&post=40897"},{"taxonomy":"post_tag","embeddable":true,"href":"https:\/\/radiorevelacionfm.cl\/index.php?rest_route=%2Fwp%2Fv2%2Ftags&post=40897"}],"curies":[{"name":"wp","href":"https:\/\/api.w.org\/{rel}","templated":true}]}}