{"id":40894,"date":"2024-04-01T19:44:16","date_gmt":"2024-04-01T22:44:16","guid":{"rendered":"https:\/\/radiorevelacionfm.cl\/?p=40894"},"modified":"2024-04-01T19:44:16","modified_gmt":"2024-04-01T22:44:16","slug":"mas-de-180-cupos-para-emprender-abre-el-fosis-para-la-region-de-aysen","status":"publish","type":"post","link":"https:\/\/radiorevelacionfm.cl\/?p=40894","title":{"rendered":"M\u00e1s de 180 cupos para emprender abre el FOSIS para la regi\u00f3n de Ays\u00e9n"},"content":{"rendered":"<div class=\"flex_column av_one_full  flex_column_div av-zero-column-padding first  avia-builder-el-0  el_before_av_one_full  avia-builder-el-first  \" style='border-radius:0px; '><div  class='avia-image-container  av-styling-    avia-builder-el-1  avia-builder-el-no-sibling  avia-align-center '  itemprop=\"image\" itemscope=\"itemscope\" itemtype=\"https:\/\/schema.org\/ImageObject\"  ><div class='avia-image-container-inner'><div class='avia-image-overlay-wrap'><img decoding=\"async\" class='wp-image-40895 avia-img-lazy-loading-not-40895 avia_image' src=\"https:\/\/radiorevelacionfm.cl\/wp-content\/uploads\/2024\/04\/1-Postulaciones-FOSIS-2024-1-1.jpeg\" alt='' title='1 Postulaciones FOSIS 2024 (1) (1)' height=\"600\" width=\"1067\"  itemprop=\"thumbnailUrl\" srcset=\"https:\/\/radiorevelacionfm.cl\/wp-content\/uploads\/2024\/04\/1-Postulaciones-FOSIS-2024-1-1.jpeg 1067w, https:\/\/radiorevelacionfm.cl\/wp-content\/uploads\/2024\/04\/1-Postulaciones-FOSIS-2024-1-1-300x169.jpeg 300w, https:\/\/radiorevelacionfm.cl\/wp-content\/uploads\/2024\/04\/1-Postulaciones-FOSIS-2024-1-1-1030x579.jpeg 1030w, https:\/\/radiorevelacionfm.cl\/wp-content\/uploads\/2024\/04\/1-Postulaciones-FOSIS-2024-1-1-768x432.jpeg 768w, https:\/\/radiorevelacionfm.cl\/wp-content\/uploads\/2024\/04\/1-Postulaciones-FOSIS-2024-1-1-705x396.jpeg 705w, https:\/\/radiorevelacionfm.cl\/wp-content\/uploads\/2024\/04\/1-Postulaciones-FOSIS-2024-1-1-450x253.jpeg 450w, https:\/\/radiorevelacionfm.cl\/wp-content\/uploads\/2024\/04\/1-Postulaciones-FOSIS-2024-1-1-600x337.jpeg 600w\" sizes=\"(max-width: 1067px) 100vw, 1067px\" \/><\/div><\/div><\/div><\/div><div class=\"flex_column av_one_full  flex_column_div av-zero-column-padding first  avia-builder-el-2  el_after_av_one_full  el_before_av_one_full  column-top-margin\" style='border-radius:0px; '><section class=\"av_textblock_section \"  itemscope=\"itemscope\" itemtype=\"https:\/\/schema.org\/BlogPosting\" itemprop=\"blogPost\" ><div class='avia_textblock  '   itemprop=\"text\" ><p style=\"text-align: center;\"><span style=\"font-size: 18pt;\"><strong>M\u00e1s de 180 cupos para emprender abre el FOSIS para la regi\u00f3n de Ays\u00e9n<\/strong><\/span><\/p>\n<div id=\"gtx-trans\" style=\"position: absolute; left: -50px; top: 4.31534px;\">\n<div class=\"gtx-trans-icon\"><\/div>\n<\/div>\n<\/div><\/section><\/div><div class=\"flex_column av_one_full  flex_column_div av-zero-column-padding first  avia-builder-el-4  el_after_av_one_full  el_before_av_hr  column-top-margin\" style='border-radius:0px; '><section class=\"av_textblock_section \"  itemscope=\"itemscope\" itemtype=\"https:\/\/schema.org\/BlogPosting\" itemprop=\"blogPost\" ><div class='avia_textblock  '   itemprop=\"text\" ><p style=\"text-align: justify;\"><em>Se puede postular en <\/em><a href=\"http:\/\/www.fosis.gob.cl\"><em>fosis.gob.cl<\/em><\/a><em> hasta el 10 de abril.<\/em><\/p>\n<p style=\"text-align: justify;\">Hasta el Patio Condell lleg\u00f3 el Delegado Presidencial Regional, Rodrigo Araya Morales; la Seremi de Desarrollo Social y Familia, Karina Acevedo Auad y la Directora Regional del FOSIS, Fernanda Leiva Mu\u00f1oz, para compartir en una muestra de artesan\u00eda con emprendedoras de la agrupaci\u00f3n Chen Yen\u00fa Koy y dar inicio al lanzamiento de un nuevo proceso de postulaciones a los programas de emprendimiento 2024 del Fondo de Solidaridad e Inversi\u00f3n Social, FOSIS.<\/p>\n<p style=\"text-align: justify;\">Este a\u00f1o, el FOSIS abri\u00f3 m\u00e1s de 180 cupos para emprender en la regi\u00f3n de Ays\u00e9n, con una inversi\u00f3n de m\u00e1s de $230 millones. Las postulaciones contemplan capacitaci\u00f3n, acompa\u00f1amiento y entrega de un capital de entre $400 mil y $750 y est\u00e1n disponibles en <a href=\"http:\/\/www.fosis.gob.cl\">www.fosis.gob.cl<\/a>.<\/p>\n<p style=\"text-align: justify;\">El lanzamiento de las postulaciones se dio a conocer con una muestra de artesan\u00eda de la agrupaci\u00f3n Chen Yen\u00fa Koy de Coyhaique, donde participaron 4 emprendedoras que expusieron parte de sus trabajos en lana, tela, confecci\u00f3n, madera y plantas.<\/p>\n<p style=\"text-align: justify;\">El Delegado Presidencial Regional, Rodrigo Araya Morales, destac\u00f3 que \u201cel esp\u00edritu que nuestro Presidente y nuestro Gobierno quiere instalar es el de la reactivaci\u00f3n econ\u00f3mica, que es tan necesaria en nuestro pa\u00eds. Se necesita que todos los instrumentos del estado tengan una buena ejecuci\u00f3n y que les sirvan a las personas emprendedoras. Estos programas del FOSIS, que hoy estamos lanzando, son para distintos niveles, desde una idea de negocio, hasta personas que quieren mejorar su emprendimiento. Esto tiene recursos para financiar materiales, herramientas e insumos, pero tambi\u00e9n tiene asesor\u00eda y capacitaci\u00f3n\u201d.<\/p>\n<p style=\"text-align: justify;\">Claudia Mu\u00f1oz Lincoman, Presidenta de la agrupaci\u00f3n Chen Yen\u00fa Koy y artesana de Coyhaique, convoc\u00f3 a aprovechar esta oportunidad. \u201cPostulen a FOSIS de forma individual, no tengan miedo, siempre lo he dicho, van a poder salir adelante y surgir, as\u00ed como nosotras lo hemos hecho con nuestras compa\u00f1eras. Somos un grupo de 32 personas as\u00ed que los invitamos a todos a participar y postular a los programas del FOSIS, donde se les va a ayudar a salir adelante, sacar sus herramientas y todo lo que tenga que ver con las actividades que est\u00e9n desarrollando\u00bb.<\/p>\n<p style=\"text-align: justify;\">La Directora Regional del FOSIS, Fernanda Leiva Mu\u00f1oz, hizo un llamado a postular. \u201cInvitamos a todos los emprendedores y emprendedoras de la regi\u00f3n a postular los programas de la oferta regular del FOSIS. Iniciamos el 27 de marzo y estar\u00e1 abierta hasta el 10 de abril. Este a\u00f1o tenemos m\u00e1s de 180 cupos en la regi\u00f3n con una inversi\u00f3n mayor a los 230 millones de pesos. Las postulaciones se pueden hacer de manera virtual en la web del FOSIS y presencial en los Municipios con los cuales tenemos convenio para apoyar este proceso, la Delegaci\u00f3n Presidencial Provincial de General Carrera, en nuestra Oficina Provincial en la Delegaci\u00f3n Presidencial Provincial de Ays\u00e9n y en nuestra Direcci\u00f3n Regional, ubicada en calle Sim\u00f3n Bolivar 367 en Coyhaique\u201d.<\/p>\n<p style=\"text-align: justify;\">Las postulaciones est\u00e1n abiertas hasta el 10 de abril y los requisitos b\u00e1sicos para postular son ser mayor de 18 a\u00f1os, tener c\u00e9dula de identidad vigente, tener Clave \u00danica y estar dentro del 60% m\u00e1s vulnerable, seg\u00fan en el Registro Social de Hogares (RSH).<\/p>\n<\/div><\/section><\/div><div  style='height:50px' class='hr hr-invisible   avia-builder-el-6  el_after_av_one_full  el_before_av_social_share '><span class='hr-inner ' ><span class='hr-inner-style'><\/span><\/span><\/div><\/p>\n<div  class='av-social-sharing-box  avia-builder-el-7  el_after_av_hr  el_before_av_hr  '><div class='av-share-box'><h5 class='av-share-link-description av-no-toc '>Compartir esta noticia<\/h5><ul class='av-share-box-list noLightbox'><li class='av-share-link av-social-link-facebook' ><a target=\"_blank\" aria-label=\"Compartir en Facebook\" href='https:\/\/www.facebook.com\/sharer.php?u=https:\/\/radiorevelacionfm.cl\/?p=40894&#038;t=M%C3%A1s%20de%20180%20cupos%20para%20emprender%20abre%20el%20FOSIS%20para%20la%20regi%C3%B3n%20de%20Ays%C3%A9n' aria-hidden='false' data-av_icon='\ue8f3' data-av_iconfont='entypo-fontello' title='' data-avia-related-tooltip='Compartir en Facebook' rel=\"noopener\"><span class='avia_hidden_link_text'>Compartir en Facebook<\/span><\/a><\/li><li class='av-share-link av-social-link-twitter' ><a target=\"_blank\" aria-label=\"Compartir en Twitter\" href='https:\/\/twitter.com\/share?text=M%C3%A1s%20de%20180%20cupos%20para%20emprender%20abre%20el%20FOSIS%20para%20la%20regi%C3%B3n%20de%20Ays%C3%A9n&#038;url=https:\/\/radiorevelacionfm.cl\/?p=40894' aria-hidden='false' data-av_icon='\ue8f1' data-av_iconfont='entypo-fontello' title='' data-avia-related-tooltip='Compartir en Twitter' rel=\"noopener\"><span class='avia_hidden_link_text'>Compartir en Twitter<\/span><\/a><\/li><li class='av-share-link av-social-link-whatsapp' ><a target=\"_blank\" aria-label=\"Compartir en Whatsapp\" href='https:\/\/api.whatsapp.com\/send?text=https:\/\/radiorevelacionfm.cl\/?p=40894' aria-hidden='false' data-av_icon='\uf232' data-av_iconfont='entypo-fontello' title='' data-avia-related-tooltip='Compartir en Whatsapp' rel=\"noopener\"><span class='avia_hidden_link_text'>Compartir en Whatsapp<\/span><\/a><\/li><li class='av-share-link av-social-link-linkedin' ><a target=\"_blank\" aria-label=\"Compartir en LinkedIn\" href='https:\/\/linkedin.com\/shareArticle?mini=true&#038;title=M%C3%A1s%20de%20180%20cupos%20para%20emprender%20abre%20el%20FOSIS%20para%20la%20regi%C3%B3n%20de%20Ays%C3%A9n&#038;url=https:\/\/radiorevelacionfm.cl\/?p=40894' aria-hidden='false' data-av_icon='\ue8fc' data-av_iconfont='entypo-fontello' title='' data-avia-related-tooltip='Compartir en LinkedIn' rel=\"noopener\"><span class='avia_hidden_link_text'>Compartir en LinkedIn<\/span><\/a><\/li><li class='av-share-link av-social-link-mail' ><a  aria-label=\"Compartir por correo\" href='mailto:?subject=M%C3%A1s%20de%20180%20cupos%20para%20emprender%20abre%20el%20FOSIS%20para%20la%20regi%C3%B3n%20de%20Ays%C3%A9n&#038;body=https:\/\/radiorevelacionfm.cl\/?p=40894' aria-hidden='false' data-av_icon='\ue805' data-av_iconfont='entypo-fontello' title='' data-avia-related-tooltip='Compartir por correo'><span class='avia_hidden_link_text'>Compartir por correo<\/span><\/a><\/li><\/ul><\/div><\/div>\n<div  style='height:50px' class='hr hr-invisible   avia-builder-el-8  el_after_av_social_share  el_before_av_comments_list '><span class='hr-inner ' ><span class='hr-inner-style'><\/span><\/span><\/div>\n<div  class='av-buildercomment  av-blog-meta-html-info-disabled av-blog-meta-tag-disabled  '><\/div>\n","protected":false},"excerpt":{"rendered":"","protected":false},"author":1,"featured_media":40895,"comment_status":"open","ping_status":"open","sticky":false,"template":"","format":"standard","meta":{"footnotes":""},"categories":[38],"tags":[],"class_list":["post-40894","post","type-post","status-publish","format-standard","has-post-thumbnail","hentry","category-regional"],"jetpack_featured_media_url":"https:\/\/radiorevelacionfm.cl\/wp-content\/uploads\/2024\/04\/1-Postulaciones-FOSIS-2024-1-1.jpeg","_links":{"self":[{"href":"https:\/\/radiorevelacionfm.cl\/index.php?rest_route=\/wp\/v2\/posts\/40894","targetHints":{"allow":["GET"]}}],"collection":[{"href":"https:\/\/radiorevelacionfm.cl\/index.php?rest_route=\/wp\/v2\/posts"}],"about":[{"href":"https:\/\/radiorevelacionfm.cl\/index.php?rest_route=\/wp\/v2\/types\/post"}],"author":[{"embeddable":true,"href":"https:\/\/radiorevelacionfm.cl\/index.php?rest_route=\/wp\/v2\/users\/1"}],"replies":[{"embeddable":true,"href":"https:\/\/radiorevelacionfm.cl\/index.php?rest_route=%2Fwp%2Fv2%2Fcomments&post=40894"}],"version-history":[{"count":1,"href":"https:\/\/radiorevelacionfm.cl\/index.php?rest_route=\/wp\/v2\/posts\/40894\/revisions"}],"predecessor-version":[{"id":40896,"href":"https:\/\/radiorevelacionfm.cl\/index.php?rest_route=\/wp\/v2\/posts\/40894\/revisions\/40896"}],"wp:featuredmedia":[{"embeddable":true,"href":"https:\/\/radiorevelacionfm.cl\/index.php?rest_route=\/wp\/v2\/media\/40895"}],"wp:attachment":[{"href":"https:\/\/radiorevelacionfm.cl\/index.php?rest_route=%2Fwp%2Fv2%2Fmedia&parent=40894"}],"wp:term":[{"taxonomy":"category","embeddable":true,"href":"https:\/\/radiorevelacionfm.cl\/index.php?rest_route=%2Fwp%2Fv2%2Fcategories&post=40894"},{"taxonomy":"post_tag","embeddable":true,"href":"https:\/\/radiorevelacionfm.cl\/index.php?rest_route=%2Fwp%2Fv2%2Ftags&post=40894"}],"curies":[{"name":"wp","href":"https:\/\/api.w.org\/{rel}","templated":true}]}}