{"id":40888,"date":"2024-04-01T18:51:09","date_gmt":"2024-04-01T21:51:09","guid":{"rendered":"https:\/\/radiorevelacionfm.cl\/?p=40888"},"modified":"2024-04-01T18:51:09","modified_gmt":"2024-04-01T21:51:09","slug":"condenan-a-20-anos-de-presidio-a-autor-de-abuso-sexual-y-violacion-impropia","status":"publish","type":"post","link":"https:\/\/radiorevelacionfm.cl\/?p=40888","title":{"rendered":"Condenan a 20 a\u00f1os de presidio a autor de abuso sexual y violaci\u00f3n impropia"},"content":{"rendered":"<div class=\"flex_column av_one_full  flex_column_div av-zero-column-padding first  avia-builder-el-0  el_before_av_one_full  avia-builder-el-first  \" style='border-radius:0px; '><div  class='avia-image-container  av-styling-    avia-builder-el-1  avia-builder-el-no-sibling  avia-align-center '  itemprop=\"image\" itemscope=\"itemscope\" itemtype=\"https:\/\/schema.org\/ImageObject\"  ><div class='avia-image-container-inner'><div class='avia-image-overlay-wrap'><img decoding=\"async\" class='wp-image-40889 avia-img-lazy-loading-not-40889 avia_image' src=\"https:\/\/radiorevelacionfm.cl\/wp-content\/uploads\/2024\/04\/foto-1-top-sentencia-1_optimized.jpg\" alt='' title='foto-1-top-sentencia-(1)_optimized' height=\"600\" width=\"1456\"  itemprop=\"thumbnailUrl\" srcset=\"https:\/\/radiorevelacionfm.cl\/wp-content\/uploads\/2024\/04\/foto-1-top-sentencia-1_optimized.jpg 1456w, https:\/\/radiorevelacionfm.cl\/wp-content\/uploads\/2024\/04\/foto-1-top-sentencia-1_optimized-300x124.jpg 300w, https:\/\/radiorevelacionfm.cl\/wp-content\/uploads\/2024\/04\/foto-1-top-sentencia-1_optimized-1030x424.jpg 1030w, https:\/\/radiorevelacionfm.cl\/wp-content\/uploads\/2024\/04\/foto-1-top-sentencia-1_optimized-768x316.jpg 768w, https:\/\/radiorevelacionfm.cl\/wp-content\/uploads\/2024\/04\/foto-1-top-sentencia-1_optimized-705x291.jpg 705w, https:\/\/radiorevelacionfm.cl\/wp-content\/uploads\/2024\/04\/foto-1-top-sentencia-1_optimized-450x185.jpg 450w, https:\/\/radiorevelacionfm.cl\/wp-content\/uploads\/2024\/04\/foto-1-top-sentencia-1_optimized-600x247.jpg 600w\" sizes=\"(max-width: 1456px) 100vw, 1456px\" \/><\/div><\/div><\/div><\/div><div class=\"flex_column av_one_full  flex_column_div av-zero-column-padding first  avia-builder-el-2  el_after_av_one_full  el_before_av_one_full  column-top-margin\" style='border-radius:0px; '><section class=\"av_textblock_section \"  itemscope=\"itemscope\" itemtype=\"https:\/\/schema.org\/BlogPosting\" itemprop=\"blogPost\" ><div class='avia_textblock  '   itemprop=\"text\" ><p style=\"text-align: center;\"><strong><span style=\"font-size: 18pt;\">Condenan a 20 a\u00f1os de presidio a autor de abuso sexual y violaci\u00f3n impropia<\/span><\/strong><\/p>\n<div id=\"gtx-trans\" style=\"position: absolute; left: -50px; top: 4.31534px;\">\n<div class=\"gtx-trans-icon\"><\/div>\n<\/div>\n<\/div><\/section><\/div><div class=\"flex_column av_one_full  flex_column_div av-zero-column-padding first  avia-builder-el-4  el_after_av_one_full  el_before_av_hr  column-top-margin\" style='border-radius:0px; '><section class=\"av_textblock_section \"  itemscope=\"itemscope\" itemtype=\"https:\/\/schema.org\/BlogPosting\" itemprop=\"blogPost\" ><div class='avia_textblock  '   itemprop=\"text\" ><p class=\"v1MsoNormal\" style=\"text-align: justify;\">El Tribunal de Juicio Oral en lo Penal de Coyhaique conden\u00f3 a\u00a0A.I.O.M. a la pena\u00a0\u00fanica\u00a0de 20 a\u00f1os de presidio efectivo, en calidad de autor de los delitos\u00a0consumados\u00a0y reiterados de violaci\u00f3n impropia y abuso sexual de menor de 14 a\u00f1os de edad. Il\u00edcitos perpetrados entre julio de 2019 y enero de 2023, en la comuna de Ays\u00e9n.<\/p>\n<p class=\"v1MsoNormal\" style=\"text-align: justify;\">En fallo un\u00e1nime, el tribunal \u2013integrado por los magistrados\u00a0M\u00f3nica Coloma Pulgar (presidenta), Rosal\u00eda Mansilla Quiroz y Patricio Z\u00fa\u00f1iga Valenzuela (redactor)\u2013aplic\u00f3, adem\u00e1s, a A.I.O.M.\u00a0las\u00a0accesorias legales de inhabilitaci\u00f3n absoluta perpetua para cargos y oficios p\u00fablicos y derechos pol\u00edticos\u00a0y la\u00a0inhabilitaci\u00f3n absoluta para profesiones titulares durante el tiempo de la condena.<\/p>\n<p class=\"v1MsoNormal\" style=\"text-align: justify;\">Asimismo, el tribunal impuso al condenado las penas especiales de interdicci\u00f3n del derecho de ejercer la guarda y ser o\u00eddo como pariente en los casos que la ley designa;\u00a0la\u00a0sujeci\u00f3n a la vigilancia de la autoridad durante los 10 a\u00f1os siguientes al cumplimiento de la pena principal, y la inhabilitaci\u00f3n absoluta perpetua para cargos, empleos, oficios o profesiones ejercidos en \u00e1mbitos educacionales o que involucren una relaci\u00f3n directa y habitual con menores de edad.<\/p>\n<p class=\"v1MsoNormal\" style=\"text-align: justify;\"><img width=\"1\" height=\"1\" \/>Una vez que el fallo quede ejecutoriado, el tribunal dispuso que se proceda a la toma de muestras biol\u00f3gicas del sentenciado para determinar\u00a0su huella gen\u00e9tica\u00a0e incorporaci\u00f3n en el registro nacional de ADN de condenados.<\/p>\n<\/div><\/section><\/div><div  style='height:50px' class='hr hr-invisible   avia-builder-el-6  el_after_av_one_full  el_before_av_social_share '><span class='hr-inner ' ><span class='hr-inner-style'><\/span><\/span><\/div><\/p>\n<div  class='av-social-sharing-box  avia-builder-el-7  el_after_av_hr  el_before_av_hr  '><div class='av-share-box'><h5 class='av-share-link-description av-no-toc '>Compartir esta noticia<\/h5><ul class='av-share-box-list noLightbox'><li class='av-share-link av-social-link-facebook' ><a target=\"_blank\" aria-label=\"Compartir en Facebook\" href='https:\/\/www.facebook.com\/sharer.php?u=https:\/\/radiorevelacionfm.cl\/?p=40888&#038;t=Condenan%20a%2020%20a%C3%B1os%20de%20presidio%20a%20autor%20de%20abuso%20sexual%20y%20violaci%C3%B3n%20impropia' aria-hidden='false' data-av_icon='\ue8f3' data-av_iconfont='entypo-fontello' title='' data-avia-related-tooltip='Compartir en Facebook' rel=\"noopener\"><span class='avia_hidden_link_text'>Compartir en Facebook<\/span><\/a><\/li><li class='av-share-link av-social-link-twitter' ><a target=\"_blank\" aria-label=\"Compartir en Twitter\" href='https:\/\/twitter.com\/share?text=Condenan%20a%2020%20a%C3%B1os%20de%20presidio%20a%20autor%20de%20abuso%20sexual%20y%20violaci%C3%B3n%20impropia&#038;url=https:\/\/radiorevelacionfm.cl\/?p=40888' aria-hidden='false' data-av_icon='\ue8f1' data-av_iconfont='entypo-fontello' title='' data-avia-related-tooltip='Compartir en Twitter' rel=\"noopener\"><span class='avia_hidden_link_text'>Compartir en Twitter<\/span><\/a><\/li><li class='av-share-link av-social-link-whatsapp' ><a target=\"_blank\" aria-label=\"Compartir en Whatsapp\" href='https:\/\/api.whatsapp.com\/send?text=https:\/\/radiorevelacionfm.cl\/?p=40888' aria-hidden='false' data-av_icon='\uf232' data-av_iconfont='entypo-fontello' title='' data-avia-related-tooltip='Compartir en Whatsapp' rel=\"noopener\"><span class='avia_hidden_link_text'>Compartir en Whatsapp<\/span><\/a><\/li><li class='av-share-link av-social-link-linkedin' ><a target=\"_blank\" aria-label=\"Compartir en LinkedIn\" href='https:\/\/linkedin.com\/shareArticle?mini=true&#038;title=Condenan%20a%2020%20a%C3%B1os%20de%20presidio%20a%20autor%20de%20abuso%20sexual%20y%20violaci%C3%B3n%20impropia&#038;url=https:\/\/radiorevelacionfm.cl\/?p=40888' aria-hidden='false' data-av_icon='\ue8fc' data-av_iconfont='entypo-fontello' title='' data-avia-related-tooltip='Compartir en LinkedIn' rel=\"noopener\"><span class='avia_hidden_link_text'>Compartir en LinkedIn<\/span><\/a><\/li><li class='av-share-link av-social-link-mail' ><a  aria-label=\"Compartir por correo\" href='mailto:?subject=Condenan%20a%2020%20a%C3%B1os%20de%20presidio%20a%20autor%20de%20abuso%20sexual%20y%20violaci%C3%B3n%20impropia&#038;body=https:\/\/radiorevelacionfm.cl\/?p=40888' aria-hidden='false' data-av_icon='\ue805' data-av_iconfont='entypo-fontello' title='' data-avia-related-tooltip='Compartir por correo'><span class='avia_hidden_link_text'>Compartir por correo<\/span><\/a><\/li><\/ul><\/div><\/div>\n<div  style='height:50px' class='hr hr-invisible   avia-builder-el-8  el_after_av_social_share  el_before_av_comments_list '><span class='hr-inner ' ><span class='hr-inner-style'><\/span><\/span><\/div>\n<div  class='av-buildercomment  av-blog-meta-html-info-disabled av-blog-meta-tag-disabled  '><\/div>\n","protected":false},"excerpt":{"rendered":"","protected":false},"author":1,"featured_media":40889,"comment_status":"open","ping_status":"open","sticky":false,"template":"","format":"standard","meta":{"footnotes":""},"categories":[55],"tags":[],"class_list":["post-40888","post","type-post","status-publish","format-standard","has-post-thumbnail","hentry","category-justicia"],"jetpack_featured_media_url":"https:\/\/radiorevelacionfm.cl\/wp-content\/uploads\/2024\/04\/foto-1-top-sentencia-1_optimized.jpg","_links":{"self":[{"href":"https:\/\/radiorevelacionfm.cl\/index.php?rest_route=\/wp\/v2\/posts\/40888","targetHints":{"allow":["GET"]}}],"collection":[{"href":"https:\/\/radiorevelacionfm.cl\/index.php?rest_route=\/wp\/v2\/posts"}],"about":[{"href":"https:\/\/radiorevelacionfm.cl\/index.php?rest_route=\/wp\/v2\/types\/post"}],"author":[{"embeddable":true,"href":"https:\/\/radiorevelacionfm.cl\/index.php?rest_route=\/wp\/v2\/users\/1"}],"replies":[{"embeddable":true,"href":"https:\/\/radiorevelacionfm.cl\/index.php?rest_route=%2Fwp%2Fv2%2Fcomments&post=40888"}],"version-history":[{"count":1,"href":"https:\/\/radiorevelacionfm.cl\/index.php?rest_route=\/wp\/v2\/posts\/40888\/revisions"}],"predecessor-version":[{"id":40890,"href":"https:\/\/radiorevelacionfm.cl\/index.php?rest_route=\/wp\/v2\/posts\/40888\/revisions\/40890"}],"wp:featuredmedia":[{"embeddable":true,"href":"https:\/\/radiorevelacionfm.cl\/index.php?rest_route=\/wp\/v2\/media\/40889"}],"wp:attachment":[{"href":"https:\/\/radiorevelacionfm.cl\/index.php?rest_route=%2Fwp%2Fv2%2Fmedia&parent=40888"}],"wp:term":[{"taxonomy":"category","embeddable":true,"href":"https:\/\/radiorevelacionfm.cl\/index.php?rest_route=%2Fwp%2Fv2%2Fcategories&post=40888"},{"taxonomy":"post_tag","embeddable":true,"href":"https:\/\/radiorevelacionfm.cl\/index.php?rest_route=%2Fwp%2Fv2%2Ftags&post=40888"}],"curies":[{"name":"wp","href":"https:\/\/api.w.org\/{rel}","templated":true}]}}