{"id":40885,"date":"2024-04-01T14:57:22","date_gmt":"2024-04-01T17:57:22","guid":{"rendered":"https:\/\/radiorevelacionfm.cl\/?p=40885"},"modified":"2024-04-01T14:57:22","modified_gmt":"2024-04-01T17:57:22","slug":"sur-del-sur-ciclo-de-conciertos-teluricos-realizara-su-segunda-version-el-sabado-6-de-abril-en-el-centro-cultural-coyhaique","status":"publish","type":"post","link":"https:\/\/radiorevelacionfm.cl\/?p=40885","title":{"rendered":"\u201cSur del Sur: Ciclo de conciertos Tel\u00faricos\u201d realizar\u00e1 su segunda versi\u00f3n el s\u00e1bado 6 de abril en el Centro Cultural Coyhaique"},"content":{"rendered":"<div class=\"flex_column av_one_full  flex_column_div av-zero-column-padding first  avia-builder-el-0  el_before_av_one_full  avia-builder-el-first  \" style='border-radius:0px; '><div  class='avia-image-container  av-styling-    avia-builder-el-1  avia-builder-el-no-sibling  avia-align-center '  itemprop=\"image\" itemscope=\"itemscope\" itemtype=\"https:\/\/schema.org\/ImageObject\"  ><div class='avia-image-container-inner'><div class='avia-image-overlay-wrap'><img decoding=\"async\" class='wp-image-40886 avia-img-lazy-loading-not-40886 avia_image' src=\"https:\/\/radiorevelacionfm.cl\/wp-content\/uploads\/2024\/04\/grafica-concierto-1-1_optimized-1.jpg\" alt='' title='gr\u00e1fica-concierto-(1)-(1)_optimized (1)' height=\"800\" width=\"800\"  itemprop=\"thumbnailUrl\" srcset=\"https:\/\/radiorevelacionfm.cl\/wp-content\/uploads\/2024\/04\/grafica-concierto-1-1_optimized-1.jpg 800w, https:\/\/radiorevelacionfm.cl\/wp-content\/uploads\/2024\/04\/grafica-concierto-1-1_optimized-1-300x300.jpg 300w, https:\/\/radiorevelacionfm.cl\/wp-content\/uploads\/2024\/04\/grafica-concierto-1-1_optimized-1-80x80.jpg 80w, https:\/\/radiorevelacionfm.cl\/wp-content\/uploads\/2024\/04\/grafica-concierto-1-1_optimized-1-768x768.jpg 768w, https:\/\/radiorevelacionfm.cl\/wp-content\/uploads\/2024\/04\/grafica-concierto-1-1_optimized-1-36x36.jpg 36w, https:\/\/radiorevelacionfm.cl\/wp-content\/uploads\/2024\/04\/grafica-concierto-1-1_optimized-1-180x180.jpg 180w, https:\/\/radiorevelacionfm.cl\/wp-content\/uploads\/2024\/04\/grafica-concierto-1-1_optimized-1-705x705.jpg 705w, https:\/\/radiorevelacionfm.cl\/wp-content\/uploads\/2024\/04\/grafica-concierto-1-1_optimized-1-120x120.jpg 120w, https:\/\/radiorevelacionfm.cl\/wp-content\/uploads\/2024\/04\/grafica-concierto-1-1_optimized-1-450x450.jpg 450w, https:\/\/radiorevelacionfm.cl\/wp-content\/uploads\/2024\/04\/grafica-concierto-1-1_optimized-1-600x600.jpg 600w, https:\/\/radiorevelacionfm.cl\/wp-content\/uploads\/2024\/04\/grafica-concierto-1-1_optimized-1-100x100.jpg 100w\" sizes=\"(max-width: 800px) 100vw, 800px\" \/><\/div><\/div><\/div><\/div><div class=\"flex_column av_one_full  flex_column_div av-zero-column-padding first  avia-builder-el-2  el_after_av_one_full  el_before_av_one_full  column-top-margin\" style='border-radius:0px; '><section class=\"av_textblock_section \"  itemscope=\"itemscope\" itemtype=\"https:\/\/schema.org\/BlogPosting\" itemprop=\"blogPost\" ><div class='avia_textblock  '   itemprop=\"text\" ><p style=\"text-align: center;\"><span style=\"font-size: 18pt;\"><strong>\u201cSur del Sur: Ciclo de conciertos Tel\u00faricos\u201d realizar\u00e1 su segunda versi\u00f3n el s\u00e1bado 6 de abril en el Centro Cultural Coyhaique <\/strong><\/span><\/p>\n<div id=\"gtx-trans\" style=\"position: absolute; left: -50px; top: 4.31534px;\">\n<div class=\"gtx-trans-icon\"><\/div>\n<\/div>\n<\/div><\/section><\/div><div class=\"flex_column av_one_full  flex_column_div av-zero-column-padding first  avia-builder-el-4  el_after_av_one_full  el_before_av_hr  column-top-margin\" style='border-radius:0px; '><section class=\"av_textblock_section \"  itemscope=\"itemscope\" itemtype=\"https:\/\/schema.org\/BlogPosting\" itemprop=\"blogPost\" ><div class='avia_textblock  '   itemprop=\"text\" ><p style=\"text-align: justify;\"><em>El festival Musical Sur del Sur reunir\u00e1 a m\u00fasicas y m\u00fasicos regionales y de la capital en esta nueva puesta en escena musical financiada por el Fondo de la M\u00fasica Nacional convocatoria 2024.<\/em><\/p>\n<p style=\"text-align: justify;\">\u201cImpecable\u201d fue el adjetivo utilizado por la mayor\u00eda del p\u00fablico asistente a la primera versi\u00f3n de \u201cSur del Sur: Ciclo de conciertos Tel\u00faricos\u201d realizada el pasado 06 de marzo en el centro cultural Coyhaique.<\/p>\n<p style=\"text-align: justify;\">Con un despliegue t\u00e9cnico a la altura de las y los m\u00fasicos invitados, el p\u00fablico se deleit\u00f3 con los exponentes rockeros de \u201cSoulBlackGen\u201d de Puerto Ays\u00e9n y los invitados magall\u00e1nicos de \u201cAs de Oros\u201d.<\/p>\n<p style=\"text-align: justify;\">\u201cCreemos que este tipo de experiencias pueden ser muy nutritivas para la audiencia, en especial para el p\u00fablico adolescente que no ha estado expuesto a este tipo de espect\u00e1culos. Por otra parte, para las y los artistas regionales que han sido convocados, es una excelente plataforma para mostrar su m\u00fasica con altos est\u00e1ndares t\u00e9cnicos, ya que el festival est\u00e1 dise\u00f1ado de tal manera que enfatiza cada detalle de los montajes y sus presentaciones\u201d coment\u00f3 Jorge Fortune, director art\u00edstico de Tel\u00farica Producciones e ingeniero en sonido a cargo del trabajo en sala.<\/p>\n<p style=\"text-align: justify;\">El pr\u00f3ximo concierto se realizar\u00e1 el<strong> s\u00e1bado 06 de abril<\/strong> en las dependencias del <strong>Centro cultural Coyhaique a las 18.30 hrs<\/strong> (puntual) y contar\u00e1 con la presencia de <strong>Celeste Anacletxx (Chile Chico), Arborescencia (Coyhaique) y el d\u00fao Villa Millie (Santiago).<\/strong><\/p>\n<p style=\"text-align: justify;\">\u201cSur del Sur: Ciclos de conciertos Tel\u00faricos\u201d, considera en su totalidad la presentaci\u00f3n de nueve proyectos musicales con el fin de poner en escena algunas de las producciones musicales de alto nivel existentes en la Regi\u00f3n de Ays\u00e9n, Magallanes y otros del territorio nacional al tiempo en que se discute, desarma y construye una mirada sobre el significado de dedicarse profesionalmente a la m\u00fasica popular en el \u201cSur de Sur\u201d.<\/p>\n<p style=\"text-align: justify;\">Como parte de las actividades englobadas en \u201cSur del Sur: Ciclo de Conciertos Tel\u00faricos\u201d, este viernes 05 de abril se realizar\u00e1 el taller de producci\u00f3n musical \u201cHazlo tu mismx\u201d, gratuito, en la sede de Agrupaci\u00f3n Cultural Malot\u00fan Ortiga Pasaje 8 #185, Coyhaique.<\/p>\n<p style=\"text-align: justify;\">Y para quienes se lo perdieron, compartimos el link al conversatorio con las y los artistas que ser\u00e1n parte del concierto, en el que compartieron distintas miradas acerca de la profesionalizaci\u00f3n de la m\u00fasica en Chile. <a href=\"https:\/\/www.youtube.com\/watch?v=BX08NRP2onY\">https:\/\/www.youtube.com\/watch?v=BX08NRP2onY<\/a><\/p>\n<p style=\"text-align: justify;\">Durante los conciertos y conversatorios se estar\u00e1n recolectando pilas usadas en el marco de la campa\u00f1a \u201cPonte las Pilas con las Pilas\u201d.<\/p>\n<\/div><\/section><\/div><div  style='height:50px' class='hr hr-invisible   avia-builder-el-6  el_after_av_one_full  el_before_av_social_share '><span class='hr-inner ' ><span class='hr-inner-style'><\/span><\/span><\/div><\/p>\n<div  class='av-social-sharing-box  avia-builder-el-7  el_after_av_hr  el_before_av_hr  '><div class='av-share-box'><h5 class='av-share-link-description av-no-toc '>Compartir esta noticia<\/h5><ul class='av-share-box-list noLightbox'><li class='av-share-link av-social-link-facebook' ><a target=\"_blank\" aria-label=\"Compartir en Facebook\" href='https:\/\/www.facebook.com\/sharer.php?u=https:\/\/radiorevelacionfm.cl\/?p=40885&#038;t=%E2%80%9CSur%20del%20Sur%3A%20Ciclo%20de%20conciertos%20Tel%C3%BAricos%E2%80%9D%20realizar%C3%A1%20su%20segunda%20versi%C3%B3n%20el%20s%C3%A1bado%206%20de%20abril%20en%20el%20Centro%20Cultural%20Coyhaique' aria-hidden='false' data-av_icon='\ue8f3' data-av_iconfont='entypo-fontello' title='' data-avia-related-tooltip='Compartir en Facebook' rel=\"noopener\"><span class='avia_hidden_link_text'>Compartir en Facebook<\/span><\/a><\/li><li class='av-share-link av-social-link-twitter' ><a target=\"_blank\" aria-label=\"Compartir en Twitter\" href='https:\/\/twitter.com\/share?text=%E2%80%9CSur%20del%20Sur%3A%20Ciclo%20de%20conciertos%20Tel%C3%BAricos%E2%80%9D%20realizar%C3%A1%20su%20segunda%20versi%C3%B3n%20el%20s%C3%A1bado%206%20de%20abril%20en%20el%20Centro%20Cultural%20Coyhaique&#038;url=https:\/\/radiorevelacionfm.cl\/?p=40885' aria-hidden='false' data-av_icon='\ue8f1' data-av_iconfont='entypo-fontello' title='' data-avia-related-tooltip='Compartir en Twitter' rel=\"noopener\"><span class='avia_hidden_link_text'>Compartir en Twitter<\/span><\/a><\/li><li class='av-share-link av-social-link-whatsapp' ><a target=\"_blank\" aria-label=\"Compartir en Whatsapp\" href='https:\/\/api.whatsapp.com\/send?text=https:\/\/radiorevelacionfm.cl\/?p=40885' aria-hidden='false' data-av_icon='\uf232' data-av_iconfont='entypo-fontello' title='' data-avia-related-tooltip='Compartir en Whatsapp' rel=\"noopener\"><span class='avia_hidden_link_text'>Compartir en Whatsapp<\/span><\/a><\/li><li class='av-share-link av-social-link-linkedin' ><a target=\"_blank\" aria-label=\"Compartir en LinkedIn\" href='https:\/\/linkedin.com\/shareArticle?mini=true&#038;title=%E2%80%9CSur%20del%20Sur%3A%20Ciclo%20de%20conciertos%20Tel%C3%BAricos%E2%80%9D%20realizar%C3%A1%20su%20segunda%20versi%C3%B3n%20el%20s%C3%A1bado%206%20de%20abril%20en%20el%20Centro%20Cultural%20Coyhaique&#038;url=https:\/\/radiorevelacionfm.cl\/?p=40885' aria-hidden='false' data-av_icon='\ue8fc' data-av_iconfont='entypo-fontello' title='' data-avia-related-tooltip='Compartir en LinkedIn' rel=\"noopener\"><span class='avia_hidden_link_text'>Compartir en LinkedIn<\/span><\/a><\/li><li class='av-share-link av-social-link-mail' ><a  aria-label=\"Compartir por correo\" href='mailto:?subject=%E2%80%9CSur%20del%20Sur%3A%20Ciclo%20de%20conciertos%20Tel%C3%BAricos%E2%80%9D%20realizar%C3%A1%20su%20segunda%20versi%C3%B3n%20el%20s%C3%A1bado%206%20de%20abril%20en%20el%20Centro%20Cultural%20Coyhaique&#038;body=https:\/\/radiorevelacionfm.cl\/?p=40885' aria-hidden='false' data-av_icon='\ue805' data-av_iconfont='entypo-fontello' title='' data-avia-related-tooltip='Compartir por correo'><span class='avia_hidden_link_text'>Compartir por correo<\/span><\/a><\/li><\/ul><\/div><\/div>\n<div  style='height:50px' class='hr hr-invisible   avia-builder-el-8  el_after_av_social_share  el_before_av_comments_list '><span class='hr-inner ' ><span class='hr-inner-style'><\/span><\/span><\/div>\n<div  class='av-buildercomment  av-blog-meta-html-info-disabled av-blog-meta-tag-disabled  '><\/div>\n","protected":false},"excerpt":{"rendered":"","protected":false},"author":1,"featured_media":40886,"comment_status":"open","ping_status":"open","sticky":false,"template":"","format":"standard","meta":{"footnotes":""},"categories":[52],"tags":[],"class_list":["post-40885","post","type-post","status-publish","format-standard","has-post-thumbnail","hentry","category-cultura"],"jetpack_featured_media_url":"https:\/\/radiorevelacionfm.cl\/wp-content\/uploads\/2024\/04\/grafica-concierto-1-1_optimized-1.jpg","_links":{"self":[{"href":"https:\/\/radiorevelacionfm.cl\/index.php?rest_route=\/wp\/v2\/posts\/40885","targetHints":{"allow":["GET"]}}],"collection":[{"href":"https:\/\/radiorevelacionfm.cl\/index.php?rest_route=\/wp\/v2\/posts"}],"about":[{"href":"https:\/\/radiorevelacionfm.cl\/index.php?rest_route=\/wp\/v2\/types\/post"}],"author":[{"embeddable":true,"href":"https:\/\/radiorevelacionfm.cl\/index.php?rest_route=\/wp\/v2\/users\/1"}],"replies":[{"embeddable":true,"href":"https:\/\/radiorevelacionfm.cl\/index.php?rest_route=%2Fwp%2Fv2%2Fcomments&post=40885"}],"version-history":[{"count":1,"href":"https:\/\/radiorevelacionfm.cl\/index.php?rest_route=\/wp\/v2\/posts\/40885\/revisions"}],"predecessor-version":[{"id":40887,"href":"https:\/\/radiorevelacionfm.cl\/index.php?rest_route=\/wp\/v2\/posts\/40885\/revisions\/40887"}],"wp:featuredmedia":[{"embeddable":true,"href":"https:\/\/radiorevelacionfm.cl\/index.php?rest_route=\/wp\/v2\/media\/40886"}],"wp:attachment":[{"href":"https:\/\/radiorevelacionfm.cl\/index.php?rest_route=%2Fwp%2Fv2%2Fmedia&parent=40885"}],"wp:term":[{"taxonomy":"category","embeddable":true,"href":"https:\/\/radiorevelacionfm.cl\/index.php?rest_route=%2Fwp%2Fv2%2Fcategories&post=40885"},{"taxonomy":"post_tag","embeddable":true,"href":"https:\/\/radiorevelacionfm.cl\/index.php?rest_route=%2Fwp%2Fv2%2Ftags&post=40885"}],"curies":[{"name":"wp","href":"https:\/\/api.w.org\/{rel}","templated":true}]}}