{"id":40854,"date":"2024-04-01T10:13:58","date_gmt":"2024-04-01T13:13:58","guid":{"rendered":"https:\/\/radiorevelacionfm.cl\/?p=40854"},"modified":"2024-04-01T10:13:58","modified_gmt":"2024-04-01T13:13:58","slug":"mas-de-4-700-personas-se-sumaron-en-aysen-al-congreso-pedagogico-y-curricular-la-educacion-es-el-tema","status":"publish","type":"post","link":"https:\/\/radiorevelacionfm.cl\/?p=40854","title":{"rendered":"M\u00e1s de 4.700 personas se sumaron en Ays\u00e9n al Congreso Pedag\u00f3gico y Curricular \u00abLa Educaci\u00f3n es el tema\u00bb"},"content":{"rendered":"<div class=\"flex_column av_one_full  flex_column_div av-zero-column-padding first  avia-builder-el-0  el_before_av_one_full  avia-builder-el-first  \" style='border-radius:0px; '><div  class='avia-image-container  av-styling-    avia-builder-el-1  avia-builder-el-no-sibling  avia-align-center '  itemprop=\"image\" itemscope=\"itemscope\" itemtype=\"https:\/\/schema.org\/ImageObject\"  ><div class='avia-image-container-inner'><div class='avia-image-overlay-wrap'><img decoding=\"async\" class='wp-image-40855 avia-img-lazy-loading-not-40855 avia_image' src=\"https:\/\/radiorevelacionfm.cl\/wp-content\/uploads\/2024\/03\/congreso-pedagogico-1_optimized.jpg\" alt='' title='congreso-pedag\u00f3gico-(1)_optimized' height=\"600\" width=\"800\"  itemprop=\"thumbnailUrl\" srcset=\"https:\/\/radiorevelacionfm.cl\/wp-content\/uploads\/2024\/03\/congreso-pedagogico-1_optimized.jpg 800w, https:\/\/radiorevelacionfm.cl\/wp-content\/uploads\/2024\/03\/congreso-pedagogico-1_optimized-300x225.jpg 300w, https:\/\/radiorevelacionfm.cl\/wp-content\/uploads\/2024\/03\/congreso-pedagogico-1_optimized-768x576.jpg 768w, https:\/\/radiorevelacionfm.cl\/wp-content\/uploads\/2024\/03\/congreso-pedagogico-1_optimized-705x529.jpg 705w, https:\/\/radiorevelacionfm.cl\/wp-content\/uploads\/2024\/03\/congreso-pedagogico-1_optimized-450x338.jpg 450w, https:\/\/radiorevelacionfm.cl\/wp-content\/uploads\/2024\/03\/congreso-pedagogico-1_optimized-600x450.jpg 600w\" sizes=\"(max-width: 800px) 100vw, 800px\" \/><\/div><\/div><\/div><\/div><div class=\"flex_column av_one_full  flex_column_div av-zero-column-padding first  avia-builder-el-2  el_after_av_one_full  el_before_av_one_full  column-top-margin\" style='border-radius:0px; '><section class=\"av_textblock_section \"  itemscope=\"itemscope\" itemtype=\"https:\/\/schema.org\/BlogPosting\" itemprop=\"blogPost\" ><div class='avia_textblock  '   itemprop=\"text\" ><p style=\"text-align: center;\"><span style=\"font-size: 18pt;\"><b><span lang=\"es\">M\u00e1s de 4.700 personas se sumaron en Ays\u00e9n al Congreso Pedag\u00f3gico y Curricular \u00abLa Educaci\u00f3n es el tema\u00bb<\/span><\/b><\/span><\/p>\n<div id=\"gtx-trans\" style=\"position: absolute; left: -50px; top: 4.31534px;\">\n<div class=\"gtx-trans-icon\"><\/div>\n<\/div>\n<\/div><\/section><\/div><div class=\"flex_column av_one_full  flex_column_div av-zero-column-padding first  avia-builder-el-4  el_after_av_one_full  el_before_av_hr  column-top-margin\" style='border-radius:0px; '><section class=\"av_textblock_section \"  itemscope=\"itemscope\" itemtype=\"https:\/\/schema.org\/BlogPosting\" itemprop=\"blogPost\" ><div class='avia_textblock  '   itemprop=\"text\" ><p class=\"v1MsoNormal\" style=\"text-align: justify;\" align=\"center\"><em><span lang=\"es\">La Seremi de Educaci\u00f3n Isabel Garrido destac\u00f3 que este proceso participativo contribuir\u00e1 a la actualizaci\u00f3n del curr\u00edculum escolar<\/span><\/em><\/p>\n<p class=\"v1MsoNormal\" style=\"text-align: justify;\"><span lang=\"es\">El jueves 21 de marzo se desarroll\u00f3 el Seminario \u00abLa Educaci\u00f3n es el Tema\u00bb, donde se entregaron los resultados del Congreso Pedag\u00f3gico y Curricular, iniciativa realizada entre el Ministerio de Educaci\u00f3n y la Oficina Regional Multisectorial de la UNESCO en Santiago. En la instancia, que tuvo lugar en el Sal\u00f3n Auditorio del Edificio Moneda Bicentenario, se dieron a conocer las cifras y hallazgos del proceso participativo de alcance nacional que cont\u00f3 con la participaci\u00f3n total de m\u00e1s de 812 mil personas &#8211; 805 mil de ellas pertenecientes a comunidades educativas- congregadas para dialogar sobre los desaf\u00edos de nuestro sistema educativo, el curr\u00edculum y la pedagog\u00eda.\u00a0\u00a0<\/span><span lang=\"es\">\u00a0<\/span><\/p>\n<p class=\"v1MsoNormal\" style=\"text-align: justify;\"><span lang=\"es\">El congreso fue impulsado por el Ministerio de Educaci\u00f3n con el objetivo de generar espacios de di\u00e1logo y de construcci\u00f3n de acuerdos sobre las necesidades fundamentales y tem\u00e1ticas de inter\u00e9s que las comunidades educativas y la ciudadan\u00eda tienen en relaci\u00f3n con la educaci\u00f3n. Este proceso participativo, amplio y voluntario, busc\u00f3 que la sociedad pusiera la discusi\u00f3n sobre la educaci\u00f3n en el centro de su reflexi\u00f3n, aportando a orientar el desarrollo pol\u00edticas educativas y curriculares permitan reactivar y transformar la educaci\u00f3n.\u00a0<\/span><span lang=\"es\">\u00a0<\/span><\/p>\n<p class=\"v1MsoNormal\" style=\"text-align: justify;\">El ministro de Educaci\u00f3n, Nicol\u00e1s Cataldo, destac\u00f3 que \u00abeste es el primer esfuerzo que se hace desde el Estado por hacer un debate de estas caracter\u00edsticas. En 1889 nace la tradici\u00f3n de los Congresos Pedag\u00f3gicos y Curriculares, pero todos ellos fueron organizados y convocados desde el mundo docente. Por eso, al momento de conversar sobre el c\u00f3mo enfrentamos el proceso post pand\u00e9mico y los rezagos que est\u00e1n trabaj\u00e1ndose a trav\u00e9s del Plan de Reactivaci\u00f3n, dijimos &#8216;hay que conversar con las comunidades educativas&#8217;, es el momento para preparar el camino, para que el debate curricular sea un debate que nutra la discusi\u00f3n curricular\u00bb.<\/p>\n<p class=\"v1MsoNormal\" style=\"text-align: justify;\">Nicol\u00e1s Cataldo explic\u00f3 que este proceso \u00abtributa a repensar la educaci\u00f3n en el momento en el que estamos, en un escenario de alta conflictividad en el sector educacional, pero con un sistema educativo que se empieza a recuperar bastante m\u00e1s r\u00e1pido en comparaci\u00f3n a otros pa\u00edses, y que tiene un nivel de cobertura importante\u00bb.<\/p>\n<p class=\"v1MsoNormal\" style=\"text-align: justify;\"><span lang=\"es\">Valtencir Mendes, jefe de Educaci\u00f3n de la Oficina Multisectorial de la UNESCO en Santiago, indic\u00f3 que los resultados del Congreso Pedag\u00f3gico y Curricular \u00abcontribuyen a repensar lo que significa ense\u00f1ar, aprender y ser comunidad en entornos de aprendizaje enriquecedores e innovadores que propicien una mejor respuesta ante desaf\u00edos tan latentes como, por ejemplo, el cambio clim\u00e1tico, la desinformaci\u00f3n y las nuevas tecnolog\u00edas\u00bb.<\/span><\/p>\n<p class=\"v1MsoNormal\" style=\"text-align: justify;\"><b><span lang=\"es\">Las comunidades educativas como protagonistas<\/span><\/b><b><\/b><\/p>\n<p class=\"v1MsoNormal\" style=\"text-align: justify;\">La Seremi de Educaci\u00f3n Isabel Garerido inform\u00f3 que en la regi\u00f3n de Ays\u00e9n se sumaron a este proceso 4.700 personas, principalmente integrantes de comunidades educativas a trav\u00e9s de la constituci\u00f3n de 257 grupos de reflexi\u00f3n.<\/p>\n<p class=\"v1MsoNormal\" style=\"text-align: justify;\"><span lang=\"es\">Los resultados y cifras de participaci\u00f3n en la regi\u00f3n demuestran que las comunidades educativas fueron las protagonistas: incluyendo estudiantes, directivos, docentes, asistentes de la educaci\u00f3n, educadores y apoderados, de alrededor de establecimientos educacionales de toda la regi\u00f3n formaron parte de este proceso.\u00a0<\/span><span lang=\"es\">\u00a0<\/span><\/p>\n<p class=\"v1MsoNormal\" style=\"text-align: justify;\"><span lang=\"es\">\u00abLa amplitud de participantes a nivel nacional, m\u00e1s de 800 mil personas \u00a0convierte este proceso en un hito que marca un precedente en la forma en que se construyen las pol\u00edticas p\u00fablicas, especialmente para el proceso de actualizaci\u00f3n curricular que se encuentra desarrollando el Ministerio de Educaci\u00f3n.\u00a0<\/span><span lang=\"es\">\u00a0<\/span><span lang=\"es\">Con la informaci\u00f3n obtenida en este proceso, m\u00e1s las conclusiones de las mesas t\u00e9cnicas y de diversos estudios, el Ministerio de Educaci\u00f3n elaborar\u00e1 una propuesta de actualizaci\u00f3n de bases curriculares que ser\u00e1 sometida a una consulta p\u00fablica durante este a\u00f1o\u00bb, destac\u00f3 \u00a0Isabel Garrido.<\/span><\/p>\n<p class=\"v1MsoNormal\" style=\"text-align: justify;\"><span lang=\"es\">Los resultados de este proceso, que se dieron a conocer en el Seminario, indican que las comunidades educativas y la ciudadan\u00eda consideran importante que el desarrollo de aprendizajes responda a las necesidades de las y los estudiantes, que les permitan desarrollar conocimientos y habilidades para lograr una vida plena para desarrollarse como personas, con un rol activo en su comunidad, tanto en el presente como en el futuro. Tambi\u00e9n se destaca la demanda por metodolog\u00edas participativas que se conecten con situaciones reales y permitan el uso de espacios educativos, m\u00e1s all\u00e1 de las salas de clases, incentivando a ni\u00f1os, ni\u00f1as y j\u00f3venes a ser protagonistas activos de sus aprendizajes.<\/span><\/p>\n<p class=\"v1MsoNormal\" style=\"text-align: justify;\"><span lang=\"es\">La Seremi agradeci\u00f3 a quienes participaron en este proceso. \u00abEl Congreso Pedag\u00f3gico y Curricular es una muestra clara del compromiso que tenemos como ministerio con una educaci\u00f3n que ponga al centro el aprendizaje de todos los y las estudiantes. Las conclusiones generadas son un insumo fundamental para fortalecer el proceso de actualizaci\u00f3n curricular, permitiendo as\u00ed dotar al sistema educativo de un curr\u00edculum flexible, pertinente y de calidad, que conecte la experiencia educativa con la vida de los estudiantes para enfrentar los desaf\u00edos del presente y del futuro\u00bb,<\/span><\/p>\n<p class=\"v1MsoNormal\" style=\"text-align: justify;\"><b><span lang=\"es\">Pr\u00f3ximos pasos<\/span><\/b><\/p>\n<p class=\"v1MsoNormal\" style=\"text-align: justify;\"><span lang=\"es\">La informaci\u00f3n recabada por el Congreso Pedag\u00f3gico y Curricular servir\u00e1 para nutrir el proceso de actualizaci\u00f3n del curr\u00edculum nacional desde primero b\u00e1sico a segundo medio, lo que impactar\u00e1 en la trayectoria educativa de 2,5 millones de estudiantes de todo el pa\u00eds.<\/span><\/p>\n<p class=\"v1MsoNormal\" style=\"text-align: justify;\"><span lang=\"es\">Con la informaci\u00f3n obtenida en este proceso de participaci\u00f3n, m\u00e1s las conclusiones de Mesas T\u00e9cnicas y diversos estudios, el Ministerio de Educaci\u00f3n elaborar\u00e1 una propuesta de actualizaci\u00f3n de Bases Curriculares que ser\u00e1 sometida a una Consulta P\u00fablica durante este a\u00f1o. Posteriormente, dicha propuesta se presentar\u00e1 al Consejo Nacional de Educaci\u00f3n (CNED) para su revisi\u00f3n.<\/span><\/p>\n<p class=\"v1MsoNormal\" style=\"text-align: justify;\"><span lang=\"es\">Los resultados de este proceso est\u00e1n disponibles en\u00a0<\/span><a href=\"https:\/\/congresopedagogico.mineduc.cl\/\" target=\"_blank\" rel=\"noopener noreferrer\"><span lang=\"es\">congresopedagogico.mineduc.cl<\/span><\/a><\/p>\n<\/div><\/section><\/div><div  style='height:50px' class='hr hr-invisible   avia-builder-el-6  el_after_av_one_full  el_before_av_social_share '><span class='hr-inner ' ><span class='hr-inner-style'><\/span><\/span><\/div><\/p>\n<div  class='av-social-sharing-box  avia-builder-el-7  el_after_av_hr  el_before_av_hr  '><div class='av-share-box'><h5 class='av-share-link-description av-no-toc '>Compartir esta noticia<\/h5><ul class='av-share-box-list noLightbox'><li class='av-share-link av-social-link-facebook' ><a target=\"_blank\" aria-label=\"Compartir en Facebook\" href='https:\/\/www.facebook.com\/sharer.php?u=https:\/\/radiorevelacionfm.cl\/?p=40854&#038;t=M%C3%A1s%20de%204.700%20personas%20se%20sumaron%20en%20Ays%C3%A9n%20al%20Congreso%20Pedag%C3%B3gico%20y%20Curricular%20%C2%ABLa%20Educaci%C3%B3n%20es%20el%20tema%C2%BB' aria-hidden='false' data-av_icon='\ue8f3' data-av_iconfont='entypo-fontello' title='' data-avia-related-tooltip='Compartir en Facebook' rel=\"noopener\"><span class='avia_hidden_link_text'>Compartir en Facebook<\/span><\/a><\/li><li class='av-share-link av-social-link-twitter' ><a target=\"_blank\" aria-label=\"Compartir en Twitter\" href='https:\/\/twitter.com\/share?text=M%C3%A1s%20de%204.700%20personas%20se%20sumaron%20en%20Ays%C3%A9n%20al%20Congreso%20Pedag%C3%B3gico%20y%20Curricular%20%C2%ABLa%20Educaci%C3%B3n%20es%20el%20tema%C2%BB&#038;url=https:\/\/radiorevelacionfm.cl\/?p=40854' aria-hidden='false' data-av_icon='\ue8f1' data-av_iconfont='entypo-fontello' title='' data-avia-related-tooltip='Compartir en Twitter' rel=\"noopener\"><span class='avia_hidden_link_text'>Compartir en Twitter<\/span><\/a><\/li><li class='av-share-link av-social-link-whatsapp' ><a target=\"_blank\" aria-label=\"Compartir en Whatsapp\" href='https:\/\/api.whatsapp.com\/send?text=https:\/\/radiorevelacionfm.cl\/?p=40854' aria-hidden='false' data-av_icon='\uf232' data-av_iconfont='entypo-fontello' title='' data-avia-related-tooltip='Compartir en Whatsapp' rel=\"noopener\"><span class='avia_hidden_link_text'>Compartir en Whatsapp<\/span><\/a><\/li><li class='av-share-link av-social-link-linkedin' ><a target=\"_blank\" aria-label=\"Compartir en LinkedIn\" href='https:\/\/linkedin.com\/shareArticle?mini=true&#038;title=M%C3%A1s%20de%204.700%20personas%20se%20sumaron%20en%20Ays%C3%A9n%20al%20Congreso%20Pedag%C3%B3gico%20y%20Curricular%20%C2%ABLa%20Educaci%C3%B3n%20es%20el%20tema%C2%BB&#038;url=https:\/\/radiorevelacionfm.cl\/?p=40854' aria-hidden='false' data-av_icon='\ue8fc' data-av_iconfont='entypo-fontello' title='' data-avia-related-tooltip='Compartir en LinkedIn' rel=\"noopener\"><span class='avia_hidden_link_text'>Compartir en LinkedIn<\/span><\/a><\/li><li class='av-share-link av-social-link-mail' ><a  aria-label=\"Compartir por correo\" href='mailto:?subject=M%C3%A1s%20de%204.700%20personas%20se%20sumaron%20en%20Ays%C3%A9n%20al%20Congreso%20Pedag%C3%B3gico%20y%20Curricular%20%C2%ABLa%20Educaci%C3%B3n%20es%20el%20tema%C2%BB&#038;body=https:\/\/radiorevelacionfm.cl\/?p=40854' aria-hidden='false' data-av_icon='\ue805' data-av_iconfont='entypo-fontello' title='' data-avia-related-tooltip='Compartir por correo'><span class='avia_hidden_link_text'>Compartir por correo<\/span><\/a><\/li><\/ul><\/div><\/div>\n<div  style='height:50px' class='hr hr-invisible   avia-builder-el-8  el_after_av_social_share  el_before_av_comments_list '><span class='hr-inner ' ><span class='hr-inner-style'><\/span><\/span><\/div>\n<div  class='av-buildercomment  av-blog-meta-html-info-disabled av-blog-meta-tag-disabled  '><\/div>\n","protected":false},"excerpt":{"rendered":"","protected":false},"author":1,"featured_media":40855,"comment_status":"open","ping_status":"open","sticky":false,"template":"","format":"standard","meta":{"footnotes":""},"categories":[49],"tags":[],"class_list":["post-40854","post","type-post","status-publish","format-standard","has-post-thumbnail","hentry","category-educacion"],"jetpack_featured_media_url":"https:\/\/radiorevelacionfm.cl\/wp-content\/uploads\/2024\/03\/congreso-pedagogico-1_optimized.jpg","_links":{"self":[{"href":"https:\/\/radiorevelacionfm.cl\/index.php?rest_route=\/wp\/v2\/posts\/40854","targetHints":{"allow":["GET"]}}],"collection":[{"href":"https:\/\/radiorevelacionfm.cl\/index.php?rest_route=\/wp\/v2\/posts"}],"about":[{"href":"https:\/\/radiorevelacionfm.cl\/index.php?rest_route=\/wp\/v2\/types\/post"}],"author":[{"embeddable":true,"href":"https:\/\/radiorevelacionfm.cl\/index.php?rest_route=\/wp\/v2\/users\/1"}],"replies":[{"embeddable":true,"href":"https:\/\/radiorevelacionfm.cl\/index.php?rest_route=%2Fwp%2Fv2%2Fcomments&post=40854"}],"version-history":[{"count":1,"href":"https:\/\/radiorevelacionfm.cl\/index.php?rest_route=\/wp\/v2\/posts\/40854\/revisions"}],"predecessor-version":[{"id":40856,"href":"https:\/\/radiorevelacionfm.cl\/index.php?rest_route=\/wp\/v2\/posts\/40854\/revisions\/40856"}],"wp:featuredmedia":[{"embeddable":true,"href":"https:\/\/radiorevelacionfm.cl\/index.php?rest_route=\/wp\/v2\/media\/40855"}],"wp:attachment":[{"href":"https:\/\/radiorevelacionfm.cl\/index.php?rest_route=%2Fwp%2Fv2%2Fmedia&parent=40854"}],"wp:term":[{"taxonomy":"category","embeddable":true,"href":"https:\/\/radiorevelacionfm.cl\/index.php?rest_route=%2Fwp%2Fv2%2Fcategories&post=40854"},{"taxonomy":"post_tag","embeddable":true,"href":"https:\/\/radiorevelacionfm.cl\/index.php?rest_route=%2Fwp%2Fv2%2Ftags&post=40854"}],"curies":[{"name":"wp","href":"https:\/\/api.w.org\/{rel}","templated":true}]}}