{"id":40851,"date":"2024-03-31T16:03:05","date_gmt":"2024-03-31T19:03:05","guid":{"rendered":"https:\/\/radiorevelacionfm.cl\/?p=40851"},"modified":"2024-03-31T16:03:05","modified_gmt":"2024-03-31T19:03:05","slug":"turismo-cero-impacto-el-proyecto-que-prepara-a-emprendedore-as-de-sanchez-murta-tranquilo-guadal-y-bertrand-para-enfrentar-el-cambio-climatico","status":"publish","type":"post","link":"https:\/\/radiorevelacionfm.cl\/?p=40851","title":{"rendered":"\u00abTurismo Cero Impacto\u00bb: El proyecto que prepara a emprendedore\/as de S\u00e1nchez, Murta, Tranquilo, Guadal y Bertrand para enfrentar el cambio clim\u00e1tico"},"content":{"rendered":"<div class=\"flex_column av_one_full  flex_column_div av-zero-column-padding first  avia-builder-el-0  el_before_av_one_full  avia-builder-el-first  \" style='border-radius:0px; '><div  class='avia-image-container  av-styling-    avia-builder-el-1  avia-builder-el-no-sibling  avia-align-center '  itemprop=\"image\" itemscope=\"itemscope\" itemtype=\"https:\/\/schema.org\/ImageObject\"  ><div class='avia-image-container-inner'><div class='avia-image-overlay-wrap'><img decoding=\"async\" class='wp-image-40852 avia-img-lazy-loading-not-40852 avia_image' src=\"https:\/\/radiorevelacionfm.cl\/wp-content\/uploads\/2024\/03\/turismo-cero-impacto-cocina-huella-cero-9-1_optimized.jpg\" alt='' title='turismo-cero-impacto - -cocina-huella-cero-9-(1)_optimized' height=\"600\" width=\"1332\"  itemprop=\"thumbnailUrl\" srcset=\"https:\/\/radiorevelacionfm.cl\/wp-content\/uploads\/2024\/03\/turismo-cero-impacto-cocina-huella-cero-9-1_optimized.jpg 1332w, https:\/\/radiorevelacionfm.cl\/wp-content\/uploads\/2024\/03\/turismo-cero-impacto-cocina-huella-cero-9-1_optimized-300x135.jpg 300w, https:\/\/radiorevelacionfm.cl\/wp-content\/uploads\/2024\/03\/turismo-cero-impacto-cocina-huella-cero-9-1_optimized-1030x464.jpg 1030w, https:\/\/radiorevelacionfm.cl\/wp-content\/uploads\/2024\/03\/turismo-cero-impacto-cocina-huella-cero-9-1_optimized-768x346.jpg 768w, https:\/\/radiorevelacionfm.cl\/wp-content\/uploads\/2024\/03\/turismo-cero-impacto-cocina-huella-cero-9-1_optimized-705x318.jpg 705w, https:\/\/radiorevelacionfm.cl\/wp-content\/uploads\/2024\/03\/turismo-cero-impacto-cocina-huella-cero-9-1_optimized-450x203.jpg 450w, https:\/\/radiorevelacionfm.cl\/wp-content\/uploads\/2024\/03\/turismo-cero-impacto-cocina-huella-cero-9-1_optimized-600x270.jpg 600w\" sizes=\"(max-width: 1332px) 100vw, 1332px\" \/><\/div><\/div><\/div><\/div><div class=\"flex_column av_one_full  flex_column_div av-zero-column-padding first  avia-builder-el-2  el_after_av_one_full  el_before_av_one_full  column-top-margin\" style='border-radius:0px; '><section class=\"av_textblock_section \"  itemscope=\"itemscope\" itemtype=\"https:\/\/schema.org\/BlogPosting\" itemprop=\"blogPost\" ><div class='avia_textblock  '   itemprop=\"text\" ><p style=\"text-align: center;\"><strong><span style=\"font-size: 18pt;\">\u00abTurismo Cero Impacto\u00bb: El proyecto que prepara a emprendedore\/as de S\u00e1nchez, Murta, Tranquilo, Guadal y Bertrand para enfrentar el cambio clim\u00e1tico<\/span><\/strong><\/p>\n<div id=\"gtx-trans\" style=\"position: absolute; left: -50px; top: 4.31534px;\">\n<div class=\"gtx-trans-icon\"><\/div>\n<\/div>\n<\/div><\/section><\/div><div class=\"flex_column av_one_full  flex_column_div av-zero-column-padding first  avia-builder-el-4  el_after_av_one_full  el_before_av_hr  column-top-margin\" style='border-radius:0px; '><section class=\"av_textblock_section \"  itemscope=\"itemscope\" itemtype=\"https:\/\/schema.org\/BlogPosting\" itemprop=\"blogPost\" ><div class='avia_textblock  '   itemprop=\"text\" ><p dir=\"ltr\" style=\"text-align: justify;\">Con tres semanas de actividades en terreno junto a la treintena de personas inscritas continu\u00f3 durante el mes de marzo la ejecuci\u00f3n del proyecto \u00abTurismo Cero Impacto: Valor agregado y adaptaci\u00f3n clim\u00e1tica con cocina local y gesti\u00f3n de residuos\u00bb que ejecuta durante 2024 la Corporaci\u00f3n Chelenko. La iniciativa, de dos a\u00f1os de duraci\u00f3n, es financiada a trav\u00e9s del fondo Bienes P\u00fablicos del Programa de Desarrollo Productivo Sostenible de Corfo, que busca fortalecer la colaboraci\u00f3n integral entre los sectores p\u00fablico, privado, acad\u00e9mico y la sociedad civil.<\/p>\n<p dir=\"ltr\" style=\"text-align: justify;\">En esta primera etapa de la l\u00ednea \u00abGesti\u00f3n de Residuos S\u00f3lidos\u00bb, que se desarroll\u00f3 del 8 al 15 de marzo, las profesionales de la Fundaci\u00f3n Lenga Paulina Rojas Moreno y Josefa Valenzuela Correa, junto a la coordinadora Jasmia Y\u00e1\u00f1ez Henr\u00edquez, visitaron a las y los participantes que se inscribieron en el piloto respectivo. Es as\u00ed que se trasladaron a Puerto S\u00e1nchez, Bah\u00eda Murta, Puerto R\u00edo Tranquilo, Puerto Guadal y Puerto Bertrand.<\/p>\n<p dir=\"ltr\" style=\"text-align: justify;\">Se trat\u00f3 del primer trabajo en terreno de los cinco que desarrollar\u00e1n durante el a\u00f1o. \u00abSe entrevist\u00f3 a los 20 actores del piloto, y en gran parte de las visitas se midieron sus residuos. A esto se sumaron conversaciones con ciertos actores clave\u00bb explic\u00f3 Valenzuela.<\/p>\n<p dir=\"ltr\" style=\"text-align: justify;\">La idea, \u00ablevantar un diagn\u00f3stico inicial sobre la gesti\u00f3n de los residuos, para comprender tanto a nivel territorial como de cada localidad la infraestructura disponible y\u00a0 algunas trabas para su gesti\u00f3n integral. Y, asimismo, sus motivaciones, como una forma de tener una idea sobre c\u00f3mo opera cada uno, qu\u00e9 realizan, cu\u00e1les son sus servicios y c\u00f3mo se planifican en cuanto a la gesti\u00f3n puntual de residuos, viendo in situ c\u00f3mo es su sitio de acopio, si tienen contenedores diferenciados o no, entre otros \u00e1mbitos\u00bb rese\u00f1\u00f3.<\/p>\n<p dir=\"ltr\" style=\"text-align: justify;\">Participan en esta l\u00ednea emprendedores\/as de las \u00e1reas de gastronom\u00eda, alojamientos, tours, gu\u00edas y arriendo de bicicletas.<\/p>\n<p dir=\"ltr\" style=\"text-align: justify;\">La gira fue registrada por el audiovisualista Daniel Casado Bissone, quien elaborar\u00e1 un documental que mostrar\u00e1 el proceso completo.<\/p>\n<p dir=\"ltr\" style=\"text-align: justify;\">El mi\u00e9rcoles 20 de marzo, en tanto, se efectu\u00f3 el lanzamiento del piloto \u00abCocina Huella Cero\u00bb en el restor\u00e1n CB Gastronom\u00eda en Coyhaique, del investigador culinario regional Christian Balboa Corval\u00e1n, quien es el asesor de esta l\u00ednea de trabajo. La coordinaci\u00f3n est\u00e1 a cargo de Fernanda Solar Vera y participan en \u00e9ste uno\/as 20 emprendedores\/as.<\/p>\n<p dir=\"ltr\" style=\"text-align: justify;\">Durante la ma\u00f1ana se realiz\u00f3 un taller en el Centro Cultural de Coyhaique, que facilit\u00f3 la Corporaci\u00f3n Cultural Municipal, el cual contempl\u00f3 din\u00e1micas para reconocer los productos locales que las recolectoras, productoras y propietarias de restoranes provenientes tambi\u00e9n de S\u00e1nchez, Murta, Tranquilo, Guadal y Bertrand utilizan en sus actividades.<\/p>\n<p dir=\"ltr\" style=\"text-align: justify;\">Balboa indic\u00f3 que la visita a sus instalaciones permiti\u00f3 a las asistentes \u00abver tecnolog\u00eda, maquinarias que producen ciertos efectos y prolongaci\u00f3n de vida en los alimentos, en el marco de reducir la huella y de optimizar los productos\u00bb. \u00abLa jornada estuvo bien bonita, los participantes quedaron bien contentos, yo tambi\u00e9n, porque quedamos todos mucho m\u00e1s motivados para lo que viene m\u00e1s adelante\u00bb fue su impresi\u00f3n.<\/p>\n<p dir=\"ltr\" style=\"text-align: justify;\">\u00c9sta fue la primera etapa de un trabajo que incluir\u00e1 cuatro viajes del chef a la cuenca del lago General Carrera para acompa\u00f1ar el proceso de aprendizaje de las participantes hacia la cocina huella cero, formato gastron\u00f3mico que busca minimizar los impactos ambientales locales y clim\u00e1ticos de la actividad. El desarrollo de esta l\u00ednea durante 2024 se plasmar\u00e1 en una gu\u00eda que grafique la evoluci\u00f3n y que sirva de pauta para otros actores y territorios.<\/p>\n<p dir=\"ltr\" style=\"text-align: justify;\">En el dise\u00f1o general de proyecto se contempl\u00f3 que diez inscrito\/as participen en ambos pilotos, como una v\u00eda para potenciar fomentar la formaci\u00f3n cruzada.<\/p>\n<p dir=\"ltr\" style=\"text-align: justify;\">El proyecto \u00abTurismo Cero Impacto: Valor agregado y adaptaci\u00f3n clim\u00e1tica con cocina local y gesti\u00f3n de residuos\u00bb cuenta con Carolina Rojas Rom\u00e1n como coordinadora general y la vicepresidenta de la Corporaci\u00f3n Chelenko, Miriam Chible Contreras, como coordinadora alterna.<\/p>\n<p dir=\"ltr\" style=\"text-align: justify;\">Una iniciativa que, como tercer componente, busca elaborar una propuesta de dise\u00f1o e implementaci\u00f3n de un Observatorio de Turismo Sustentable y Cambio Clim\u00e1tico, que coordina el periodista Patricio Segura Ortiz y que cuenta con la asesor\u00eda del investigador Fabien Bourlon Chaboud y el apoyo del Centro de Investigaci\u00f3n en Ecosistemas de la Patagonia (CIEP), la Corporaci\u00f3n Privada para el Desarrollo de Ays\u00e9n (CODESA) y la Plataforma de Desarrollo Territorial CERMOSEM de la Universidad de Grenoble Alpes.<\/p>\n<p dir=\"ltr\" style=\"text-align: justify;\">Por lo pronto, se han sumado al grupo asesor ampliado de esta l\u00ednea de trabajo el Campus Patagonia de la Universidad Austral de Chile, la seremi del Medio Ambiente, Sernatur y Corfo, adem\u00e1s de otros investigadores del \u00e1rea.<\/p>\n<p dir=\"ltr\" style=\"text-align: justify;\">El director de Corfo Ays\u00e9n, Humberto Mar\u00edn Leiva, quien particip\u00f3 en el lanzamiento del piloto \u00abCocina Huella Cero\u00bb, se\u00f1al\u00f3 que \u00ablos objetivos de este Bien P\u00fablico se alinean con el Programa de Desarrollo Productivo Sostenible, donde la innovaci\u00f3n, la sustentabilidad y la colaboraci\u00f3n son pilares fundamentales\u00bb. En este sentido, indic\u00f3 que \u00a0\u00abdesde Corfo estamos comprometidos a impulsar proyectos que no s\u00f3lo generen crecimiento econ\u00f3mico, sino que tambi\u00e9n protejan nuestro entorno natural y fomenten la inclusi\u00f3n social. Creemos firmemente en el potencial de un desarrollo productivo que sea sostenible a largo plazo, donde la prosperidad se construya en armon\u00eda con nuestro medio ambiente y se traduzca en beneficios tangibles para todos los habitantes de nuestra regi\u00f3n\u00bb.<\/p>\n<p dir=\"ltr\" style=\"text-align: justify;\">En la ocasi\u00f3n, el director de Sernatur Ays\u00e9n, Claudio Montecinos Angulo apunt\u00f3 a que \u00abdesde Sernatur Ays\u00e9n nos interesa apoyar y relevar este proyecto de Bien P\u00fablico denominado Turismo Cero Impacto, principalmente porque aborda la problem\u00e1tica de la crisis clim\u00e1tica a trav\u00e9s de la puesta en valor de la oferta tur\u00edstica del destino en general, y particularmente del destino de la cuenca del lago General Carrera\u00bb.<\/p>\n<p dir=\"ltr\" style=\"text-align: justify;\">La iniciativa incluye diversas acciones de difusi\u00f3n, como el <a href=\"https:\/\/open.spotify.com\/show\/4tC7kxR8SCP8qoJZ8g6RoT?si=b6b4ee0c497a4bfc&amp;nd=1&amp;dlsi=5af3280abc7e4a84\" target=\"_blank\" rel=\"noopener noreferrer\">podcast radial mensual \u00abChelenko Huella Cero\u00bb<\/a>, conducido por Francisca D\u00edaz Bodel\u00f3n, que se transmite a trav\u00e9s de la plataforma Spotify y, gracias al apoyo del municipio local, de las radios municipales de la comuna de R\u00edo Ib\u00e1\u00f1ez, y de las emisoras Sol Austral de Chile Chico y Chelenko de Puerto Guadal.<\/p>\n<\/div><\/section><\/div><div  style='height:50px' class='hr hr-invisible   avia-builder-el-6  el_after_av_one_full  el_before_av_social_share '><span class='hr-inner ' ><span class='hr-inner-style'><\/span><\/span><\/div><\/p>\n<div  class='av-social-sharing-box  avia-builder-el-7  el_after_av_hr  el_before_av_hr  '><div class='av-share-box'><h5 class='av-share-link-description av-no-toc '>Compartir esta noticia<\/h5><ul class='av-share-box-list noLightbox'><li class='av-share-link av-social-link-facebook' ><a target=\"_blank\" aria-label=\"Compartir en Facebook\" href='https:\/\/www.facebook.com\/sharer.php?u=https:\/\/radiorevelacionfm.cl\/?p=40851&#038;t=%C2%ABTurismo%20Cero%20Impacto%C2%BB%3A%20El%20proyecto%20que%20prepara%20a%20emprendedore%2Fas%20de%20S%C3%A1nchez%2C%20Murta%2C%20Tranquilo%2C%20Guadal%20y%20Bertrand%20para%20enfrentar%20el%20cambio%20clim%C3%A1tico' aria-hidden='false' data-av_icon='\ue8f3' data-av_iconfont='entypo-fontello' title='' data-avia-related-tooltip='Compartir en Facebook' rel=\"noopener\"><span class='avia_hidden_link_text'>Compartir en Facebook<\/span><\/a><\/li><li class='av-share-link av-social-link-twitter' ><a target=\"_blank\" aria-label=\"Compartir en Twitter\" href='https:\/\/twitter.com\/share?text=%C2%ABTurismo%20Cero%20Impacto%C2%BB%3A%20El%20proyecto%20que%20prepara%20a%20emprendedore%2Fas%20de%20S%C3%A1nchez%2C%20Murta%2C%20Tranquilo%2C%20Guadal%20y%20Bertrand%20para%20enfrentar%20el%20cambio%20clim%C3%A1tico&#038;url=https:\/\/radiorevelacionfm.cl\/?p=40851' aria-hidden='false' data-av_icon='\ue8f1' data-av_iconfont='entypo-fontello' title='' data-avia-related-tooltip='Compartir en Twitter' rel=\"noopener\"><span class='avia_hidden_link_text'>Compartir en Twitter<\/span><\/a><\/li><li class='av-share-link av-social-link-whatsapp' ><a target=\"_blank\" aria-label=\"Compartir en Whatsapp\" href='https:\/\/api.whatsapp.com\/send?text=https:\/\/radiorevelacionfm.cl\/?p=40851' aria-hidden='false' data-av_icon='\uf232' data-av_iconfont='entypo-fontello' title='' data-avia-related-tooltip='Compartir en Whatsapp' rel=\"noopener\"><span class='avia_hidden_link_text'>Compartir en Whatsapp<\/span><\/a><\/li><li class='av-share-link av-social-link-linkedin' ><a target=\"_blank\" aria-label=\"Compartir en LinkedIn\" href='https:\/\/linkedin.com\/shareArticle?mini=true&#038;title=%C2%ABTurismo%20Cero%20Impacto%C2%BB%3A%20El%20proyecto%20que%20prepara%20a%20emprendedore%2Fas%20de%20S%C3%A1nchez%2C%20Murta%2C%20Tranquilo%2C%20Guadal%20y%20Bertrand%20para%20enfrentar%20el%20cambio%20clim%C3%A1tico&#038;url=https:\/\/radiorevelacionfm.cl\/?p=40851' aria-hidden='false' data-av_icon='\ue8fc' data-av_iconfont='entypo-fontello' title='' data-avia-related-tooltip='Compartir en LinkedIn' rel=\"noopener\"><span class='avia_hidden_link_text'>Compartir en LinkedIn<\/span><\/a><\/li><li class='av-share-link av-social-link-mail' ><a  aria-label=\"Compartir por correo\" href='mailto:?subject=%C2%ABTurismo%20Cero%20Impacto%C2%BB%3A%20El%20proyecto%20que%20prepara%20a%20emprendedore%2Fas%20de%20S%C3%A1nchez%2C%20Murta%2C%20Tranquilo%2C%20Guadal%20y%20Bertrand%20para%20enfrentar%20el%20cambio%20clim%C3%A1tico&#038;body=https:\/\/radiorevelacionfm.cl\/?p=40851' aria-hidden='false' data-av_icon='\ue805' data-av_iconfont='entypo-fontello' title='' data-avia-related-tooltip='Compartir por correo'><span class='avia_hidden_link_text'>Compartir por correo<\/span><\/a><\/li><\/ul><\/div><\/div>\n<div  style='height:50px' class='hr hr-invisible   avia-builder-el-8  el_after_av_social_share  el_before_av_comments_list '><span class='hr-inner ' ><span class='hr-inner-style'><\/span><\/span><\/div>\n<div  class='av-buildercomment  av-blog-meta-html-info-disabled av-blog-meta-tag-disabled  '><\/div>\n","protected":false},"excerpt":{"rendered":"","protected":false},"author":1,"featured_media":40852,"comment_status":"open","ping_status":"open","sticky":false,"template":"","format":"standard","meta":{"footnotes":""},"categories":[38],"tags":[],"class_list":["post-40851","post","type-post","status-publish","format-standard","has-post-thumbnail","hentry","category-regional"],"jetpack_featured_media_url":"https:\/\/radiorevelacionfm.cl\/wp-content\/uploads\/2024\/03\/turismo-cero-impacto-cocina-huella-cero-9-1_optimized.jpg","_links":{"self":[{"href":"https:\/\/radiorevelacionfm.cl\/index.php?rest_route=\/wp\/v2\/posts\/40851","targetHints":{"allow":["GET"]}}],"collection":[{"href":"https:\/\/radiorevelacionfm.cl\/index.php?rest_route=\/wp\/v2\/posts"}],"about":[{"href":"https:\/\/radiorevelacionfm.cl\/index.php?rest_route=\/wp\/v2\/types\/post"}],"author":[{"embeddable":true,"href":"https:\/\/radiorevelacionfm.cl\/index.php?rest_route=\/wp\/v2\/users\/1"}],"replies":[{"embeddable":true,"href":"https:\/\/radiorevelacionfm.cl\/index.php?rest_route=%2Fwp%2Fv2%2Fcomments&post=40851"}],"version-history":[{"count":1,"href":"https:\/\/radiorevelacionfm.cl\/index.php?rest_route=\/wp\/v2\/posts\/40851\/revisions"}],"predecessor-version":[{"id":40853,"href":"https:\/\/radiorevelacionfm.cl\/index.php?rest_route=\/wp\/v2\/posts\/40851\/revisions\/40853"}],"wp:featuredmedia":[{"embeddable":true,"href":"https:\/\/radiorevelacionfm.cl\/index.php?rest_route=\/wp\/v2\/media\/40852"}],"wp:attachment":[{"href":"https:\/\/radiorevelacionfm.cl\/index.php?rest_route=%2Fwp%2Fv2%2Fmedia&parent=40851"}],"wp:term":[{"taxonomy":"category","embeddable":true,"href":"https:\/\/radiorevelacionfm.cl\/index.php?rest_route=%2Fwp%2Fv2%2Fcategories&post=40851"},{"taxonomy":"post_tag","embeddable":true,"href":"https:\/\/radiorevelacionfm.cl\/index.php?rest_route=%2Fwp%2Fv2%2Ftags&post=40851"}],"curies":[{"name":"wp","href":"https:\/\/api.w.org\/{rel}","templated":true}]}}