{"id":40841,"date":"2024-03-31T16:19:38","date_gmt":"2024-03-31T19:19:38","guid":{"rendered":"https:\/\/radiorevelacionfm.cl\/?p=40841"},"modified":"2024-03-31T16:19:38","modified_gmt":"2024-03-31T19:19:38","slug":"destacan-trabajo-desarrollado-para-mejorar-condiciones-de-mujeres-privadas-de-libertad","status":"publish","type":"post","link":"https:\/\/radiorevelacionfm.cl\/?p=40841","title":{"rendered":"Destacan trabajo desarrollado para mejorar condiciones de mujeres privadas de libertad"},"content":{"rendered":"<div class=\"flex_column av_one_full  flex_column_div av-zero-column-padding first  avia-builder-el-0  el_before_av_one_full  avia-builder-el-first  \" style='border-radius:0px; '><div  class='avia-image-container  av-styling-    avia-builder-el-1  avia-builder-el-no-sibling  avia-align-center '  itemprop=\"image\" itemscope=\"itemscope\" itemtype=\"https:\/\/schema.org\/ImageObject\"  ><div class='avia-image-container-inner'><div class='avia-image-overlay-wrap'><img decoding=\"async\" class='wp-image-40842 avia-img-lazy-loading-not-40842 avia_image' src=\"https:\/\/radiorevelacionfm.cl\/wp-content\/uploads\/2024\/03\/SEREMIS-3-1-1.jpg\" alt='' title='SEREMIS (3) (1) (1)' height=\"615\" width=\"804\"  itemprop=\"thumbnailUrl\" srcset=\"https:\/\/radiorevelacionfm.cl\/wp-content\/uploads\/2024\/03\/SEREMIS-3-1-1.jpg 804w, https:\/\/radiorevelacionfm.cl\/wp-content\/uploads\/2024\/03\/SEREMIS-3-1-1-300x229.jpg 300w, https:\/\/radiorevelacionfm.cl\/wp-content\/uploads\/2024\/03\/SEREMIS-3-1-1-768x587.jpg 768w, https:\/\/radiorevelacionfm.cl\/wp-content\/uploads\/2024\/03\/SEREMIS-3-1-1-705x539.jpg 705w, https:\/\/radiorevelacionfm.cl\/wp-content\/uploads\/2024\/03\/SEREMIS-3-1-1-450x344.jpg 450w, https:\/\/radiorevelacionfm.cl\/wp-content\/uploads\/2024\/03\/SEREMIS-3-1-1-600x459.jpg 600w\" sizes=\"(max-width: 804px) 100vw, 804px\" \/><\/div><\/div><\/div><\/div><div class=\"flex_column av_one_full  flex_column_div av-zero-column-padding first  avia-builder-el-2  el_after_av_one_full  el_before_av_one_full  column-top-margin\" style='border-radius:0px; '><section class=\"av_textblock_section \"  itemscope=\"itemscope\" itemtype=\"https:\/\/schema.org\/BlogPosting\" itemprop=\"blogPost\" ><div class='avia_textblock  '   itemprop=\"text\" ><p style=\"text-align: center;\"><strong><span style=\"font-size: 18pt;\">Destacan trabajo desarrollado para mejorar condiciones de mujeres privadas de libertad<\/span><\/strong><\/p>\n<div id=\"gtx-trans\" style=\"position: absolute; left: -50px; top: 4.31534px;\">\n<div class=\"gtx-trans-icon\"><\/div>\n<\/div>\n<\/div><\/section><\/div><div class=\"flex_column av_one_full  flex_column_div av-zero-column-padding first  avia-builder-el-4  el_after_av_one_full  el_before_av_hr  column-top-margin\" style='border-radius:0px; '><section class=\"av_textblock_section \"  itemscope=\"itemscope\" itemtype=\"https:\/\/schema.org\/BlogPosting\" itemprop=\"blogPost\" ><div class='avia_textblock  '   itemprop=\"text\" ><p style=\"text-align: justify;\">Diversas acciones e iniciativas se vienen desarrollando desde el a\u00f1o 2022 en el marco de la Mesa Mujeres Privadas de Libertad, trabajo que ha reunido a distintos servicios p\u00fablicos y que tiene como objetivo mitigar el problema de habitabilidad y esparcimiento al interior de la secci\u00f3n femenina del Centro de Cumplimiento Penitenciario de Coyhaique, cautelando sus derechos en el espacio de privaci\u00f3n de libertad.<\/p>\n<p style=\"text-align: justify;\">As\u00ed lo dieron a conocer los seremis de Justicia y Derechos Humanos Samuel Navarro y de la Mujer y Equidad de G\u00e9nero Andrea M\u00e9ndez, quienes indicaron que se encuentran ocupados por atender la situaci\u00f3n que enfrentan actualmente las mujeres privadas de libertad, y que se est\u00e1 trabajando para mejorar dichas condiciones, en el corto y mediano plazo.<\/p>\n<p style=\"text-align: justify;\">En este sentido, el Seremi de Justicia y Derechos Humanos Samuel Navarro Castro se\u00f1al\u00f3 que \u201cestamos conscientes de la situaci\u00f3n de hacinamiento y precariedad con el que cuenta nuestro recinto penal de Coyhaique, y se est\u00e1n haciendo las gestiones administrativas y de proyectos para poder mitigar de la mejor forma en condiciones de seguridad, segregaci\u00f3n y tambi\u00e9n de habitabilidad la situaci\u00f3n penitenciaria actual, ahora bien, cuando estas \u00faltimas medidas se pongan en pr\u00e1ctica, ya sea con fallo judicial o sin \u00e9ste, se comunicar\u00e1n a la comunidad, pues de momento nuestra principal funci\u00f3n (en esta materia), es trabajar por mejorar dichas condiciones\u201d.<\/p>\n<p style=\"text-align: justify;\">En tanto, la seremi de la Mujer y Equidad de G\u00e9nero Andrea M\u00e9ndez indic\u00f3 que \u201cla situaci\u00f3n de las mujeres privadas de libertad ha sido de toda nuestra preocupaci\u00f3n desde el inicio de nuestra gesti\u00f3n, lo cual se ha expresado en visitas peri\u00f3dicas y el seguimiento de compromisos emanados de diferentes servicios p\u00fablicos. Es por ello que, conocemos y comprendemos las problem\u00e1ticas descritas en el recurso de amparo recientemente presentado y ante lo cual estamos trabajando con el sector de Justicia, con el objetivo de avanzar en mejores condiciones carcelarias para las mujeres\u201d.<\/p>\n<p style=\"text-align: justify;\">Cabe mencionar que actualmente se est\u00e1 a la espera de la resoluci\u00f3n de la apelaci\u00f3n al fallo dictado por la Corte de Apelaciones de Coyhaique tras acoger en primera instancia un recurso de amparo presentado por la Defensor\u00eda Penal P\u00fablica y el Instituto Nacional de Derechos Humanos a favor de las mujeres privadas de libertad, recurso que fuera presentado ante la Corte Suprema.<\/p>\n<p style=\"text-align: justify;\">Finalmente, ambas autoridades regionales coincidieron en que se han realizado esfuerzos permanentes por tratar de mitigar la problem\u00e1tica que enfrentan las mujeres al interior del recinto penal de Coyhaique, y que seguir\u00e1n en esta senda de trabajo propendiendo a la equidad y al respeto por los derechos humanos.<\/p>\n<\/div><\/section><\/div><div  style='height:50px' class='hr hr-invisible   avia-builder-el-6  el_after_av_one_full  el_before_av_social_share '><span class='hr-inner ' ><span class='hr-inner-style'><\/span><\/span><\/div><\/p>\n<div  class='av-social-sharing-box  avia-builder-el-7  el_after_av_hr  el_before_av_hr  '><div class='av-share-box'><h5 class='av-share-link-description av-no-toc '>Compartir esta noticia<\/h5><ul class='av-share-box-list noLightbox'><li class='av-share-link av-social-link-facebook' ><a target=\"_blank\" aria-label=\"Compartir en Facebook\" href='https:\/\/www.facebook.com\/sharer.php?u=https:\/\/radiorevelacionfm.cl\/?p=40841&#038;t=Destacan%20trabajo%20desarrollado%20para%20mejorar%20condiciones%20de%20mujeres%20privadas%20de%20libertad' aria-hidden='false' data-av_icon='\ue8f3' data-av_iconfont='entypo-fontello' title='' data-avia-related-tooltip='Compartir en Facebook' rel=\"noopener\"><span class='avia_hidden_link_text'>Compartir en Facebook<\/span><\/a><\/li><li class='av-share-link av-social-link-twitter' ><a target=\"_blank\" aria-label=\"Compartir en Twitter\" href='https:\/\/twitter.com\/share?text=Destacan%20trabajo%20desarrollado%20para%20mejorar%20condiciones%20de%20mujeres%20privadas%20de%20libertad&#038;url=https:\/\/radiorevelacionfm.cl\/?p=40841' aria-hidden='false' data-av_icon='\ue8f1' data-av_iconfont='entypo-fontello' title='' data-avia-related-tooltip='Compartir en Twitter' rel=\"noopener\"><span class='avia_hidden_link_text'>Compartir en Twitter<\/span><\/a><\/li><li class='av-share-link av-social-link-whatsapp' ><a target=\"_blank\" aria-label=\"Compartir en Whatsapp\" href='https:\/\/api.whatsapp.com\/send?text=https:\/\/radiorevelacionfm.cl\/?p=40841' aria-hidden='false' data-av_icon='\uf232' data-av_iconfont='entypo-fontello' title='' data-avia-related-tooltip='Compartir en Whatsapp' rel=\"noopener\"><span class='avia_hidden_link_text'>Compartir en Whatsapp<\/span><\/a><\/li><li class='av-share-link av-social-link-linkedin' ><a target=\"_blank\" aria-label=\"Compartir en LinkedIn\" href='https:\/\/linkedin.com\/shareArticle?mini=true&#038;title=Destacan%20trabajo%20desarrollado%20para%20mejorar%20condiciones%20de%20mujeres%20privadas%20de%20libertad&#038;url=https:\/\/radiorevelacionfm.cl\/?p=40841' aria-hidden='false' data-av_icon='\ue8fc' data-av_iconfont='entypo-fontello' title='' data-avia-related-tooltip='Compartir en LinkedIn' rel=\"noopener\"><span class='avia_hidden_link_text'>Compartir en LinkedIn<\/span><\/a><\/li><li class='av-share-link av-social-link-mail' ><a  aria-label=\"Compartir por correo\" href='mailto:?subject=Destacan%20trabajo%20desarrollado%20para%20mejorar%20condiciones%20de%20mujeres%20privadas%20de%20libertad&#038;body=https:\/\/radiorevelacionfm.cl\/?p=40841' aria-hidden='false' data-av_icon='\ue805' data-av_iconfont='entypo-fontello' title='' data-avia-related-tooltip='Compartir por correo'><span class='avia_hidden_link_text'>Compartir por correo<\/span><\/a><\/li><\/ul><\/div><\/div>\n<div  style='height:50px' class='hr hr-invisible   avia-builder-el-8  el_after_av_social_share  el_before_av_comments_list '><span class='hr-inner ' ><span class='hr-inner-style'><\/span><\/span><\/div>\n<div  class='av-buildercomment  av-blog-meta-html-info-disabled av-blog-meta-tag-disabled  '><\/div>\n","protected":false},"excerpt":{"rendered":"","protected":false},"author":1,"featured_media":40842,"comment_status":"open","ping_status":"open","sticky":false,"template":"","format":"standard","meta":{"footnotes":""},"categories":[55],"tags":[],"class_list":["post-40841","post","type-post","status-publish","format-standard","has-post-thumbnail","hentry","category-justicia"],"jetpack_featured_media_url":"https:\/\/radiorevelacionfm.cl\/wp-content\/uploads\/2024\/03\/SEREMIS-3-1-1.jpg","_links":{"self":[{"href":"https:\/\/radiorevelacionfm.cl\/index.php?rest_route=\/wp\/v2\/posts\/40841","targetHints":{"allow":["GET"]}}],"collection":[{"href":"https:\/\/radiorevelacionfm.cl\/index.php?rest_route=\/wp\/v2\/posts"}],"about":[{"href":"https:\/\/radiorevelacionfm.cl\/index.php?rest_route=\/wp\/v2\/types\/post"}],"author":[{"embeddable":true,"href":"https:\/\/radiorevelacionfm.cl\/index.php?rest_route=\/wp\/v2\/users\/1"}],"replies":[{"embeddable":true,"href":"https:\/\/radiorevelacionfm.cl\/index.php?rest_route=%2Fwp%2Fv2%2Fcomments&post=40841"}],"version-history":[{"count":1,"href":"https:\/\/radiorevelacionfm.cl\/index.php?rest_route=\/wp\/v2\/posts\/40841\/revisions"}],"predecessor-version":[{"id":40843,"href":"https:\/\/radiorevelacionfm.cl\/index.php?rest_route=\/wp\/v2\/posts\/40841\/revisions\/40843"}],"wp:featuredmedia":[{"embeddable":true,"href":"https:\/\/radiorevelacionfm.cl\/index.php?rest_route=\/wp\/v2\/media\/40842"}],"wp:attachment":[{"href":"https:\/\/radiorevelacionfm.cl\/index.php?rest_route=%2Fwp%2Fv2%2Fmedia&parent=40841"}],"wp:term":[{"taxonomy":"category","embeddable":true,"href":"https:\/\/radiorevelacionfm.cl\/index.php?rest_route=%2Fwp%2Fv2%2Fcategories&post=40841"},{"taxonomy":"post_tag","embeddable":true,"href":"https:\/\/radiorevelacionfm.cl\/index.php?rest_route=%2Fwp%2Fv2%2Ftags&post=40841"}],"curies":[{"name":"wp","href":"https:\/\/api.w.org\/{rel}","templated":true}]}}