{"id":40836,"date":"2024-03-30T21:05:06","date_gmt":"2024-03-31T00:05:06","guid":{"rendered":"https:\/\/radiorevelacionfm.cl\/?p=40836"},"modified":"2024-03-30T21:09:35","modified_gmt":"2024-03-31T00:09:35","slug":"inauguran-escuelas-con-energia-en-jardin-infantil-la-villita-de-coyhaique","status":"publish","type":"post","link":"https:\/\/radiorevelacionfm.cl\/?p=40836","title":{"rendered":"Inauguran \u201cEscuelas con Energ\u00eda\u201d en Jard\u00edn Infantil \u201cLa Villita\u201d de Villa Ortega"},"content":{"rendered":"<div class=\"flex_column av_one_full  flex_column_div av-zero-column-padding first  avia-builder-el-0  el_before_av_one_full  avia-builder-el-first  \" style='border-radius:0px; '><div  class='avia-image-container  av-styling-    avia-builder-el-1  avia-builder-el-no-sibling  avia-align-center '  itemprop=\"image\" itemscope=\"itemscope\" itemtype=\"https:\/\/schema.org\/ImageObject\"  ><div class='avia-image-container-inner'><div class='avia-image-overlay-wrap'><img decoding=\"async\" class='wp-image-40837 avia-img-lazy-loading-not-40837 avia_image' src=\"https:\/\/radiorevelacionfm.cl\/wp-content\/uploads\/2024\/03\/escuelas-con-energia-20240-1_optimized.jpeg\" alt='' title='escuelas-con-energ\u00eda-20240-(1)_optimized' height=\"600\" width=\"800\"  itemprop=\"thumbnailUrl\" srcset=\"https:\/\/radiorevelacionfm.cl\/wp-content\/uploads\/2024\/03\/escuelas-con-energia-20240-1_optimized.jpeg 800w, https:\/\/radiorevelacionfm.cl\/wp-content\/uploads\/2024\/03\/escuelas-con-energia-20240-1_optimized-300x225.jpeg 300w, https:\/\/radiorevelacionfm.cl\/wp-content\/uploads\/2024\/03\/escuelas-con-energia-20240-1_optimized-768x576.jpeg 768w, https:\/\/radiorevelacionfm.cl\/wp-content\/uploads\/2024\/03\/escuelas-con-energia-20240-1_optimized-705x529.jpeg 705w, https:\/\/radiorevelacionfm.cl\/wp-content\/uploads\/2024\/03\/escuelas-con-energia-20240-1_optimized-450x338.jpeg 450w, https:\/\/radiorevelacionfm.cl\/wp-content\/uploads\/2024\/03\/escuelas-con-energia-20240-1_optimized-600x450.jpeg 600w\" sizes=\"(max-width: 800px) 100vw, 800px\" \/><\/div><\/div><\/div><\/div>\n<div class=\"flex_column av_one_full  flex_column_div av-zero-column-padding first  avia-builder-el-2  el_after_av_one_full  el_before_av_one_full  column-top-margin\" style='border-radius:0px; '><section class=\"av_textblock_section \"  itemscope=\"itemscope\" itemtype=\"https:\/\/schema.org\/BlogPosting\" itemprop=\"blogPost\" ><div class='avia_textblock  '   itemprop=\"text\" ><p style=\"text-align: center;\"><strong><span style=\"font-size: 18pt;\">Inauguran \u201cEscuelas con Energ\u00eda\u201d en Jard\u00edn Infantil \u201cLa Villita\u201d de Villa Ortega<\/span><\/strong><\/p>\n<div id=\"gtx-trans\" style=\"position: absolute; left: -50px; top: 4.31534px;\">\n<div class=\"gtx-trans-icon\"><\/div>\n<\/div>\n<\/div><\/section><\/div><div class=\"flex_column av_one_full  flex_column_div av-zero-column-padding first  avia-builder-el-4  el_after_av_one_full  el_before_av_hr  column-top-margin\" style='border-radius:0px; '><section class=\"av_textblock_section \"  itemscope=\"itemscope\" itemtype=\"https:\/\/schema.org\/BlogPosting\" itemprop=\"blogPost\" ><div class='avia_textblock  '   itemprop=\"text\" ><p style=\"text-align: justify;\">Con el prop\u00f3sito de contribuir a disminuir la brecha que existe entre las peque\u00f1as escuelas del mundo rural, Edelaysen dio inicio a su programa \u201cEscuelas con Energ\u00eda\u201d para este 2024. Programa que tuvo lugar en el Jard\u00edn Infantil \u201cLa Villita\u201d de la localidad de Villa Ortega.<\/p>\n<p style=\"text-align: justify;\">Patricio Raimilla, jefe de Servicio al Cliente de Edelaysen destac\u00f3: \u201cComo Edelaysen estamos felices de lanzar nuestro programa \u201cEscuelas con Energ\u00eda\u201d aqu\u00ed en el jard\u00edn infantil \u201cLa Villita\u201d. Creemos firmemente en el poder transformador de la educaci\u00f3n y estamos comprometidos en apoyar a las comunidades donde operamos. Pues nuestro objetivo es contribuir al desarrollo integral de los ni\u00f1os y ni\u00f1as y esta iniciativa busca precisamente eso, ser un aporte real a nuestras comunidades\u201d.<\/p>\n<p style=\"text-align: justify;\">En una emotiva ceremonia, representantes de la el\u00e9ctrica se reunieron con los ni\u00f1os, padres y personal del jard\u00edn infantil para hacer entrega de \u00fatiles escolares, adem\u00e1s de botas de goma y capas para la lluvia, elementos fundamentales para enfrentar el a\u00f1o escolar y las inclemencias del tiempo en la Patagonia.<\/p>\n<p style=\"text-align: justify;\">Noem\u00ed Mu\u00f1oz, apoderada del jard\u00edn infantil mencion\u00f3 que: \u201cLa experiencia de hoy con Edelaysen fue muy linda, agradecemos mucho como apoderados los regalos que le dieron a los ni\u00f1os, yo soy la presidenta de apoderados del jard\u00edn, as\u00ed que aqu\u00ed estoy, apoyando tambi\u00e9n a las t\u00edas as\u00ed que estamos todos muy agradecidos\u201d.<\/p>\n<p style=\"text-align: justify;\">Por su parte Adela Vargas t\u00e9cnico encargada del Jard\u00edn La Villita mencion\u00f3 que: \u201cEn esta instancia estamos muy agradecidos con la empresa por habernos considerado en este programa, es algo muy importante para nosotros porque dentro de nuestro proyecto educativo est\u00e1 contemplado realizar actividades fuera del jard\u00edn, salir un poco de la sala y con esta implementaci\u00f3n ya nos permite hacer otras actividades y no limitarnos por el mal clima, sino que ahora tenemos a los ni\u00f1os con sus implementos para poder hacer actividades al aire libre\u201d.<\/p>\n<p style=\"text-align: justify;\">Es as\u00ed como la empresa el\u00e9ctrica dio el vamos a este programa el cual espera llegar a las escuelas de zonas rurales a lo largo de toda la Regi\u00f3n de Ays\u00e9n, dando a conocer su compromiso con el bienestar de la comunidad a trav\u00e9s de incentivos escolares que permitan un mayor y mejor desarrollo de ni\u00f1os y ni\u00f1as.<\/p>\n<\/div><\/section><\/div><\/p>\n<div  style='height:50px' class='hr hr-invisible   avia-builder-el-6  el_after_av_one_full  el_before_av_social_share '><span class='hr-inner ' ><span class='hr-inner-style'><\/span><\/span><\/div>\n<div  class='av-social-sharing-box  avia-builder-el-7  el_after_av_hr  el_before_av_hr  '><div class='av-share-box'><h5 class='av-share-link-description av-no-toc '>Compartir esta noticia<\/h5><ul class='av-share-box-list noLightbox'><li class='av-share-link av-social-link-facebook' ><a target=\"_blank\" aria-label=\"Compartir en Facebook\" href='https:\/\/www.facebook.com\/sharer.php?u=https:\/\/radiorevelacionfm.cl\/?p=40836&#038;t=Inauguran%20%E2%80%9CEscuelas%20con%20Energ%C3%ADa%E2%80%9D%20en%20Jard%C3%ADn%20Infantil%20%E2%80%9CLa%20Villita%E2%80%9D%20de%20Villa%20Ortega' aria-hidden='false' data-av_icon='\ue8f3' data-av_iconfont='entypo-fontello' title='' data-avia-related-tooltip='Compartir en Facebook' rel=\"noopener\"><span class='avia_hidden_link_text'>Compartir en Facebook<\/span><\/a><\/li><li class='av-share-link av-social-link-twitter' ><a target=\"_blank\" aria-label=\"Compartir en Twitter\" href='https:\/\/twitter.com\/share?text=Inauguran%20%E2%80%9CEscuelas%20con%20Energ%C3%ADa%E2%80%9D%20en%20Jard%C3%ADn%20Infantil%20%E2%80%9CLa%20Villita%E2%80%9D%20de%20Villa%20Ortega&#038;url=https:\/\/radiorevelacionfm.cl\/?p=40836' aria-hidden='false' data-av_icon='\ue8f1' data-av_iconfont='entypo-fontello' title='' data-avia-related-tooltip='Compartir en Twitter' rel=\"noopener\"><span class='avia_hidden_link_text'>Compartir en Twitter<\/span><\/a><\/li><li class='av-share-link av-social-link-whatsapp' ><a target=\"_blank\" aria-label=\"Compartir en Whatsapp\" href='https:\/\/api.whatsapp.com\/send?text=https:\/\/radiorevelacionfm.cl\/?p=40836' aria-hidden='false' data-av_icon='\uf232' data-av_iconfont='entypo-fontello' title='' data-avia-related-tooltip='Compartir en Whatsapp' rel=\"noopener\"><span class='avia_hidden_link_text'>Compartir en Whatsapp<\/span><\/a><\/li><li class='av-share-link av-social-link-linkedin' ><a target=\"_blank\" aria-label=\"Compartir en LinkedIn\" href='https:\/\/linkedin.com\/shareArticle?mini=true&#038;title=Inauguran%20%E2%80%9CEscuelas%20con%20Energ%C3%ADa%E2%80%9D%20en%20Jard%C3%ADn%20Infantil%20%E2%80%9CLa%20Villita%E2%80%9D%20de%20Villa%20Ortega&#038;url=https:\/\/radiorevelacionfm.cl\/?p=40836' aria-hidden='false' data-av_icon='\ue8fc' data-av_iconfont='entypo-fontello' title='' data-avia-related-tooltip='Compartir en LinkedIn' rel=\"noopener\"><span class='avia_hidden_link_text'>Compartir en LinkedIn<\/span><\/a><\/li><li class='av-share-link av-social-link-mail' ><a  aria-label=\"Compartir por correo\" href='mailto:?subject=Inauguran%20%E2%80%9CEscuelas%20con%20Energ%C3%ADa%E2%80%9D%20en%20Jard%C3%ADn%20Infantil%20%E2%80%9CLa%20Villita%E2%80%9D%20de%20Villa%20Ortega&#038;body=https:\/\/radiorevelacionfm.cl\/?p=40836' aria-hidden='false' data-av_icon='\ue805' data-av_iconfont='entypo-fontello' title='' data-avia-related-tooltip='Compartir por correo'><span class='avia_hidden_link_text'>Compartir por correo<\/span><\/a><\/li><\/ul><\/div><\/div>\n<div  style='height:50px' class='hr hr-invisible   avia-builder-el-8  el_after_av_social_share  el_before_av_comments_list '><span class='hr-inner ' ><span class='hr-inner-style'><\/span><\/span><\/div>\n<div  class='av-buildercomment  av-blog-meta-html-info-disabled av-blog-meta-tag-disabled  '><\/div>\n","protected":false},"excerpt":{"rendered":"","protected":false},"author":1,"featured_media":40837,"comment_status":"open","ping_status":"open","sticky":false,"template":"","format":"standard","meta":{"footnotes":""},"categories":[38],"tags":[],"class_list":["post-40836","post","type-post","status-publish","format-standard","has-post-thumbnail","hentry","category-regional"],"jetpack_featured_media_url":"https:\/\/radiorevelacionfm.cl\/wp-content\/uploads\/2024\/03\/escuelas-con-energia-20240-1_optimized.jpeg","_links":{"self":[{"href":"https:\/\/radiorevelacionfm.cl\/index.php?rest_route=\/wp\/v2\/posts\/40836","targetHints":{"allow":["GET"]}}],"collection":[{"href":"https:\/\/radiorevelacionfm.cl\/index.php?rest_route=\/wp\/v2\/posts"}],"about":[{"href":"https:\/\/radiorevelacionfm.cl\/index.php?rest_route=\/wp\/v2\/types\/post"}],"author":[{"embeddable":true,"href":"https:\/\/radiorevelacionfm.cl\/index.php?rest_route=\/wp\/v2\/users\/1"}],"replies":[{"embeddable":true,"href":"https:\/\/radiorevelacionfm.cl\/index.php?rest_route=%2Fwp%2Fv2%2Fcomments&post=40836"}],"version-history":[{"count":2,"href":"https:\/\/radiorevelacionfm.cl\/index.php?rest_route=\/wp\/v2\/posts\/40836\/revisions"}],"predecessor-version":[{"id":40839,"href":"https:\/\/radiorevelacionfm.cl\/index.php?rest_route=\/wp\/v2\/posts\/40836\/revisions\/40839"}],"wp:featuredmedia":[{"embeddable":true,"href":"https:\/\/radiorevelacionfm.cl\/index.php?rest_route=\/wp\/v2\/media\/40837"}],"wp:attachment":[{"href":"https:\/\/radiorevelacionfm.cl\/index.php?rest_route=%2Fwp%2Fv2%2Fmedia&parent=40836"}],"wp:term":[{"taxonomy":"category","embeddable":true,"href":"https:\/\/radiorevelacionfm.cl\/index.php?rest_route=%2Fwp%2Fv2%2Fcategories&post=40836"},{"taxonomy":"post_tag","embeddable":true,"href":"https:\/\/radiorevelacionfm.cl\/index.php?rest_route=%2Fwp%2Fv2%2Ftags&post=40836"}],"curies":[{"name":"wp","href":"https:\/\/api.w.org\/{rel}","templated":true}]}}