{"id":40833,"date":"2024-03-28T21:31:59","date_gmt":"2024-03-29T00:31:59","guid":{"rendered":"https:\/\/radiorevelacionfm.cl\/?p=40833"},"modified":"2024-03-28T21:31:59","modified_gmt":"2024-03-29T00:31:59","slug":"tras-oportuna-denuncia-detienen-a-sujeto-por-femicidio-frustrado-en-coyhaique","status":"publish","type":"post","link":"https:\/\/radiorevelacionfm.cl\/?p=40833","title":{"rendered":"Tras oportuna denuncia, detienen a sujeto por femicidio frustrado en Coyhaique"},"content":{"rendered":"<div class=\"flex_column av_one_full  flex_column_div av-zero-column-padding first  avia-builder-el-0  el_before_av_one_full  avia-builder-el-first  \" style='border-radius:0px; '><div  class='avia-image-container  av-styling-    avia-builder-el-1  avia-builder-el-no-sibling  avia-align-center '  itemprop=\"image\" itemscope=\"itemscope\" itemtype=\"https:\/\/schema.org\/ImageObject\"  ><div class='avia-image-container-inner'><div class='avia-image-overlay-wrap'><img decoding=\"async\" class='wp-image-40834 avia-img-lazy-loading-not-40834 avia_image' src=\"https:\/\/radiorevelacionfm.cl\/wp-content\/uploads\/2024\/03\/Carabineros-4-1-1.jpg\" alt='' title='Carabineros (4) (1) (1)' height=\"600\" width=\"1067\"  itemprop=\"thumbnailUrl\" srcset=\"https:\/\/radiorevelacionfm.cl\/wp-content\/uploads\/2024\/03\/Carabineros-4-1-1.jpg 1067w, https:\/\/radiorevelacionfm.cl\/wp-content\/uploads\/2024\/03\/Carabineros-4-1-1-300x169.jpg 300w, https:\/\/radiorevelacionfm.cl\/wp-content\/uploads\/2024\/03\/Carabineros-4-1-1-1030x579.jpg 1030w, https:\/\/radiorevelacionfm.cl\/wp-content\/uploads\/2024\/03\/Carabineros-4-1-1-768x432.jpg 768w, https:\/\/radiorevelacionfm.cl\/wp-content\/uploads\/2024\/03\/Carabineros-4-1-1-705x396.jpg 705w, https:\/\/radiorevelacionfm.cl\/wp-content\/uploads\/2024\/03\/Carabineros-4-1-1-450x253.jpg 450w, https:\/\/radiorevelacionfm.cl\/wp-content\/uploads\/2024\/03\/Carabineros-4-1-1-600x337.jpg 600w\" sizes=\"(max-width: 1067px) 100vw, 1067px\" \/><\/div><\/div><\/div><\/div><div class=\"flex_column av_one_full  flex_column_div av-zero-column-padding first  avia-builder-el-2  el_after_av_one_full  el_before_av_one_full  column-top-margin\" style='border-radius:0px; '><section class=\"av_textblock_section \"  itemscope=\"itemscope\" itemtype=\"https:\/\/schema.org\/BlogPosting\" itemprop=\"blogPost\" ><div class='avia_textblock  '   itemprop=\"text\" ><p style=\"text-align: center;\"><strong><span style=\"font-size: 18pt;\">Tras oportuna denuncia, detienen a sujeto por femicidio frustrado en Coyhaique<\/span><\/strong><\/p>\n<div id=\"gtx-trans\" style=\"position: absolute; left: -50px; top: 4.31534px;\">\n<div class=\"gtx-trans-icon\"><\/div>\n<\/div>\n<\/div><\/section><\/div><div class=\"flex_column av_one_full  flex_column_div av-zero-column-padding first  avia-builder-el-4  el_after_av_one_full  el_before_av_hr  column-top-margin\" style='border-radius:0px; '><section class=\"av_textblock_section \"  itemscope=\"itemscope\" itemtype=\"https:\/\/schema.org\/BlogPosting\" itemprop=\"blogPost\" ><div class='avia_textblock  '   itemprop=\"text\" ><p style=\"text-align: justify;\" align=\"justify\">La denuncia de vecinos sumado a una r\u00e1pida respuesta por parte de Carabineros, fue clave en la detenci\u00f3n de ex pareja de una mujer por el delito de femicidio frustrado en la ciudad de Coyhaique.<\/p>\n<p style=\"text-align: justify;\" align=\"justify\">Pasadas las 21:00 horas del mi\u00e9rcoles, a trav\u00e9s del nivel de emergencias 133, Carabineros fue alertado por una persona que daba cuenta de dicha situaci\u00f3n al interior de un domicilio del sector alto de la ciudad, siendo derivado un dispositivo que, a esa hora, efectuaba un patrullaje preventivo por el sector.<\/p>\n<p style=\"text-align: justify;\" align=\"justify\">\u00abUna persona se encontraba en la v\u00eda p\u00fablica solicitaba ayuda a sus vecinos porque hab\u00eda sido agredida. En este contexto, Carabineros se desplaza r\u00e1pidamente al lugar, identifica a la v\u00edctima, quien se\u00f1ala que quien la hab\u00eda agredido al interior de su domicilio era su ex pareja, quien utilizando un elemento cortopunzante la amenazaba y propinado adem\u00e1s diferentes golpes en el cuerpo\u00bb, expres\u00f3 el Comisario de Coyhaique, Mayor Gerardo Gonz\u00e1lez L\u00f3pez, quien a\u00f1adi\u00f3 que luego del hecho, el agresor abandon\u00f3 el lugar en direcci\u00f3n desconocida.<\/p>\n<p style=\"text-align: justify;\" align=\"justify\">Tras prestar auxilio y protecci\u00f3n a la v\u00edctima, Carabineros traslad\u00f3 a la mujer al centro asistencial para la constataci\u00f3n de lesiones, trayecto en el cual la mujer logr\u00f3 divisar y reconocer a su agresor. Ante esta situaci\u00f3n de flagrancia, Carabineros procedi\u00f3 a la detenci\u00f3n de esta persona\u00bb, indic\u00f3.<\/p>\n<p style=\"text-align: justify;\" align=\"justify\">Los antecedentes del procedimiento fueron remitidos a la Fiscal\u00eda, en tanto que el sujeto fue derivado a la audiencia de control de detenci\u00f3n, siendo formalizado por femicidio frustrado, quedando en prisi\u00f3n preventiva.<\/p>\n<p style=\"text-align: justify;\" align=\"justify\"><b>Apoyo profesional a la v\u00edctima<\/b><\/p>\n<p style=\"text-align: justify;\" align=\"justify\">Por su parte la Directora Regional del Servicio Nacional de la Mujer y Equidad de G\u00e9nero (SernamEG), Patricia Baeza indic\u00f3 que, tras conocer de este hecho, el servicio tom\u00f3 contacto con la v\u00edctima, quien se encuentra con apoyo psicosocial siendo parte de los centros de atenci\u00f3n de mujeres que sufren violencia, recibiendo el apoyo y contenci\u00f3n de equipos profesionales que se desempe\u00f1an en esta \u00e1rea.<\/p>\n<p style=\"text-align: justify;\" align=\"justify\">\u00abEs primordial brindar atenci\u00f3n a la mujer v\u00edctima de violencia y tambi\u00e9n a sus hijos o hijas que puedan estar involucrados\u00bb, se\u00f1al\u00f3 la autoridad, quien indic\u00f3 que el servicio igualmente brindar\u00e1 representaci\u00f3n jur\u00eddica a la afectada.<\/p>\n<p style=\"text-align: justify;\" align=\"justify\">\u00abLo m\u00e1s importante es hacer la denuncia. En ese sentido, estamos realizando un trabajo coordinado con Carabineros, fortaleciendo nuestra articulaci\u00f3n para poder dar una respuesta mucho m\u00e1s eficiente y efectiva sobre todo para casos de violencia intrafamiliar o violencia contra la mujer o de g\u00e9nero que se puedan estar dando en la regi\u00f3n\u00bb, indic\u00f3.<\/p>\n<p style=\"text-align: justify;\" align=\"justify\">En materia estad\u00edstica, la Directora de SernamEG se\u00f1al\u00f3 que el a\u00f1o 2023 a esta misma fecha, se hab\u00eda registrado un femicidio frustrado, mientras que a igual fecha del presente a\u00f1o, se han registrado dos hechos de esta naturaleza.<\/p>\n<p style=\"text-align: justify;\" align=\"justify\">\u00abEl total anual del a\u00f1o 2023 fueron cuatro casos, en este sentido, en lo que va de este a\u00f1o ya estamos al 50% de esa cifra, y nos levanta una alerta como servicio de que esta es una problem\u00e1tica que de alguna manera se est\u00e1 intensificando y visibilizando mucho m\u00e1s fuerte en el territorio\u00bb, puntualiz\u00f3.<\/p>\n<p style=\"text-align: justify;\" align=\"justify\">Seg\u00fan cifras de Carabineros desde enero al 24 de marzo del presente a\u00f1o\u00a0se registra un total de 1.186 detenidos, de los cuales 83 son por violencia intrafamiliar, de los cuales el 51% registra detenciones previas por parte de Carabineros.<\/p>\n<p style=\"text-align: justify;\" align=\"justify\">Consultado el Jefe de Zona de Carabineros, General Patricio Javier Santos Poblete, se\u00f1al\u00f3 \u00abla violencia intrafamiliar es el delito de m\u00e1xima frecuencia absoluta acumulada en la regi\u00f3n, alcanzando durante las 12 primeras semanas del a\u00f1o, 256 casos, doblando al delito de robos y lesiones. Esta situaci\u00f3n hace del delito una de las prioridades del Plan Regional de Seguridad P\u00fablica, toda vez que adem\u00e1s de siempre estar latente una afectaci\u00f3n a la vida de las personas (80% de las v\u00edctimas son mujeres), tiene una segunda derivada, que es la influencia en el proceso de socializaci\u00f3n de modelos de violencia en las relaciones interpersonales. Finalmente, habr\u00eda que decir que, pese a que el registro de violencia intrafamiliar en los \u00faltimos 10 a\u00f1os disminuye un 15% (a\u00f1o 2014 se registraron 1.210 casos, a\u00f1o 2023 se registraron 1.024 casos), desde el a\u00f1o 2018 comienza un crecimiento sostenido, lo cual nos lleva como estructuras del Estado a reforzar el trabajo interinstitucional para abordar la problem\u00e1tica desde una visi\u00f3n sist\u00e9mica\u00bb, complement\u00f3.<\/p>\n<\/div><\/section><\/div><div  style='height:50px' class='hr hr-invisible   avia-builder-el-6  el_after_av_one_full  el_before_av_social_share '><span class='hr-inner ' ><span class='hr-inner-style'><\/span><\/span><\/div><\/p>\n<div  class='av-social-sharing-box  avia-builder-el-7  el_after_av_hr  el_before_av_hr  '><div class='av-share-box'><h5 class='av-share-link-description av-no-toc '>Compartir esta noticia<\/h5><ul class='av-share-box-list noLightbox'><li class='av-share-link av-social-link-facebook' ><a target=\"_blank\" aria-label=\"Compartir en Facebook\" href='https:\/\/www.facebook.com\/sharer.php?u=https:\/\/radiorevelacionfm.cl\/?p=40833&#038;t=Tras%20oportuna%20denuncia%2C%20detienen%20a%20sujeto%20por%20femicidio%20frustrado%20en%20Coyhaique' aria-hidden='false' data-av_icon='\ue8f3' data-av_iconfont='entypo-fontello' title='' data-avia-related-tooltip='Compartir en Facebook' rel=\"noopener\"><span class='avia_hidden_link_text'>Compartir en Facebook<\/span><\/a><\/li><li class='av-share-link av-social-link-twitter' ><a target=\"_blank\" aria-label=\"Compartir en Twitter\" href='https:\/\/twitter.com\/share?text=Tras%20oportuna%20denuncia%2C%20detienen%20a%20sujeto%20por%20femicidio%20frustrado%20en%20Coyhaique&#038;url=https:\/\/radiorevelacionfm.cl\/?p=40833' aria-hidden='false' data-av_icon='\ue8f1' data-av_iconfont='entypo-fontello' title='' data-avia-related-tooltip='Compartir en Twitter' rel=\"noopener\"><span class='avia_hidden_link_text'>Compartir en Twitter<\/span><\/a><\/li><li class='av-share-link av-social-link-whatsapp' ><a target=\"_blank\" aria-label=\"Compartir en Whatsapp\" href='https:\/\/api.whatsapp.com\/send?text=https:\/\/radiorevelacionfm.cl\/?p=40833' aria-hidden='false' data-av_icon='\uf232' data-av_iconfont='entypo-fontello' title='' data-avia-related-tooltip='Compartir en Whatsapp' rel=\"noopener\"><span class='avia_hidden_link_text'>Compartir en Whatsapp<\/span><\/a><\/li><li class='av-share-link av-social-link-linkedin' ><a target=\"_blank\" aria-label=\"Compartir en LinkedIn\" href='https:\/\/linkedin.com\/shareArticle?mini=true&#038;title=Tras%20oportuna%20denuncia%2C%20detienen%20a%20sujeto%20por%20femicidio%20frustrado%20en%20Coyhaique&#038;url=https:\/\/radiorevelacionfm.cl\/?p=40833' aria-hidden='false' data-av_icon='\ue8fc' data-av_iconfont='entypo-fontello' title='' data-avia-related-tooltip='Compartir en LinkedIn' rel=\"noopener\"><span class='avia_hidden_link_text'>Compartir en LinkedIn<\/span><\/a><\/li><li class='av-share-link av-social-link-mail' ><a  aria-label=\"Compartir por correo\" href='mailto:?subject=Tras%20oportuna%20denuncia%2C%20detienen%20a%20sujeto%20por%20femicidio%20frustrado%20en%20Coyhaique&#038;body=https:\/\/radiorevelacionfm.cl\/?p=40833' aria-hidden='false' data-av_icon='\ue805' data-av_iconfont='entypo-fontello' title='' data-avia-related-tooltip='Compartir por correo'><span class='avia_hidden_link_text'>Compartir por correo<\/span><\/a><\/li><\/ul><\/div><\/div>\n<div  style='height:50px' class='hr hr-invisible   avia-builder-el-8  el_after_av_social_share  el_before_av_comments_list '><span class='hr-inner ' ><span class='hr-inner-style'><\/span><\/span><\/div>\n<div  class='av-buildercomment  av-blog-meta-html-info-disabled av-blog-meta-tag-disabled  '><\/div>\n","protected":false},"excerpt":{"rendered":"","protected":false},"author":1,"featured_media":40834,"comment_status":"open","ping_status":"open","sticky":false,"template":"","format":"standard","meta":{"footnotes":""},"categories":[36],"tags":[],"class_list":["post-40833","post","type-post","status-publish","format-standard","has-post-thumbnail","hentry","category-policial"],"jetpack_featured_media_url":"https:\/\/radiorevelacionfm.cl\/wp-content\/uploads\/2024\/03\/Carabineros-4-1-1.jpg","_links":{"self":[{"href":"https:\/\/radiorevelacionfm.cl\/index.php?rest_route=\/wp\/v2\/posts\/40833","targetHints":{"allow":["GET"]}}],"collection":[{"href":"https:\/\/radiorevelacionfm.cl\/index.php?rest_route=\/wp\/v2\/posts"}],"about":[{"href":"https:\/\/radiorevelacionfm.cl\/index.php?rest_route=\/wp\/v2\/types\/post"}],"author":[{"embeddable":true,"href":"https:\/\/radiorevelacionfm.cl\/index.php?rest_route=\/wp\/v2\/users\/1"}],"replies":[{"embeddable":true,"href":"https:\/\/radiorevelacionfm.cl\/index.php?rest_route=%2Fwp%2Fv2%2Fcomments&post=40833"}],"version-history":[{"count":1,"href":"https:\/\/radiorevelacionfm.cl\/index.php?rest_route=\/wp\/v2\/posts\/40833\/revisions"}],"predecessor-version":[{"id":40835,"href":"https:\/\/radiorevelacionfm.cl\/index.php?rest_route=\/wp\/v2\/posts\/40833\/revisions\/40835"}],"wp:featuredmedia":[{"embeddable":true,"href":"https:\/\/radiorevelacionfm.cl\/index.php?rest_route=\/wp\/v2\/media\/40834"}],"wp:attachment":[{"href":"https:\/\/radiorevelacionfm.cl\/index.php?rest_route=%2Fwp%2Fv2%2Fmedia&parent=40833"}],"wp:term":[{"taxonomy":"category","embeddable":true,"href":"https:\/\/radiorevelacionfm.cl\/index.php?rest_route=%2Fwp%2Fv2%2Fcategories&post=40833"},{"taxonomy":"post_tag","embeddable":true,"href":"https:\/\/radiorevelacionfm.cl\/index.php?rest_route=%2Fwp%2Fv2%2Ftags&post=40833"}],"curies":[{"name":"wp","href":"https:\/\/api.w.org\/{rel}","templated":true}]}}