{"id":40831,"date":"2024-03-28T19:05:07","date_gmt":"2024-03-28T22:05:07","guid":{"rendered":"https:\/\/radiorevelacionfm.cl\/?p=40831"},"modified":"2024-03-28T19:05:07","modified_gmt":"2024-03-28T22:05:07","slug":"llaman-a-hacer-un-buen-uso-de-la-red-asistencial-este-fin-de-semana-largo","status":"publish","type":"post","link":"https:\/\/radiorevelacionfm.cl\/?p=40831","title":{"rendered":"Llaman a hacer un buen uso de la Red Asistencial este fin de semana largo"},"content":{"rendered":"<div class=\"flex_column av_one_full  flex_column_div av-zero-column-padding first  avia-builder-el-0  el_before_av_one_full  avia-builder-el-first  \" style='border-radius:0px; '><div  class='avia-image-container  av-styling-    avia-builder-el-1  avia-builder-el-no-sibling  avia-align-center '  itemprop=\"image\" itemscope=\"itemscope\" itemtype=\"https:\/\/schema.org\/ImageObject\"  ><div class='avia-image-container-inner'><div class='avia-image-overlay-wrap'><img decoding=\"async\" class='wp-image-10878 avia-img-lazy-loading-not-10878 avia_image' src=\"https:\/\/radiorevelacionfm.cl\/wp-content\/uploads\/2021\/11\/HOSPITAL-coyh-1-1.jpeg\" alt='' title='HOSPITAL coyh (1) (1)' height=\"600\" width=\"906\"  itemprop=\"thumbnailUrl\" srcset=\"https:\/\/radiorevelacionfm.cl\/wp-content\/uploads\/2021\/11\/HOSPITAL-coyh-1-1.jpeg 906w, https:\/\/radiorevelacionfm.cl\/wp-content\/uploads\/2021\/11\/HOSPITAL-coyh-1-1-300x199.jpeg 300w, https:\/\/radiorevelacionfm.cl\/wp-content\/uploads\/2021\/11\/HOSPITAL-coyh-1-1-768x509.jpeg 768w, https:\/\/radiorevelacionfm.cl\/wp-content\/uploads\/2021\/11\/HOSPITAL-coyh-1-1-705x467.jpeg 705w, https:\/\/radiorevelacionfm.cl\/wp-content\/uploads\/2021\/11\/HOSPITAL-coyh-1-1-600x397.jpeg 600w\" sizes=\"(max-width: 906px) 100vw, 906px\" \/><\/div><\/div><\/div><\/div><div class=\"flex_column av_one_full  flex_column_div av-zero-column-padding first  avia-builder-el-2  el_after_av_one_full  el_before_av_one_full  column-top-margin\" style='border-radius:0px; '><section class=\"av_textblock_section \"  itemscope=\"itemscope\" itemtype=\"https:\/\/schema.org\/BlogPosting\" itemprop=\"blogPost\" ><div class='avia_textblock  '   itemprop=\"text\" ><p style=\"text-align: center;\"><span style=\"font-size: 18pt;\"><b>Llaman a hacer un buen uso de la Red Asistencial este fin de semana largo<\/b><\/span><\/p>\n<div id=\"gtx-trans\" style=\"position: absolute; left: -50px; top: 4.31534px;\">\n<div class=\"gtx-trans-icon\"><\/div>\n<\/div>\n<\/div><\/section><\/div><div class=\"flex_column av_one_full  flex_column_div av-zero-column-padding first  avia-builder-el-4  el_after_av_one_full  el_before_av_hr  column-top-margin\" style='border-radius:0px; '><section class=\"av_textblock_section \"  itemscope=\"itemscope\" itemtype=\"https:\/\/schema.org\/BlogPosting\" itemprop=\"blogPost\" ><div class='avia_textblock  '   itemprop=\"text\" ><p style=\"font-weight: 400; text-align: justify;\"><em>Todos los establecimientos se encuentran preparados para enfrentar tres d\u00edas de feriado, incluyendo hospitales y SAPU del CESFAM Dr. Alejandro Guti\u00e9rrez.<\/em><\/p>\n<p style=\"font-weight: 400; text-align: justify;\">Desde el Servicio de Salud Ays\u00e9n (SSA) y los distintos establecimientos que componen la red asistencial, hicieron un llamado al buen uso de los dispositivos de urgencia, principalmente de los hospitales de Coyhaique y Puerto Ays\u00e9n, durante este fin de semana.<\/p>\n<p style=\"font-weight: 400; text-align: justify;\">\u201cTener cuidado con la alimentaci\u00f3n y comprar en lugares establecidos para evitar infecciones por mariscos o alimentos derivados del mar. Y en cuanto a las infecciones respiratorias, tener presente que estamos en el peak de los virus respiratorios para tener la precauci\u00f3n de cuidarse en sus domicilios y el uso responsable de la red de urgencia\u201d, advirti\u00f3 Leonardo Isla, m\u00e9dico coordinador de la Red de Urgencia del SSA.<\/p>\n<p style=\"font-weight: 400; text-align: justify;\">De esta manera la Red Asistencial se encuentra preparada para este fin de semana, con todos los hospitales con sus respectivos turnos cubiertos, como asimismo la atenci\u00f3n del SAPU del CESFAM Alejandro Guti\u00e9rrez, de 12:00 a 24:00 horas.<\/p>\n<p style=\"font-weight: 400; text-align: justify;\">\u201cNos hemos preparado para otorgar un buen funcionamiento del servicio de urgencia del hospital de Puerto Ays\u00e9n, y queremos hacer un llamado para hacer un buen uso de este servicio. Nosotros atendemos con las distintas categorizaciones de urgencia y el llamado es a cuidarse, a no exponerse, a tener cuidado con los alimentos que se consuman y que pasen un feliz fin de semana junto a sus familias\u201d, se\u00f1al\u00f3 Gabriel Rab\u00ed, director (s) del Hospital de Puerto Ays\u00e9n.<\/p>\n<p style=\"font-weight: 400; text-align: justify;\">Desde el Hospital Regional Coyhaique, el Dr. Carlos Loyola, jefe de Urgencia del HRC, agreg\u00f3 que \u201cel hospital ha preparado un plan de contingencia que consiste en tener toda la disponibilidad del recurso humano, infraestructura y equipamiento disponible para la atenci\u00f3n de la poblaci\u00f3n\u201d.<\/p>\n<p style=\"font-weight: 400; text-align: justify;\">A su vez record\u00f3 que el uso de mascarillas es obligatorio en los servicios de urgencia desde este 1 de abril. No obstante, el mismo establecimiento contar\u00e1 con barbijos para aquellas personas que no cuenten con uno. \u201cA su vez tener cuidado con la ingesta de alimentos, alcohol. Siempre es mejor prevenir una situaci\u00f3n catastr\u00f3fica, para no enfrentar secuelas por accidentes o traumatismos\u201d, complement\u00f3.<\/p>\n<p style=\"font-weight: 400; text-align: justify;\">Es importante recordar, que ante dudas o consultas la comunidad puede acceder a los profesionales de la salud que, los 365 d\u00edas del a\u00f1o y las 24 horas del d\u00eda, trabajan en el centro de atenci\u00f3n telef\u00f3nica de Salud Responde 600 360 77 77.<\/p>\n<\/div><\/section><\/div><div  style='height:50px' class='hr hr-invisible   avia-builder-el-6  el_after_av_one_full  el_before_av_social_share '><span class='hr-inner ' ><span class='hr-inner-style'><\/span><\/span><\/div><\/p>\n<div  class='av-social-sharing-box  avia-builder-el-7  el_after_av_hr  el_before_av_hr  '><div class='av-share-box'><h5 class='av-share-link-description av-no-toc '>Compartir esta noticia<\/h5><ul class='av-share-box-list noLightbox'><li class='av-share-link av-social-link-facebook' ><a target=\"_blank\" aria-label=\"Compartir en Facebook\" href='https:\/\/www.facebook.com\/sharer.php?u=https:\/\/radiorevelacionfm.cl\/?p=40831&#038;t=Llaman%20a%20hacer%20un%20buen%20uso%20de%20la%20Red%20Asistencial%20este%20fin%20de%20semana%20largo' aria-hidden='false' data-av_icon='\ue8f3' data-av_iconfont='entypo-fontello' title='' data-avia-related-tooltip='Compartir en Facebook' rel=\"noopener\"><span class='avia_hidden_link_text'>Compartir en Facebook<\/span><\/a><\/li><li class='av-share-link av-social-link-twitter' ><a target=\"_blank\" aria-label=\"Compartir en Twitter\" href='https:\/\/twitter.com\/share?text=Llaman%20a%20hacer%20un%20buen%20uso%20de%20la%20Red%20Asistencial%20este%20fin%20de%20semana%20largo&#038;url=https:\/\/radiorevelacionfm.cl\/?p=40831' aria-hidden='false' data-av_icon='\ue8f1' data-av_iconfont='entypo-fontello' title='' data-avia-related-tooltip='Compartir en Twitter' rel=\"noopener\"><span class='avia_hidden_link_text'>Compartir en Twitter<\/span><\/a><\/li><li class='av-share-link av-social-link-whatsapp' ><a target=\"_blank\" aria-label=\"Compartir en Whatsapp\" href='https:\/\/api.whatsapp.com\/send?text=https:\/\/radiorevelacionfm.cl\/?p=40831' aria-hidden='false' data-av_icon='\uf232' data-av_iconfont='entypo-fontello' title='' data-avia-related-tooltip='Compartir en Whatsapp' rel=\"noopener\"><span class='avia_hidden_link_text'>Compartir en Whatsapp<\/span><\/a><\/li><li class='av-share-link av-social-link-linkedin' ><a target=\"_blank\" aria-label=\"Compartir en LinkedIn\" href='https:\/\/linkedin.com\/shareArticle?mini=true&#038;title=Llaman%20a%20hacer%20un%20buen%20uso%20de%20la%20Red%20Asistencial%20este%20fin%20de%20semana%20largo&#038;url=https:\/\/radiorevelacionfm.cl\/?p=40831' aria-hidden='false' data-av_icon='\ue8fc' data-av_iconfont='entypo-fontello' title='' data-avia-related-tooltip='Compartir en LinkedIn' rel=\"noopener\"><span class='avia_hidden_link_text'>Compartir en LinkedIn<\/span><\/a><\/li><li class='av-share-link av-social-link-mail' ><a  aria-label=\"Compartir por correo\" href='mailto:?subject=Llaman%20a%20hacer%20un%20buen%20uso%20de%20la%20Red%20Asistencial%20este%20fin%20de%20semana%20largo&#038;body=https:\/\/radiorevelacionfm.cl\/?p=40831' aria-hidden='false' data-av_icon='\ue805' data-av_iconfont='entypo-fontello' title='' data-avia-related-tooltip='Compartir por correo'><span class='avia_hidden_link_text'>Compartir por correo<\/span><\/a><\/li><\/ul><\/div><\/div>\n<div  style='height:50px' class='hr hr-invisible   avia-builder-el-8  el_after_av_social_share  el_before_av_comments_list '><span class='hr-inner ' ><span class='hr-inner-style'><\/span><\/span><\/div>\n<div  class='av-buildercomment  av-blog-meta-html-info-disabled av-blog-meta-tag-disabled  '><\/div>\n","protected":false},"excerpt":{"rendered":"","protected":false},"author":1,"featured_media":10878,"comment_status":"open","ping_status":"open","sticky":false,"template":"","format":"standard","meta":{"footnotes":""},"categories":[46],"tags":[],"class_list":["post-40831","post","type-post","status-publish","format-standard","has-post-thumbnail","hentry","category-salud"],"jetpack_featured_media_url":"https:\/\/radiorevelacionfm.cl\/wp-content\/uploads\/2021\/11\/HOSPITAL-coyh-1-1.jpeg","_links":{"self":[{"href":"https:\/\/radiorevelacionfm.cl\/index.php?rest_route=\/wp\/v2\/posts\/40831","targetHints":{"allow":["GET"]}}],"collection":[{"href":"https:\/\/radiorevelacionfm.cl\/index.php?rest_route=\/wp\/v2\/posts"}],"about":[{"href":"https:\/\/radiorevelacionfm.cl\/index.php?rest_route=\/wp\/v2\/types\/post"}],"author":[{"embeddable":true,"href":"https:\/\/radiorevelacionfm.cl\/index.php?rest_route=\/wp\/v2\/users\/1"}],"replies":[{"embeddable":true,"href":"https:\/\/radiorevelacionfm.cl\/index.php?rest_route=%2Fwp%2Fv2%2Fcomments&post=40831"}],"version-history":[{"count":1,"href":"https:\/\/radiorevelacionfm.cl\/index.php?rest_route=\/wp\/v2\/posts\/40831\/revisions"}],"predecessor-version":[{"id":40832,"href":"https:\/\/radiorevelacionfm.cl\/index.php?rest_route=\/wp\/v2\/posts\/40831\/revisions\/40832"}],"wp:featuredmedia":[{"embeddable":true,"href":"https:\/\/radiorevelacionfm.cl\/index.php?rest_route=\/wp\/v2\/media\/10878"}],"wp:attachment":[{"href":"https:\/\/radiorevelacionfm.cl\/index.php?rest_route=%2Fwp%2Fv2%2Fmedia&parent=40831"}],"wp:term":[{"taxonomy":"category","embeddable":true,"href":"https:\/\/radiorevelacionfm.cl\/index.php?rest_route=%2Fwp%2Fv2%2Fcategories&post=40831"},{"taxonomy":"post_tag","embeddable":true,"href":"https:\/\/radiorevelacionfm.cl\/index.php?rest_route=%2Fwp%2Fv2%2Ftags&post=40831"}],"curies":[{"name":"wp","href":"https:\/\/api.w.org\/{rel}","templated":true}]}}