{"id":40826,"date":"2024-03-28T15:18:37","date_gmt":"2024-03-28T18:18:37","guid":{"rendered":"https:\/\/radiorevelacionfm.cl\/?p=40826"},"modified":"2024-03-28T15:18:37","modified_gmt":"2024-03-28T18:18:37","slug":"ag-rio-baker-preocupados-por-mercado-de-la-lana-hay-180-mil-kilos-que-no-se-han-podido-comercializar","status":"publish","type":"post","link":"https:\/\/radiorevelacionfm.cl\/?p=40826","title":{"rendered":"AG R\u00edo Baker preocupados por mercado de la lana: hay 180 mil kilos que no se han podido comercializar"},"content":{"rendered":"<div class=\"flex_column av_one_full  flex_column_div av-zero-column-padding first  avia-builder-el-0  el_before_av_one_full  avia-builder-el-first  \" style='border-radius:0px; '><div  class='avia-image-container  av-styling-    avia-builder-el-1  avia-builder-el-no-sibling  avia-align-center '  itemprop=\"image\" itemscope=\"itemscope\" itemtype=\"https:\/\/schema.org\/ImageObject\"  ><div class='avia-image-container-inner'><div class='avia-image-overlay-wrap'><img decoding=\"async\" class='wp-image-40827 avia-img-lazy-loading-not-40827 avia_image' src=\"https:\/\/radiorevelacionfm.cl\/wp-content\/uploads\/2024\/03\/foto-ag-rIo-baker-1_optimized-1.jpeg\" alt='' title='foto-ag-r\u00cdo-baker-(1)_optimized (1)' height=\"600\" width=\"1049\"  itemprop=\"thumbnailUrl\" srcset=\"https:\/\/radiorevelacionfm.cl\/wp-content\/uploads\/2024\/03\/foto-ag-rIo-baker-1_optimized-1.jpeg 1049w, https:\/\/radiorevelacionfm.cl\/wp-content\/uploads\/2024\/03\/foto-ag-rIo-baker-1_optimized-1-300x172.jpeg 300w, https:\/\/radiorevelacionfm.cl\/wp-content\/uploads\/2024\/03\/foto-ag-rIo-baker-1_optimized-1-1030x589.jpeg 1030w, https:\/\/radiorevelacionfm.cl\/wp-content\/uploads\/2024\/03\/foto-ag-rIo-baker-1_optimized-1-768x439.jpeg 768w, https:\/\/radiorevelacionfm.cl\/wp-content\/uploads\/2024\/03\/foto-ag-rIo-baker-1_optimized-1-705x403.jpeg 705w, https:\/\/radiorevelacionfm.cl\/wp-content\/uploads\/2024\/03\/foto-ag-rIo-baker-1_optimized-1-450x257.jpeg 450w, https:\/\/radiorevelacionfm.cl\/wp-content\/uploads\/2024\/03\/foto-ag-rIo-baker-1_optimized-1-600x343.jpeg 600w\" sizes=\"(max-width: 1049px) 100vw, 1049px\" \/><\/div><\/div><\/div><\/div><div class=\"flex_column av_one_full  flex_column_div av-zero-column-padding first  avia-builder-el-2  el_after_av_one_full  el_before_av_one_full  column-top-margin\" style='border-radius:0px; '><section class=\"av_textblock_section \"  itemscope=\"itemscope\" itemtype=\"https:\/\/schema.org\/BlogPosting\" itemprop=\"blogPost\" ><div class='avia_textblock  '   itemprop=\"text\" ><p style=\"text-align: center;\"><strong><span style=\"font-size: 18pt;\">AG R\u00edo Baker preocupados por mercado de la lana: hay 180 mil kilos que no se han podido comercializar<\/span><\/strong><\/p>\n<div id=\"gtx-trans\" style=\"position: absolute; left: -50px; top: 4.31534px;\">\n<div class=\"gtx-trans-icon\"><\/div>\n<\/div>\n<\/div><\/section><\/div><div class=\"flex_column av_one_full  flex_column_div av-zero-column-padding first  avia-builder-el-4  el_after_av_one_full  el_before_av_hr  column-top-margin\" style='border-radius:0px; '><section class=\"av_textblock_section \"  itemscope=\"itemscope\" itemtype=\"https:\/\/schema.org\/BlogPosting\" itemprop=\"blogPost\" ><div class='avia_textblock  '   itemprop=\"text\" ><p style=\"font-weight: 400; text-align: justify;\">El diputado Miguel \u00c1ngel Calisto y el Consejero Regional Felipe Klein, se reunieron con dirigentes y asociados de la Asociaci\u00f3n Gremial de Peque\u00f1os Agricultores y Ganaderos de R\u00edo Baker, AG R\u00edo Baker, quienes les plantearon su preocupaci\u00f3n por el alica\u00eddo mercado de la lana, asegurando que tienen m\u00e1s de 180 mil toneladas de este producto que no han podido ser comercializadas.<\/p>\n<p style=\"font-weight: 400; text-align: justify;\">Seg\u00fan el diputado, \u201cexiste una preocupaci\u00f3n que no solo tiene la AG R\u00edo Baker, sino todos los campesinos de la Regi\u00f3n. \u00bfqu\u00e9 hacemos con la lana? Durante mucho tiempo este producto fue el principal sustento econ\u00f3mico del campesinado, export\u00e1ndolo incluso. Ahora lo tienen guardado en galpones porque no hay forma de poder comercializarla\u201d.<\/p>\n<p style=\"font-weight: 400; text-align: justify;\">\u201cEsto genera un problema, incluso los campesinos est\u00e1n quemando la lana o la entierran, porque no saben qu\u00e9 hacer con ella. Con esto tambi\u00e9n se pierden tradiciones, lo que es lamentable. Creo que esto es bueno poder traspas\u00e1rselo a las nuevas generaciones, que no se pierda la tradicional producci\u00f3n de la lana\u201d, indic\u00f3.<\/p>\n<p style=\"font-weight: 400; text-align: justify;\">El legislador agreg\u00f3 que \u201cuna de las ideas que se han barajado es que el Ministerio de Vivienda pueda incentivar el uso de lana local para el aislamiento t\u00e9rmico de las casas que construyen. Esto ya se aplica en otras actividades, como sucede con Junaeb, que exigen a las empresas de alimentaci\u00f3n al menos un 5% de compras locales\u201d.<\/p>\n<p style=\"font-weight: 400; text-align: justify;\">\u201cEsta es una manera ecol\u00f3gica de incentivar la comercializaci\u00f3n y el uso de un producto regional en algo tan necesario como es la construcci\u00f3n de viviendas. Esta es mucho m\u00e1s barata que la lana de vidrio.\u00a0 Tambi\u00e9n estamos viendo la posibilidad de buscar socios internacionales, quiz\u00e1s pa\u00edses como China u otros pa\u00edses. Para esto necesitamos el esfuerzo del Gobierno Regional, como tambi\u00e9n del Ministerio de Agricultura, que se ponga las pilas, y juntos podamos generar estos v\u00ednculos de comercializaci\u00f3n de la lana\u201d, agreg\u00f3 Calisto.<\/p>\n<p style=\"font-weight: 400; text-align: justify;\">Por su parte, el consejero Regional Felipe Klein asegur\u00f3 que \u201ceste es un tema que lleva un par de a\u00f1os, donde no hay mercado para poder vender la cantidad. Ellos tienen 80 mil kilos ac\u00e1 en el galp\u00f3n donde nos encontramos, en los campos tienen 80 mil kilos m\u00e1s sin mercado. Esto nos preocupa.<\/p>\n<p style=\"font-weight: 400; text-align: justify;\">\u201cHace un a\u00f1o nos juntamos con el Seremi de Agricultura y representantes laneros de Coyhaique para ver opciones, pero hasta el d\u00eda de hoy no tenemos respuesta. Hacemos un llamado al Gobierno que se preocupe de Cochrane y de los laneros para buscarles un mercado, ya hay 160 mil kilos que no tienen mercado de venta\u201d, indic\u00f3 Klein.<\/p>\n<p style=\"font-weight: 400; text-align: justify;\">Finalmente, Ester Hern\u00e1ndez, secretaria de la AG R\u00edo Baker, indic\u00f3 que \u201cestamos preocupados. Llevamos tres a\u00f1os con lana en el galp\u00f3n. Necesitamos encontrar el negocio para este producto, sabemos que hay v\u00edas por donde se puede hacer. A mi personalmente, estamos con esta gran preocupaci\u00f3n. Gracias a autoridades como el diputado, podemos visibilizar y gestionar para encontrar el negocio\u201d.<\/p>\n<\/div><\/section><\/div><div  style='height:50px' class='hr hr-invisible   avia-builder-el-6  el_after_av_one_full  el_before_av_social_share '><span class='hr-inner ' ><span class='hr-inner-style'><\/span><\/span><\/div><\/p>\n<div  class='av-social-sharing-box  avia-builder-el-7  el_after_av_hr  el_before_av_hr  '><div class='av-share-box'><h5 class='av-share-link-description av-no-toc '>Compartir esta noticia<\/h5><ul class='av-share-box-list noLightbox'><li class='av-share-link av-social-link-facebook' ><a target=\"_blank\" aria-label=\"Compartir en Facebook\" href='https:\/\/www.facebook.com\/sharer.php?u=https:\/\/radiorevelacionfm.cl\/?p=40826&#038;t=AG%20R%C3%ADo%20Baker%20preocupados%20por%20mercado%20de%20la%20lana%3A%20hay%20180%20mil%20kilos%20que%20no%20se%20han%20podido%20comercializar' aria-hidden='false' data-av_icon='\ue8f3' data-av_iconfont='entypo-fontello' title='' data-avia-related-tooltip='Compartir en Facebook' rel=\"noopener\"><span class='avia_hidden_link_text'>Compartir en Facebook<\/span><\/a><\/li><li class='av-share-link av-social-link-twitter' ><a target=\"_blank\" aria-label=\"Compartir en Twitter\" href='https:\/\/twitter.com\/share?text=AG%20R%C3%ADo%20Baker%20preocupados%20por%20mercado%20de%20la%20lana%3A%20hay%20180%20mil%20kilos%20que%20no%20se%20han%20podido%20comercializar&#038;url=https:\/\/radiorevelacionfm.cl\/?p=40826' aria-hidden='false' data-av_icon='\ue8f1' data-av_iconfont='entypo-fontello' title='' data-avia-related-tooltip='Compartir en Twitter' rel=\"noopener\"><span class='avia_hidden_link_text'>Compartir en Twitter<\/span><\/a><\/li><li class='av-share-link av-social-link-whatsapp' ><a target=\"_blank\" aria-label=\"Compartir en Whatsapp\" href='https:\/\/api.whatsapp.com\/send?text=https:\/\/radiorevelacionfm.cl\/?p=40826' aria-hidden='false' data-av_icon='\uf232' data-av_iconfont='entypo-fontello' title='' data-avia-related-tooltip='Compartir en Whatsapp' rel=\"noopener\"><span class='avia_hidden_link_text'>Compartir en Whatsapp<\/span><\/a><\/li><li class='av-share-link av-social-link-linkedin' ><a target=\"_blank\" aria-label=\"Compartir en LinkedIn\" href='https:\/\/linkedin.com\/shareArticle?mini=true&#038;title=AG%20R%C3%ADo%20Baker%20preocupados%20por%20mercado%20de%20la%20lana%3A%20hay%20180%20mil%20kilos%20que%20no%20se%20han%20podido%20comercializar&#038;url=https:\/\/radiorevelacionfm.cl\/?p=40826' aria-hidden='false' data-av_icon='\ue8fc' data-av_iconfont='entypo-fontello' title='' data-avia-related-tooltip='Compartir en LinkedIn' rel=\"noopener\"><span class='avia_hidden_link_text'>Compartir en LinkedIn<\/span><\/a><\/li><li class='av-share-link av-social-link-mail' ><a  aria-label=\"Compartir por correo\" href='mailto:?subject=AG%20R%C3%ADo%20Baker%20preocupados%20por%20mercado%20de%20la%20lana%3A%20hay%20180%20mil%20kilos%20que%20no%20se%20han%20podido%20comercializar&#038;body=https:\/\/radiorevelacionfm.cl\/?p=40826' aria-hidden='false' data-av_icon='\ue805' data-av_iconfont='entypo-fontello' title='' data-avia-related-tooltip='Compartir por correo'><span class='avia_hidden_link_text'>Compartir por correo<\/span><\/a><\/li><\/ul><\/div><\/div>\n<div  style='height:50px' class='hr hr-invisible   avia-builder-el-8  el_after_av_social_share  el_before_av_comments_list '><span class='hr-inner ' ><span class='hr-inner-style'><\/span><\/span><\/div>\n<div  class='av-buildercomment  av-blog-meta-html-info-disabled av-blog-meta-tag-disabled  '><\/div>\n","protected":false},"excerpt":{"rendered":"","protected":false},"author":1,"featured_media":40827,"comment_status":"open","ping_status":"open","sticky":false,"template":"","format":"standard","meta":{"footnotes":""},"categories":[38],"tags":[],"class_list":["post-40826","post","type-post","status-publish","format-standard","has-post-thumbnail","hentry","category-regional"],"jetpack_featured_media_url":"https:\/\/radiorevelacionfm.cl\/wp-content\/uploads\/2024\/03\/foto-ag-rIo-baker-1_optimized-1.jpeg","_links":{"self":[{"href":"https:\/\/radiorevelacionfm.cl\/index.php?rest_route=\/wp\/v2\/posts\/40826","targetHints":{"allow":["GET"]}}],"collection":[{"href":"https:\/\/radiorevelacionfm.cl\/index.php?rest_route=\/wp\/v2\/posts"}],"about":[{"href":"https:\/\/radiorevelacionfm.cl\/index.php?rest_route=\/wp\/v2\/types\/post"}],"author":[{"embeddable":true,"href":"https:\/\/radiorevelacionfm.cl\/index.php?rest_route=\/wp\/v2\/users\/1"}],"replies":[{"embeddable":true,"href":"https:\/\/radiorevelacionfm.cl\/index.php?rest_route=%2Fwp%2Fv2%2Fcomments&post=40826"}],"version-history":[{"count":1,"href":"https:\/\/radiorevelacionfm.cl\/index.php?rest_route=\/wp\/v2\/posts\/40826\/revisions"}],"predecessor-version":[{"id":40828,"href":"https:\/\/radiorevelacionfm.cl\/index.php?rest_route=\/wp\/v2\/posts\/40826\/revisions\/40828"}],"wp:featuredmedia":[{"embeddable":true,"href":"https:\/\/radiorevelacionfm.cl\/index.php?rest_route=\/wp\/v2\/media\/40827"}],"wp:attachment":[{"href":"https:\/\/radiorevelacionfm.cl\/index.php?rest_route=%2Fwp%2Fv2%2Fmedia&parent=40826"}],"wp:term":[{"taxonomy":"category","embeddable":true,"href":"https:\/\/radiorevelacionfm.cl\/index.php?rest_route=%2Fwp%2Fv2%2Fcategories&post=40826"},{"taxonomy":"post_tag","embeddable":true,"href":"https:\/\/radiorevelacionfm.cl\/index.php?rest_route=%2Fwp%2Fv2%2Ftags&post=40826"}],"curies":[{"name":"wp","href":"https:\/\/api.w.org\/{rel}","templated":true}]}}