{"id":40824,"date":"2024-03-30T15:30:07","date_gmt":"2024-03-30T18:30:07","guid":{"rendered":"https:\/\/radiorevelacionfm.cl\/?p=40824"},"modified":"2024-03-30T15:30:07","modified_gmt":"2024-03-30T18:30:07","slug":"tasa-de-desocupacion-regional-fue-de-53-en-el-trimestre-movil-diciembre-2023-febrero-2024","status":"publish","type":"post","link":"https:\/\/radiorevelacionfm.cl\/?p=40824","title":{"rendered":"Tasa de desocupaci\u00f3n regional fue de 5,3% en el trimestre m\u00f3vil diciembre 2023 \u2013 febrero 2024"},"content":{"rendered":"<div class=\"flex_column av_one_full  flex_column_div av-zero-column-padding first  avia-builder-el-0  el_before_av_one_full  avia-builder-el-first  \" style='border-radius:0px; '><div  class='avia-image-container  av-styling-    avia-builder-el-1  avia-builder-el-no-sibling  avia-align-center '  itemprop=\"image\" itemscope=\"itemscope\" itemtype=\"https:\/\/schema.org\/ImageObject\"  ><div class='avia-image-container-inner'><div class='avia-image-overlay-wrap'><img decoding=\"async\" class='wp-image-33930 avia-img-lazy-loading-not-33930 avia_image' src=\"https:\/\/radiorevelacionfm.cl\/wp-content\/uploads\/2023\/08\/Trabajadores-en-obra-1-1.jpg\" alt='' title='Trabajadores en obra (1) (1)' height=\"600\" width=\"920\"  itemprop=\"thumbnailUrl\" srcset=\"https:\/\/radiorevelacionfm.cl\/wp-content\/uploads\/2023\/08\/Trabajadores-en-obra-1-1.jpg 920w, https:\/\/radiorevelacionfm.cl\/wp-content\/uploads\/2023\/08\/Trabajadores-en-obra-1-1-300x196.jpg 300w, https:\/\/radiorevelacionfm.cl\/wp-content\/uploads\/2023\/08\/Trabajadores-en-obra-1-1-768x501.jpg 768w, https:\/\/radiorevelacionfm.cl\/wp-content\/uploads\/2023\/08\/Trabajadores-en-obra-1-1-705x460.jpg 705w, https:\/\/radiorevelacionfm.cl\/wp-content\/uploads\/2023\/08\/Trabajadores-en-obra-1-1-450x293.jpg 450w, https:\/\/radiorevelacionfm.cl\/wp-content\/uploads\/2023\/08\/Trabajadores-en-obra-1-1-600x391.jpg 600w\" sizes=\"(max-width: 920px) 100vw, 920px\" \/><\/div><\/div><\/div><\/div><div class=\"flex_column av_one_full  flex_column_div av-zero-column-padding first  avia-builder-el-2  el_after_av_one_full  el_before_av_one_full  column-top-margin\" style='border-radius:0px; '><section class=\"av_textblock_section \"  itemscope=\"itemscope\" itemtype=\"https:\/\/schema.org\/BlogPosting\" itemprop=\"blogPost\" ><div class='avia_textblock  '   itemprop=\"text\" ><p style=\"text-align: center;\"><strong><span style=\"font-size: 18pt;\">Tasa de desocupaci\u00f3n regional fue de 5,3% en el trimestre m\u00f3vil diciembre 2023 \u2013 febrero 2024<\/span><\/strong><\/p>\n<div id=\"gtx-trans\" style=\"position: absolute; left: -50px; top: 4.31534px;\">\n<div class=\"gtx-trans-icon\"><\/div>\n<\/div>\n<\/div><\/section><\/div><div class=\"flex_column av_one_full  flex_column_div av-zero-column-padding first  avia-builder-el-4  el_after_av_one_full  el_before_av_hr  column-top-margin\" style='border-radius:0px; '><section class=\"av_textblock_section \"  itemscope=\"itemscope\" itemtype=\"https:\/\/schema.org\/BlogPosting\" itemprop=\"blogPost\" ><div class='avia_textblock  '   itemprop=\"text\" ><p style=\"text-align: justify;\">En el trimestre diciembre 2023 \u2013 febrero 2024, la tasa de desocupaci\u00f3n regional fue 5,3%, aumentando 1,3 puntos porcentuales (pp.) en doce meses de acuerdo con la informaci\u00f3n registrada en la Encuesta Nacional de Empleo (ENE) que elabora el Instituto Nacional de Estad\u00edsticas de Chile (INE).<\/p>\n<p style=\"text-align: justify;\">Por su parte, la estimaci\u00f3n de personas ocupadas disminuy\u00f3 1,9% en doce meses, siendo incidida por hombres quienes presentaron una disminuci\u00f3n de 2,5%, seguidos de mujeres que presentaron una variaci\u00f3n de -1,1%.<\/p>\n<p style=\"text-align: justify;\">La tasa de ocupaci\u00f3n informal alcanz\u00f3 32,3% aumentando 2,4 pp. en doce meses. Las personas ocupadas informales aumentaron 5,9% interanualmente, principalmente incididos por hombres que aumentaron en 10,4%, seguido de mujeres (1,1%).<\/p>\n<p style=\"text-align: justify;\"><strong><span style=\"font-size: 12pt;\">Desocupaci\u00f3n<\/span><\/strong><\/p>\n<p style=\"text-align: justify;\">La estimaci\u00f3n de la tasa de desocupaci\u00f3n regional fue de 5,3%, aumentando 1,3 pp. en doce meses, dado que la fuerza de trabajo disminuy\u00f3 (-0,5%) en menor medida que la poblaci\u00f3n ocupada (-1,9%). Por su parte, las personas desocupadas aumentaron. Seg\u00fan \u00a0sexo, \u00a0la \u00a0tasa \u00a0de \u00a0desocupaci\u00f3n \u00a0de \u00a0las mujeres se situ\u00f3 en 5,9% y de los hombres en 4,9%.<\/p>\n<p style=\"text-align: justify;\"><strong>Ocupaci\u00f3n<\/strong><\/p>\n<p style=\"text-align: justify;\">En doce meses, la estimaci\u00f3n de personas ocupadas disminuy\u00f3 1,9% en doce meses, siendo incidida por hombres quienes presentaron una disminuci\u00f3n de 2,5%, seguidos de mujeres que presentaron una variaci\u00f3n de -1,1%.<\/p>\n<p style=\"text-align: justify;\">Seg\u00fan categor\u00eda ocupacional, la disminuci\u00f3n de las personas ocupadas fue incidida principalmente por personas asalariadas formales, quienes presentaron una variaci\u00f3n de -9,7% en doce meses.<\/p>\n<p style=\"text-align: justify;\">Por sector econ\u00f3mico, la disminuci\u00f3n de las personas ocupadas fue influida principalmente por ense\u00f1anza, quienes presentaron una variaci\u00f3n de -31,2%, seguido de construcci\u00f3n (-10,9%) y transporte (-13,4%).<\/p>\n<p style=\"text-align: justify;\">La \u00a0tasa de ocupaci\u00f3n informal \u00a0alcanz\u00f3 32,3% aumentando 2,4 pp. en doce meses. Las personas ocupadas informales aumentaron 5,9% en doce meses, incididos por hombres (10,4%), seguido de mujeres (1,1%).<\/p>\n<p style=\"text-align: justify;\"><strong>Participaci\u00f3n laboral<\/strong><\/p>\n<p style=\"text-align: justify;\">Las tasas de participaci\u00f3n y ocupaci\u00f3n se situaron en 71,7% y 67,8%, con variaciones interanuales de -1,1 pp. y -1,9 pp., respectivamente. En tanto la poblaci\u00f3n fuera de la fuerza de trabajo aument\u00f3 4,4% en doce meses, incidida principalmente por inactivos habituales.<\/p>\n<\/div><\/section><\/div><div  style='height:50px' class='hr hr-invisible   avia-builder-el-6  el_after_av_one_full  el_before_av_social_share '><span class='hr-inner ' ><span class='hr-inner-style'><\/span><\/span><\/div><\/p>\n<div  class='av-social-sharing-box  avia-builder-el-7  el_after_av_hr  el_before_av_hr  '><div class='av-share-box'><h5 class='av-share-link-description av-no-toc '>Compartir esta noticia<\/h5><ul class='av-share-box-list noLightbox'><li class='av-share-link av-social-link-facebook' ><a target=\"_blank\" aria-label=\"Compartir en Facebook\" href='https:\/\/www.facebook.com\/sharer.php?u=https:\/\/radiorevelacionfm.cl\/?p=40824&#038;t=Tasa%20de%20desocupaci%C3%B3n%20regional%20fue%20de%205%2C3%25%20en%20el%20trimestre%20m%C3%B3vil%20diciembre%202023%20%E2%80%93%20febrero%202024' aria-hidden='false' data-av_icon='\ue8f3' data-av_iconfont='entypo-fontello' title='' data-avia-related-tooltip='Compartir en Facebook' rel=\"noopener\"><span class='avia_hidden_link_text'>Compartir en Facebook<\/span><\/a><\/li><li class='av-share-link av-social-link-twitter' ><a target=\"_blank\" aria-label=\"Compartir en Twitter\" href='https:\/\/twitter.com\/share?text=Tasa%20de%20desocupaci%C3%B3n%20regional%20fue%20de%205%2C3%25%20en%20el%20trimestre%20m%C3%B3vil%20diciembre%202023%20%E2%80%93%20febrero%202024&#038;url=https:\/\/radiorevelacionfm.cl\/?p=40824' aria-hidden='false' data-av_icon='\ue8f1' data-av_iconfont='entypo-fontello' title='' data-avia-related-tooltip='Compartir en Twitter' rel=\"noopener\"><span class='avia_hidden_link_text'>Compartir en Twitter<\/span><\/a><\/li><li class='av-share-link av-social-link-whatsapp' ><a target=\"_blank\" aria-label=\"Compartir en Whatsapp\" href='https:\/\/api.whatsapp.com\/send?text=https:\/\/radiorevelacionfm.cl\/?p=40824' aria-hidden='false' data-av_icon='\uf232' data-av_iconfont='entypo-fontello' title='' data-avia-related-tooltip='Compartir en Whatsapp' rel=\"noopener\"><span class='avia_hidden_link_text'>Compartir en Whatsapp<\/span><\/a><\/li><li class='av-share-link av-social-link-linkedin' ><a target=\"_blank\" aria-label=\"Compartir en LinkedIn\" href='https:\/\/linkedin.com\/shareArticle?mini=true&#038;title=Tasa%20de%20desocupaci%C3%B3n%20regional%20fue%20de%205%2C3%25%20en%20el%20trimestre%20m%C3%B3vil%20diciembre%202023%20%E2%80%93%20febrero%202024&#038;url=https:\/\/radiorevelacionfm.cl\/?p=40824' aria-hidden='false' data-av_icon='\ue8fc' data-av_iconfont='entypo-fontello' title='' data-avia-related-tooltip='Compartir en LinkedIn' rel=\"noopener\"><span class='avia_hidden_link_text'>Compartir en LinkedIn<\/span><\/a><\/li><li class='av-share-link av-social-link-mail' ><a  aria-label=\"Compartir por correo\" href='mailto:?subject=Tasa%20de%20desocupaci%C3%B3n%20regional%20fue%20de%205%2C3%25%20en%20el%20trimestre%20m%C3%B3vil%20diciembre%202023%20%E2%80%93%20febrero%202024&#038;body=https:\/\/radiorevelacionfm.cl\/?p=40824' aria-hidden='false' data-av_icon='\ue805' data-av_iconfont='entypo-fontello' title='' data-avia-related-tooltip='Compartir por correo'><span class='avia_hidden_link_text'>Compartir por correo<\/span><\/a><\/li><\/ul><\/div><\/div>\n<div  style='height:50px' class='hr hr-invisible   avia-builder-el-8  el_after_av_social_share  el_before_av_comments_list '><span class='hr-inner ' ><span class='hr-inner-style'><\/span><\/span><\/div>\n<div  class='av-buildercomment  av-blog-meta-html-info-disabled av-blog-meta-tag-disabled  '><\/div>\n","protected":false},"excerpt":{"rendered":"","protected":false},"author":1,"featured_media":33930,"comment_status":"open","ping_status":"open","sticky":false,"template":"","format":"standard","meta":{"footnotes":""},"categories":[56],"tags":[],"class_list":["post-40824","post","type-post","status-publish","format-standard","has-post-thumbnail","hentry","category-trabajo"],"jetpack_featured_media_url":"https:\/\/radiorevelacionfm.cl\/wp-content\/uploads\/2023\/08\/Trabajadores-en-obra-1-1.jpg","_links":{"self":[{"href":"https:\/\/radiorevelacionfm.cl\/index.php?rest_route=\/wp\/v2\/posts\/40824","targetHints":{"allow":["GET"]}}],"collection":[{"href":"https:\/\/radiorevelacionfm.cl\/index.php?rest_route=\/wp\/v2\/posts"}],"about":[{"href":"https:\/\/radiorevelacionfm.cl\/index.php?rest_route=\/wp\/v2\/types\/post"}],"author":[{"embeddable":true,"href":"https:\/\/radiorevelacionfm.cl\/index.php?rest_route=\/wp\/v2\/users\/1"}],"replies":[{"embeddable":true,"href":"https:\/\/radiorevelacionfm.cl\/index.php?rest_route=%2Fwp%2Fv2%2Fcomments&post=40824"}],"version-history":[{"count":1,"href":"https:\/\/radiorevelacionfm.cl\/index.php?rest_route=\/wp\/v2\/posts\/40824\/revisions"}],"predecessor-version":[{"id":40825,"href":"https:\/\/radiorevelacionfm.cl\/index.php?rest_route=\/wp\/v2\/posts\/40824\/revisions\/40825"}],"wp:featuredmedia":[{"embeddable":true,"href":"https:\/\/radiorevelacionfm.cl\/index.php?rest_route=\/wp\/v2\/media\/33930"}],"wp:attachment":[{"href":"https:\/\/radiorevelacionfm.cl\/index.php?rest_route=%2Fwp%2Fv2%2Fmedia&parent=40824"}],"wp:term":[{"taxonomy":"category","embeddable":true,"href":"https:\/\/radiorevelacionfm.cl\/index.php?rest_route=%2Fwp%2Fv2%2Fcategories&post=40824"},{"taxonomy":"post_tag","embeddable":true,"href":"https:\/\/radiorevelacionfm.cl\/index.php?rest_route=%2Fwp%2Fv2%2Ftags&post=40824"}],"curies":[{"name":"wp","href":"https:\/\/api.w.org\/{rel}","templated":true}]}}