{"id":40821,"date":"2024-03-28T12:54:54","date_gmt":"2024-03-28T15:54:54","guid":{"rendered":"https:\/\/radiorevelacionfm.cl\/?p=40821"},"modified":"2024-03-28T12:54:54","modified_gmt":"2024-03-28T15:54:54","slug":"aumentan-medidas-de-seguridad-ante-el-fin-de-semana-largo-de-semana-santa","status":"publish","type":"post","link":"https:\/\/radiorevelacionfm.cl\/?p=40821","title":{"rendered":"Aumentan medidas de seguridad ante el fin de semana largo de Semana Santa"},"content":{"rendered":"<div class=\"flex_column av_one_full  flex_column_div av-zero-column-padding first  avia-builder-el-0  el_before_av_one_full  avia-builder-el-first  \" style='border-radius:0px; '><div  class='avia-image-container  av-styling-    avia-builder-el-1  avia-builder-el-no-sibling  avia-align-center '  itemprop=\"image\" itemscope=\"itemscope\" itemtype=\"https:\/\/schema.org\/ImageObject\"  ><div class='avia-image-container-inner'><div class='avia-image-overlay-wrap'><img decoding=\"async\" class='wp-image-40822 avia-img-lazy-loading-not-40822 avia_image' src=\"https:\/\/radiorevelacionfm.cl\/wp-content\/uploads\/2024\/03\/13155f7f-be24-4672-b1d8-e5476a4c3210-1_optimized.jpg\" alt='' title='13155f7f-be24-4672-b1d8-e5476a4c3210-(1)_optimized' height=\"600\" width=\"871\"  itemprop=\"thumbnailUrl\" srcset=\"https:\/\/radiorevelacionfm.cl\/wp-content\/uploads\/2024\/03\/13155f7f-be24-4672-b1d8-e5476a4c3210-1_optimized.jpg 871w, https:\/\/radiorevelacionfm.cl\/wp-content\/uploads\/2024\/03\/13155f7f-be24-4672-b1d8-e5476a4c3210-1_optimized-300x207.jpg 300w, https:\/\/radiorevelacionfm.cl\/wp-content\/uploads\/2024\/03\/13155f7f-be24-4672-b1d8-e5476a4c3210-1_optimized-768x529.jpg 768w, https:\/\/radiorevelacionfm.cl\/wp-content\/uploads\/2024\/03\/13155f7f-be24-4672-b1d8-e5476a4c3210-1_optimized-705x486.jpg 705w, https:\/\/radiorevelacionfm.cl\/wp-content\/uploads\/2024\/03\/13155f7f-be24-4672-b1d8-e5476a4c3210-1_optimized-450x310.jpg 450w, https:\/\/radiorevelacionfm.cl\/wp-content\/uploads\/2024\/03\/13155f7f-be24-4672-b1d8-e5476a4c3210-1_optimized-600x413.jpg 600w\" sizes=\"(max-width: 871px) 100vw, 871px\" \/><\/div><\/div><\/div><\/div><div class=\"flex_column av_one_full  flex_column_div av-zero-column-padding first  avia-builder-el-2  el_after_av_one_full  el_before_av_one_full  column-top-margin\" style='border-radius:0px; '><section class=\"av_textblock_section \"  itemscope=\"itemscope\" itemtype=\"https:\/\/schema.org\/BlogPosting\" itemprop=\"blogPost\" ><div class='avia_textblock  '   itemprop=\"text\" ><p style=\"text-align: center;\"><strong><span style=\"font-size: 18pt;\">Aumentan medidas de seguridad ante el fin de semana largo de Semana Santa<\/span><\/strong><\/p>\n<div id=\"gtx-trans\" style=\"position: absolute; left: -50px; top: 4.31534px;\">\n<div class=\"gtx-trans-icon\"><\/div>\n<\/div>\n<\/div><\/section><\/div><div class=\"flex_column av_one_full  flex_column_div av-zero-column-padding first  avia-builder-el-4  el_after_av_one_full  el_before_av_hr  column-top-margin\" style='border-radius:0px; '><section class=\"av_textblock_section \"  itemscope=\"itemscope\" itemtype=\"https:\/\/schema.org\/BlogPosting\" itemprop=\"blogPost\" ><div class='avia_textblock  '   itemprop=\"text\" ><p style=\"text-align: justify;\">Ante el fin de semana largo que se inicia el viernes 29, las instituciones p\u00fablicas de la regi\u00f3n de Ays\u00e9n se encuentran realizando operativos y despliegue de recursos en terreno, para reforzar las condiciones de seguridad p\u00fablica y evitar accidentes.<\/p>\n<p style=\"text-align: justify;\">As\u00ed lo inform\u00f3 el delegado presidencial regional Rodrigo Araya, indicando que desde el jueves 29 se ha aumentado la presencia de las instituciones policiales y fiscalizadoras en el territorio, lo que se logra gracias a la coordinaci\u00f3n que realiza el gobierno de las capacidades de cada servicio p\u00fablico, para ponerlos a disposici\u00f3n de las necesidades de la comunidad.<\/p>\n<p style=\"text-align: justify;\">Asimismo, el representante del gobierno asegur\u00f3 que el esfuerzo de la institucionalidad, por s\u00ed solo, no es suficiente en estas tareas preventivas. \u201cEste fin de semana largo son tres d\u00edas en los cuales todos ustedes van a tener la oportunidad de descansar, de compartir en familia y posiblemente movilizarse en la regi\u00f3n. Nosotros los llamamos a tener una conducta de autocuidado pensando en ustedes, pero tambi\u00e9n en sus familiares y conocidos. Ayud\u00e9monos entre todos a que este fin de semana sea una experiencia muy grata y muy alegre. Nosotros, desde el gobierno y nuestra Delegaci\u00f3n Presidencial hemos coordinado los servicios p\u00fablicos que tienen que ver con la seguridad y vamos a estar desplegados para cumplir esta funci\u00f3n, pero el autocuidado les corresponde a cada uno de ustedes\u201d, coment\u00f3 el delegado regional.<\/p>\n<p style=\"text-align: justify;\">Entre las medidas adoptadas en la regi\u00f3n, para este fin de semana, destaca el trabajo de los funcionarios de la Seremi de Salud, quienes se encuentran desarrollando fiscalizaciones para prevenir el consumo de mariscos con marea roja, debido a que no es posible eliminarla al cocer los mariscos. Por esta raz\u00f3n, la recomendaci\u00f3n es no consumir estos productos si su origen es desconocido y comprarlos solamente en lugares autorizados por la Seremi de Salud.<\/p>\n<p style=\"text-align: justify;\">Por su parte, el Servicio Nacional Para la Prevenci\u00f3n y Rehabilitaci\u00f3n del Consumo de Drogas y Alcohol, SENDA, se encuentra realizando operativos de apoyo a Carabineros fortaleciendo la prevenci\u00f3n de los accidentes de tr\u00e1nsito y promoviendo conductas responsables y seguras.<\/p>\n<p style=\"text-align: justify;\">Estos operativos han mostrado su efectividad en nuestro territorio, ya que gracias a los 48 realizados el a\u00f1o pasado, se logr\u00f3 la aplicaci\u00f3n de 7.852 controles de alcotest y 127 de narcotest.<\/p>\n<p style=\"text-align: justify;\">En la misma l\u00ednea, la polic\u00eda uniformada ya ha realizado m\u00e1s de 4.300 controles durante esta semana, y durante este feriado ha plainificado una ronda policial desde en la tarde del jueves, la que permite contar con m\u00e1s personal de Carabineros en las calles y puntos cr\u00edticos, ejerciendo su rol de prevenci\u00f3n del delito, sum\u00e1ndose a la presencia de m\u00e1s de 7.000 efectivos en todo el pa\u00eds.<\/p>\n<p style=\"text-align: justify;\">Adicionalmente, considerando el aumento de flujo esperado a trav\u00e9s de la frontera con la Rep\u00fablica Argentina, se dio a conocer que las instituciones p\u00fablicas chilenas y del vecino pa\u00eds, ya est\u00e1n preparadas para reforzar sus dotaciones y condiciones de seguridad, a partir de los trabajos de coordinaci\u00f3n realizados con anterioridad.<\/p>\n<p style=\"text-align: justify;\">Igualmente, se inform\u00f3 que a partir del 1 de abril habr\u00e1 cambios en el horario de funcionamiento de los pasos y complejos fronterizos de la regi\u00f3n, los que atender\u00e1n desde las 08:00 y hasta las 20:00 horas, horario que se extender\u00e1 hasta el 30 de noviembre. En el caso de los pasos administrados por Carabineros de Chile, las personas deben recordar que es imprescindible presentar su salvoconducto, el cual puede tramitarse en la p\u00e1gina\u00a0<a href=\"https:\/\/www.pdichile.cl\/\">https:\/\/www.pdichile.cl\/<\/a><\/p>\n<p style=\"text-align: justify;\">Reforzando el mensaje de auto cuidado, el delegado presidencial Rodrigo Araya reiter\u00f3 el llamado a realizar un buen uso de la red asistencial de salud, a atender las instrucciones de las autoridades y a mantener las condiciones de seguridad en el tr\u00e1nsito terrestre, dentro y fuera de la regi\u00f3n.<\/p>\n<p style=\"text-align: justify;\">Finalmente, se invit\u00f3 a la comunidad a revisar la p\u00e1gina web\u00a0<a href=\"http:\/\/www.juntosmasseguridad.cl\/\">www.juntosmasseguridad.cl<\/a>\u00a0para conocer detalles de las medidas del gobierno en materia de seguridad p\u00fablica y se reiter\u00f3 que para denunciar delitos de forma an\u00f3nima y gratuita, la comunidad dispone las 24 horas del d\u00eda del fono *4242, que en nuestra regi\u00f3n ha reportado un alto grado de eficacia.<\/p>\n<\/div><\/section><\/div><div  style='height:50px' class='hr hr-invisible   avia-builder-el-6  el_after_av_one_full  el_before_av_social_share '><span class='hr-inner ' ><span class='hr-inner-style'><\/span><\/span><\/div><\/p>\n<div  class='av-social-sharing-box  avia-builder-el-7  el_after_av_hr  el_before_av_hr  '><div class='av-share-box'><h5 class='av-share-link-description av-no-toc '>Compartir esta noticia<\/h5><ul class='av-share-box-list noLightbox'><li class='av-share-link av-social-link-facebook' ><a target=\"_blank\" aria-label=\"Compartir en Facebook\" href='https:\/\/www.facebook.com\/sharer.php?u=https:\/\/radiorevelacionfm.cl\/?p=40821&#038;t=Aumentan%20medidas%20de%20seguridad%20ante%20el%20fin%20de%20semana%20largo%20de%20Semana%20Santa' aria-hidden='false' data-av_icon='\ue8f3' data-av_iconfont='entypo-fontello' title='' data-avia-related-tooltip='Compartir en Facebook' rel=\"noopener\"><span class='avia_hidden_link_text'>Compartir en Facebook<\/span><\/a><\/li><li class='av-share-link av-social-link-twitter' ><a target=\"_blank\" aria-label=\"Compartir en Twitter\" href='https:\/\/twitter.com\/share?text=Aumentan%20medidas%20de%20seguridad%20ante%20el%20fin%20de%20semana%20largo%20de%20Semana%20Santa&#038;url=https:\/\/radiorevelacionfm.cl\/?p=40821' aria-hidden='false' data-av_icon='\ue8f1' data-av_iconfont='entypo-fontello' title='' data-avia-related-tooltip='Compartir en Twitter' rel=\"noopener\"><span class='avia_hidden_link_text'>Compartir en Twitter<\/span><\/a><\/li><li class='av-share-link av-social-link-whatsapp' ><a target=\"_blank\" aria-label=\"Compartir en Whatsapp\" href='https:\/\/api.whatsapp.com\/send?text=https:\/\/radiorevelacionfm.cl\/?p=40821' aria-hidden='false' data-av_icon='\uf232' data-av_iconfont='entypo-fontello' title='' data-avia-related-tooltip='Compartir en Whatsapp' rel=\"noopener\"><span class='avia_hidden_link_text'>Compartir en Whatsapp<\/span><\/a><\/li><li class='av-share-link av-social-link-linkedin' ><a target=\"_blank\" aria-label=\"Compartir en LinkedIn\" href='https:\/\/linkedin.com\/shareArticle?mini=true&#038;title=Aumentan%20medidas%20de%20seguridad%20ante%20el%20fin%20de%20semana%20largo%20de%20Semana%20Santa&#038;url=https:\/\/radiorevelacionfm.cl\/?p=40821' aria-hidden='false' data-av_icon='\ue8fc' data-av_iconfont='entypo-fontello' title='' data-avia-related-tooltip='Compartir en LinkedIn' rel=\"noopener\"><span class='avia_hidden_link_text'>Compartir en LinkedIn<\/span><\/a><\/li><li class='av-share-link av-social-link-mail' ><a  aria-label=\"Compartir por correo\" href='mailto:?subject=Aumentan%20medidas%20de%20seguridad%20ante%20el%20fin%20de%20semana%20largo%20de%20Semana%20Santa&#038;body=https:\/\/radiorevelacionfm.cl\/?p=40821' aria-hidden='false' data-av_icon='\ue805' data-av_iconfont='entypo-fontello' title='' data-avia-related-tooltip='Compartir por correo'><span class='avia_hidden_link_text'>Compartir por correo<\/span><\/a><\/li><\/ul><\/div><\/div>\n<div  style='height:50px' class='hr hr-invisible   avia-builder-el-8  el_after_av_social_share  el_before_av_comments_list '><span class='hr-inner ' ><span class='hr-inner-style'><\/span><\/span><\/div>\n<div  class='av-buildercomment  av-blog-meta-html-info-disabled av-blog-meta-tag-disabled  '><\/div>\n","protected":false},"excerpt":{"rendered":"","protected":false},"author":1,"featured_media":40822,"comment_status":"open","ping_status":"open","sticky":false,"template":"","format":"standard","meta":{"footnotes":""},"categories":[38],"tags":[],"class_list":["post-40821","post","type-post","status-publish","format-standard","has-post-thumbnail","hentry","category-regional"],"jetpack_featured_media_url":"https:\/\/radiorevelacionfm.cl\/wp-content\/uploads\/2024\/03\/13155f7f-be24-4672-b1d8-e5476a4c3210-1_optimized.jpg","_links":{"self":[{"href":"https:\/\/radiorevelacionfm.cl\/index.php?rest_route=\/wp\/v2\/posts\/40821","targetHints":{"allow":["GET"]}}],"collection":[{"href":"https:\/\/radiorevelacionfm.cl\/index.php?rest_route=\/wp\/v2\/posts"}],"about":[{"href":"https:\/\/radiorevelacionfm.cl\/index.php?rest_route=\/wp\/v2\/types\/post"}],"author":[{"embeddable":true,"href":"https:\/\/radiorevelacionfm.cl\/index.php?rest_route=\/wp\/v2\/users\/1"}],"replies":[{"embeddable":true,"href":"https:\/\/radiorevelacionfm.cl\/index.php?rest_route=%2Fwp%2Fv2%2Fcomments&post=40821"}],"version-history":[{"count":1,"href":"https:\/\/radiorevelacionfm.cl\/index.php?rest_route=\/wp\/v2\/posts\/40821\/revisions"}],"predecessor-version":[{"id":40823,"href":"https:\/\/radiorevelacionfm.cl\/index.php?rest_route=\/wp\/v2\/posts\/40821\/revisions\/40823"}],"wp:featuredmedia":[{"embeddable":true,"href":"https:\/\/radiorevelacionfm.cl\/index.php?rest_route=\/wp\/v2\/media\/40822"}],"wp:attachment":[{"href":"https:\/\/radiorevelacionfm.cl\/index.php?rest_route=%2Fwp%2Fv2%2Fmedia&parent=40821"}],"wp:term":[{"taxonomy":"category","embeddable":true,"href":"https:\/\/radiorevelacionfm.cl\/index.php?rest_route=%2Fwp%2Fv2%2Fcategories&post=40821"},{"taxonomy":"post_tag","embeddable":true,"href":"https:\/\/radiorevelacionfm.cl\/index.php?rest_route=%2Fwp%2Fv2%2Ftags&post=40821"}],"curies":[{"name":"wp","href":"https:\/\/api.w.org\/{rel}","templated":true}]}}