{"id":40818,"date":"2024-03-28T21:35:40","date_gmt":"2024-03-29T00:35:40","guid":{"rendered":"https:\/\/radiorevelacionfm.cl\/?p=40818"},"modified":"2024-03-28T21:38:57","modified_gmt":"2024-03-29T00:38:57","slug":"centro-de-la-mujer-rayen-de-coyhaique-y-edelaysen-se-unen-para-el-acopio-de-pilas","status":"publish","type":"post","link":"https:\/\/radiorevelacionfm.cl\/?p=40818","title":{"rendered":"Centro de la Mujer \u201cRayen\u201d de Coyhaique y Edelaysen se unen para el acopio de pilas"},"content":{"rendered":"<div class=\"flex_column av_one_full  flex_column_div av-zero-column-padding first  avia-builder-el-0  el_before_av_one_full  avia-builder-el-first  \" style='border-radius:0px; '><div  class='avia-image-container  av-styling-    avia-builder-el-1  avia-builder-el-no-sibling  avia-align-center '  itemprop=\"image\" itemscope=\"itemscope\" itemtype=\"https:\/\/schema.org\/ImageObject\"  ><div class='avia-image-container-inner'><div class='avia-image-overlay-wrap'><img decoding=\"async\" class='wp-image-40819 avia-img-lazy-loading-not-40819 avia_image' src=\"https:\/\/radiorevelacionfm.cl\/wp-content\/uploads\/2024\/03\/centro-de-la-mujer-rayen-2_optimized.jpeg\" alt='' title='centro-de-la-mujer-rayen-(2)_optimized' height=\"600\" width=\"1100\"  itemprop=\"thumbnailUrl\" srcset=\"https:\/\/radiorevelacionfm.cl\/wp-content\/uploads\/2024\/03\/centro-de-la-mujer-rayen-2_optimized.jpeg 1100w, https:\/\/radiorevelacionfm.cl\/wp-content\/uploads\/2024\/03\/centro-de-la-mujer-rayen-2_optimized-300x164.jpeg 300w, https:\/\/radiorevelacionfm.cl\/wp-content\/uploads\/2024\/03\/centro-de-la-mujer-rayen-2_optimized-1030x562.jpeg 1030w, https:\/\/radiorevelacionfm.cl\/wp-content\/uploads\/2024\/03\/centro-de-la-mujer-rayen-2_optimized-768x419.jpeg 768w, https:\/\/radiorevelacionfm.cl\/wp-content\/uploads\/2024\/03\/centro-de-la-mujer-rayen-2_optimized-705x385.jpeg 705w, https:\/\/radiorevelacionfm.cl\/wp-content\/uploads\/2024\/03\/centro-de-la-mujer-rayen-2_optimized-450x245.jpeg 450w, https:\/\/radiorevelacionfm.cl\/wp-content\/uploads\/2024\/03\/centro-de-la-mujer-rayen-2_optimized-600x327.jpeg 600w\" sizes=\"(max-width: 1100px) 100vw, 1100px\" \/><\/div><\/div><\/div><\/div><div class=\"flex_column av_one_full  flex_column_div av-zero-column-padding first  avia-builder-el-2  el_after_av_one_full  el_before_av_one_full  column-top-margin\" style='border-radius:0px; '><section class=\"av_textblock_section \"  itemscope=\"itemscope\" itemtype=\"https:\/\/schema.org\/BlogPosting\" itemprop=\"blogPost\" ><div class='avia_textblock  '   itemprop=\"text\" ><p style=\"text-align: center;\"><strong><span style=\"font-size: 18pt;\">Centro de la Mujer \u201cRayen\u201d de Coyhaique y Edelaysen se unen para el acopio de pilas<\/span><\/strong><\/p>\n<div id=\"gtx-trans\" style=\"position: absolute; left: -50px; top: 4.31534px;\">\n<div class=\"gtx-trans-icon\"><\/div>\n<\/div>\n<\/div><\/section><\/div><div class=\"flex_column av_one_full  flex_column_div av-zero-column-padding first  avia-builder-el-4  el_after_av_one_full  el_before_av_hr  column-top-margin\" style='border-radius:0px; '><section class=\"av_textblock_section \"  itemscope=\"itemscope\" itemtype=\"https:\/\/schema.org\/BlogPosting\" itemprop=\"blogPost\" ><div class='avia_textblock  '   itemprop=\"text\" ><p style=\"text-align: justify;\">Sumando apoyos incluso ad portas del lanzamiento de una nueva campa\u00f1a de \u201cPatagonia Ponte las Pilas\u201d, Edelaysen ya cuenta con nuevos socios estrat\u00e9gicos en el almacenaje de pilas en desuso en la regi\u00f3n de Ays\u00e9n. Pues recientemente, estableci\u00f3 una alianza con el Centro de la Mujer \u201cRayen\u201d de la comuna de Coyhaique, con el objetivo de promover pr\u00e1cticas sostenibles y responsables en el manejo de residuos peligrosos.<\/p>\n<p style=\"text-align: justify;\">Patricio Raimilla, jefe de Servicio al Cliente de Edelaysen coment\u00f3: \u201cComo empresa el\u00e9ctrica estamos comprometidos en el cuidado del medio ambiente, generando campa\u00f1as que promuevan las buenas pr\u00e1cticas en esta materia. Es por ello, que con la alianza con el Centro de la Mujer esperamos trabajar en conjunto para implementar soluciones sostenibles que nos beneficien e involucren a todos. Por tanto, agradecemos a esta instituci\u00f3n y por su intermedio al municipio de Coyhaique por sumarse a esta iniciativa\u201d.<\/p>\n<p style=\"text-align: justify;\">Cabe destacar, que este trabajo conjunto cobra especial relevancia en el contexto del pr\u00f3ximo lanzamiento de la octava campa\u00f1a \u201cPatagonia ponte las pilas\u201d de Edelaysen, iniciativa que busca concientizar a la comunidad sobre la importancia de reciclar pilas y bater\u00edas, as\u00ed como promover su correcta disposici\u00f3n final.<\/p>\n<p style=\"text-align: justify;\">Por su parte, Paola Carrasco coordinadora del Centro de la Mujer destac\u00f3: \u201c(Quiero) agradecer desde ya la iniciativa que ha tenido Edelaysen en gesti\u00f3n conjunta con nuestro alcalde, por intermedio de la oficina municipal de la mujer, a establecer un nuevo punto de acopio en la ciudad y la consideraci\u00f3n de contar con un punto de acopio de pilas para su reciclaje en el centro de mujeres de Coyhaique. Sabemos que las pilas tienen un material altamente contaminante, por lo tanto, aportar desde esta v\u00eda a descontaminar nuestra ciudad, es bastante significativo, por lo que desde ya, invitamos a todas las usuarias, vecinas y vecinos que se acerquen a hacer uso de este punto y a tomar conciencia sobre el cuidado del medio ambiente\u201d.<\/p>\n<p style=\"text-align: justify;\"><strong>\u00a0<\/strong>De esta manera, Edelaysen hace un llamado a la comunidad a ser parte de la iniciativa, reciclando pilas en desuso, para ello, se han puesto a disposici\u00f3n todas las oficinas de la el\u00e9ctrica dentro de la regi\u00f3n, adem\u00e1s de puntos como municipios y Seremi de Medio Ambiente.<\/p>\n<\/div><\/section><\/div><div  style='height:50px' class='hr hr-invisible   avia-builder-el-6  el_after_av_one_full  el_before_av_social_share '><span class='hr-inner ' ><span class='hr-inner-style'><\/span><\/span><\/div><\/p>\n<div  class='av-social-sharing-box  avia-builder-el-7  el_after_av_hr  el_before_av_hr  '><div class='av-share-box'><h5 class='av-share-link-description av-no-toc '>Compartir esta noticia<\/h5><ul class='av-share-box-list noLightbox'><li class='av-share-link av-social-link-facebook' ><a target=\"_blank\" aria-label=\"Compartir en Facebook\" href='https:\/\/www.facebook.com\/sharer.php?u=https:\/\/radiorevelacionfm.cl\/?p=40818&#038;t=Centro%20de%20la%20Mujer%20%E2%80%9CRayen%E2%80%9D%20de%20Coyhaique%20y%20Edelaysen%20se%20unen%20para%20el%20acopio%20de%20pilas' aria-hidden='false' data-av_icon='\ue8f3' data-av_iconfont='entypo-fontello' title='' data-avia-related-tooltip='Compartir en Facebook' rel=\"noopener\"><span class='avia_hidden_link_text'>Compartir en Facebook<\/span><\/a><\/li><li class='av-share-link av-social-link-twitter' ><a target=\"_blank\" aria-label=\"Compartir en Twitter\" href='https:\/\/twitter.com\/share?text=Centro%20de%20la%20Mujer%20%E2%80%9CRayen%E2%80%9D%20de%20Coyhaique%20y%20Edelaysen%20se%20unen%20para%20el%20acopio%20de%20pilas&#038;url=https:\/\/radiorevelacionfm.cl\/?p=40818' aria-hidden='false' data-av_icon='\ue8f1' data-av_iconfont='entypo-fontello' title='' data-avia-related-tooltip='Compartir en Twitter' rel=\"noopener\"><span class='avia_hidden_link_text'>Compartir en Twitter<\/span><\/a><\/li><li class='av-share-link av-social-link-whatsapp' ><a target=\"_blank\" aria-label=\"Compartir en Whatsapp\" href='https:\/\/api.whatsapp.com\/send?text=https:\/\/radiorevelacionfm.cl\/?p=40818' aria-hidden='false' data-av_icon='\uf232' data-av_iconfont='entypo-fontello' title='' data-avia-related-tooltip='Compartir en Whatsapp' rel=\"noopener\"><span class='avia_hidden_link_text'>Compartir en Whatsapp<\/span><\/a><\/li><li class='av-share-link av-social-link-linkedin' ><a target=\"_blank\" aria-label=\"Compartir en LinkedIn\" href='https:\/\/linkedin.com\/shareArticle?mini=true&#038;title=Centro%20de%20la%20Mujer%20%E2%80%9CRayen%E2%80%9D%20de%20Coyhaique%20y%20Edelaysen%20se%20unen%20para%20el%20acopio%20de%20pilas&#038;url=https:\/\/radiorevelacionfm.cl\/?p=40818' aria-hidden='false' data-av_icon='\ue8fc' data-av_iconfont='entypo-fontello' title='' data-avia-related-tooltip='Compartir en LinkedIn' rel=\"noopener\"><span class='avia_hidden_link_text'>Compartir en LinkedIn<\/span><\/a><\/li><li class='av-share-link av-social-link-mail' ><a  aria-label=\"Compartir por correo\" href='mailto:?subject=Centro%20de%20la%20Mujer%20%E2%80%9CRayen%E2%80%9D%20de%20Coyhaique%20y%20Edelaysen%20se%20unen%20para%20el%20acopio%20de%20pilas&#038;body=https:\/\/radiorevelacionfm.cl\/?p=40818' aria-hidden='false' data-av_icon='\ue805' data-av_iconfont='entypo-fontello' title='' data-avia-related-tooltip='Compartir por correo'><span class='avia_hidden_link_text'>Compartir por correo<\/span><\/a><\/li><\/ul><\/div><\/div>\n<div  style='height:50px' class='hr hr-invisible   avia-builder-el-8  el_after_av_social_share  el_before_av_comments_list '><span class='hr-inner ' ><span class='hr-inner-style'><\/span><\/span><\/div>\n<div  class='av-buildercomment  av-blog-meta-html-info-disabled av-blog-meta-tag-disabled  '><\/div>\n","protected":false},"excerpt":{"rendered":"","protected":false},"author":1,"featured_media":40819,"comment_status":"open","ping_status":"open","sticky":false,"template":"","format":"standard","meta":{"footnotes":""},"categories":[38],"tags":[],"class_list":["post-40818","post","type-post","status-publish","format-standard","has-post-thumbnail","hentry","category-regional"],"jetpack_featured_media_url":"https:\/\/radiorevelacionfm.cl\/wp-content\/uploads\/2024\/03\/centro-de-la-mujer-rayen-2_optimized.jpeg","_links":{"self":[{"href":"https:\/\/radiorevelacionfm.cl\/index.php?rest_route=\/wp\/v2\/posts\/40818","targetHints":{"allow":["GET"]}}],"collection":[{"href":"https:\/\/radiorevelacionfm.cl\/index.php?rest_route=\/wp\/v2\/posts"}],"about":[{"href":"https:\/\/radiorevelacionfm.cl\/index.php?rest_route=\/wp\/v2\/types\/post"}],"author":[{"embeddable":true,"href":"https:\/\/radiorevelacionfm.cl\/index.php?rest_route=\/wp\/v2\/users\/1"}],"replies":[{"embeddable":true,"href":"https:\/\/radiorevelacionfm.cl\/index.php?rest_route=%2Fwp%2Fv2%2Fcomments&post=40818"}],"version-history":[{"count":1,"href":"https:\/\/radiorevelacionfm.cl\/index.php?rest_route=\/wp\/v2\/posts\/40818\/revisions"}],"predecessor-version":[{"id":40820,"href":"https:\/\/radiorevelacionfm.cl\/index.php?rest_route=\/wp\/v2\/posts\/40818\/revisions\/40820"}],"wp:featuredmedia":[{"embeddable":true,"href":"https:\/\/radiorevelacionfm.cl\/index.php?rest_route=\/wp\/v2\/media\/40819"}],"wp:attachment":[{"href":"https:\/\/radiorevelacionfm.cl\/index.php?rest_route=%2Fwp%2Fv2%2Fmedia&parent=40818"}],"wp:term":[{"taxonomy":"category","embeddable":true,"href":"https:\/\/radiorevelacionfm.cl\/index.php?rest_route=%2Fwp%2Fv2%2Fcategories&post=40818"},{"taxonomy":"post_tag","embeddable":true,"href":"https:\/\/radiorevelacionfm.cl\/index.php?rest_route=%2Fwp%2Fv2%2Ftags&post=40818"}],"curies":[{"name":"wp","href":"https:\/\/api.w.org\/{rel}","templated":true}]}}