{"id":40808,"date":"2024-03-27T20:39:09","date_gmt":"2024-03-27T23:39:09","guid":{"rendered":"https:\/\/radiorevelacionfm.cl\/?p=40808"},"modified":"2024-03-27T20:39:09","modified_gmt":"2024-03-27T23:39:09","slug":"carabineros-aysen-despliega-130-efectivos-para-reforzar-servicios-preventivos-en-semana-santa","status":"publish","type":"post","link":"https:\/\/radiorevelacionfm.cl\/?p=40808","title":{"rendered":"Carabineros Ays\u00e9n despliega 130 efectivos para reforzar servicios preventivos en Semana Santa"},"content":{"rendered":"<div class=\"flex_column av_one_full  flex_column_div av-zero-column-padding first  avia-builder-el-0  el_before_av_one_full  avia-builder-el-first  \" style='border-radius:0px; '><div  class='avia-image-container  av-styling-    avia-builder-el-1  avia-builder-el-no-sibling  avia-align-center '  itemprop=\"image\" itemscope=\"itemscope\" itemtype=\"https:\/\/schema.org\/ImageObject\"  ><div class='avia-image-container-inner'><div class='avia-image-overlay-wrap'><img decoding=\"async\" class='wp-image-40809 avia-img-lazy-loading-not-40809 avia_image' src=\"https:\/\/radiorevelacionfm.cl\/wp-content\/uploads\/2024\/03\/487722af-c8c8-4c89-8257-cd40f1f80f3b-1-1.jpg\" alt='' title='487722af-c8c8-4c89-8257-cd40f1f80f3b (1) (1)' height=\"600\" width=\"800\"  itemprop=\"thumbnailUrl\" srcset=\"https:\/\/radiorevelacionfm.cl\/wp-content\/uploads\/2024\/03\/487722af-c8c8-4c89-8257-cd40f1f80f3b-1-1.jpg 800w, https:\/\/radiorevelacionfm.cl\/wp-content\/uploads\/2024\/03\/487722af-c8c8-4c89-8257-cd40f1f80f3b-1-1-300x225.jpg 300w, https:\/\/radiorevelacionfm.cl\/wp-content\/uploads\/2024\/03\/487722af-c8c8-4c89-8257-cd40f1f80f3b-1-1-768x576.jpg 768w, https:\/\/radiorevelacionfm.cl\/wp-content\/uploads\/2024\/03\/487722af-c8c8-4c89-8257-cd40f1f80f3b-1-1-705x529.jpg 705w, https:\/\/radiorevelacionfm.cl\/wp-content\/uploads\/2024\/03\/487722af-c8c8-4c89-8257-cd40f1f80f3b-1-1-450x338.jpg 450w, https:\/\/radiorevelacionfm.cl\/wp-content\/uploads\/2024\/03\/487722af-c8c8-4c89-8257-cd40f1f80f3b-1-1-600x450.jpg 600w\" sizes=\"(max-width: 800px) 100vw, 800px\" \/><\/div><\/div><\/div><\/div><div class=\"flex_column av_one_full  flex_column_div av-zero-column-padding first  avia-builder-el-2  el_after_av_one_full  el_before_av_one_full  column-top-margin\" style='border-radius:0px; '><section class=\"av_textblock_section \"  itemscope=\"itemscope\" itemtype=\"https:\/\/schema.org\/BlogPosting\" itemprop=\"blogPost\" ><div class='avia_textblock  '   itemprop=\"text\" ><p style=\"text-align: center;\"><strong><span style=\"font-size: 18pt;\">Carabineros Ays\u00e9n despliega 130 efectivos para reforzar servicios preventivos en Semana Santa<\/span><\/strong><\/p>\n<div id=\"gtx-trans\" style=\"position: absolute; left: -50px; top: 4.31534px;\">\n<div class=\"gtx-trans-icon\"><\/div>\n<\/div>\n<\/div><\/section><\/div><div class=\"flex_column av_one_full  flex_column_div av-zero-column-padding first  avia-builder-el-4  el_after_av_one_full  el_before_av_hr  column-top-margin\" style='border-radius:0px; '><section class=\"av_textblock_section \"  itemscope=\"itemscope\" itemtype=\"https:\/\/schema.org\/BlogPosting\" itemprop=\"blogPost\" ><div class='avia_textblock  '   itemprop=\"text\" ><p style=\"text-align: justify;\" align=\"justify\">A trav\u00e9s de un despliegue de cerca de 130 efectivos, Carabineros puso en marcha un plan de servicios de control y fiscalizaci\u00f3n orientado a reforzar la seguridad durante la festividad religiosa de Semana Santa.<\/p>\n<p style=\"text-align: justify;\" align=\"justify\">El trabajo estar\u00e1 focalizado en el desarrollo de controles en diversas materias -m\u00e1s all\u00e1 de aspectos relacionados al consumo de productos del mar- como son el consumo de alcohol, el exceso de velocidad, entre otros.<\/p>\n<p style=\"text-align: justify;\" align=\"justify\">Carabineros trabaja en el control y fiscalizaci\u00f3n en el sector cruce Viviana y La Junta, sumado al despliegue operativo a lo largo de la Ruta 7 con la finalidad de advertir este tipo de situaciones, trabajo que se desarrolla de manera conjunta con personal de Sernapesca con el prop\u00f3sito de establecer el origen y destino de estos productos.<\/p>\n<p style=\"text-align: justify;\" align=\"justify\">\u00abLas planificaciones aseguran los procesos y los procesos los resultados, sin embargo, hay una variable que no controlamos que es el comportamiento de las personas\u00bb, expres\u00f3 el Jefe de Zona de Carabineros Ays\u00e9n, General Patricio Santos Poblete.<\/p>\n<p style=\"text-align: justify;\" align=\"justify\">Sobre este \u00faltimo aspecto, el Oficial General a\u00f1adi\u00f3 que \u00aben cuanto las personas est\u00e9n dispuestas a comprar en lugares que est\u00e9n certificados, en los lugares establecidos, entonces podemos evitar o controlar el riesgo de las graves afectaciones a la salud. Por lo tanto, el llamado tambi\u00e9n es a que las personas se porten bien\u00bb, complement\u00f3.<\/p>\n<p style=\"text-align: justify;\" align=\"justify\">A pocas horas del inicio del feriado extendido de Semana Santa, Carabineros llam\u00f3 a la comunidad a adoptar una conducta responsable y no arriesgar la salud personal o familiar al adquirir productos del mar de origen desconocido, provenientes de zonas no autorizadas o cuyas cadenas de fr\u00edo hayan sido interrumpidas.<\/p>\n<p style=\"text-align: justify;\" align=\"justify\">\u00abNuestro control se extiende a todo aquello que la ley nos obliga, por lo tanto, el llamado a las personas es a controlar el comportamiento, de tal forma de no hacer estos momentos de compartir en familia, una desgracia. Estamos trabajando coordinados con un trabajo guiado desde la Seremi de Salud y prestando todos los apoyos posibles para que no tengamos ninguna emergencia\u00bb, indic\u00f3 el General Patricio Santos.<\/p>\n<p style=\"text-align: justify;\" align=\"justify\">Desde enero al 24 de marzo del presente a\u00f1o, Carabineros ha desarrollado 56.548 controles, de los cuales 12.071 son a peatones, 39.653 a conductores, 2481 al comercio y 2.343 a locales de alcoholes, con un saldo de 1.186 personas detenidas por diversos delitos.<\/p>\n<\/div><\/section><\/div><div  style='height:50px' class='hr hr-invisible   avia-builder-el-6  el_after_av_one_full  el_before_av_social_share '><span class='hr-inner ' ><span class='hr-inner-style'><\/span><\/span><\/div><\/p>\n<div  class='av-social-sharing-box  avia-builder-el-7  el_after_av_hr  el_before_av_hr  '><div class='av-share-box'><h5 class='av-share-link-description av-no-toc '>Compartir esta noticia<\/h5><ul class='av-share-box-list noLightbox'><li class='av-share-link av-social-link-facebook' ><a target=\"_blank\" aria-label=\"Compartir en Facebook\" href='https:\/\/www.facebook.com\/sharer.php?u=https:\/\/radiorevelacionfm.cl\/?p=40808&#038;t=Carabineros%20Ays%C3%A9n%20despliega%20130%20efectivos%20para%20reforzar%20servicios%20preventivos%20en%20Semana%20Santa' aria-hidden='false' data-av_icon='\ue8f3' data-av_iconfont='entypo-fontello' title='' data-avia-related-tooltip='Compartir en Facebook' rel=\"noopener\"><span class='avia_hidden_link_text'>Compartir en Facebook<\/span><\/a><\/li><li class='av-share-link av-social-link-twitter' ><a target=\"_blank\" aria-label=\"Compartir en Twitter\" href='https:\/\/twitter.com\/share?text=Carabineros%20Ays%C3%A9n%20despliega%20130%20efectivos%20para%20reforzar%20servicios%20preventivos%20en%20Semana%20Santa&#038;url=https:\/\/radiorevelacionfm.cl\/?p=40808' aria-hidden='false' data-av_icon='\ue8f1' data-av_iconfont='entypo-fontello' title='' data-avia-related-tooltip='Compartir en Twitter' rel=\"noopener\"><span class='avia_hidden_link_text'>Compartir en Twitter<\/span><\/a><\/li><li class='av-share-link av-social-link-whatsapp' ><a target=\"_blank\" aria-label=\"Compartir en Whatsapp\" href='https:\/\/api.whatsapp.com\/send?text=https:\/\/radiorevelacionfm.cl\/?p=40808' aria-hidden='false' data-av_icon='\uf232' data-av_iconfont='entypo-fontello' title='' data-avia-related-tooltip='Compartir en Whatsapp' rel=\"noopener\"><span class='avia_hidden_link_text'>Compartir en Whatsapp<\/span><\/a><\/li><li class='av-share-link av-social-link-linkedin' ><a target=\"_blank\" aria-label=\"Compartir en LinkedIn\" href='https:\/\/linkedin.com\/shareArticle?mini=true&#038;title=Carabineros%20Ays%C3%A9n%20despliega%20130%20efectivos%20para%20reforzar%20servicios%20preventivos%20en%20Semana%20Santa&#038;url=https:\/\/radiorevelacionfm.cl\/?p=40808' aria-hidden='false' data-av_icon='\ue8fc' data-av_iconfont='entypo-fontello' title='' data-avia-related-tooltip='Compartir en LinkedIn' rel=\"noopener\"><span class='avia_hidden_link_text'>Compartir en LinkedIn<\/span><\/a><\/li><li class='av-share-link av-social-link-mail' ><a  aria-label=\"Compartir por correo\" href='mailto:?subject=Carabineros%20Ays%C3%A9n%20despliega%20130%20efectivos%20para%20reforzar%20servicios%20preventivos%20en%20Semana%20Santa&#038;body=https:\/\/radiorevelacionfm.cl\/?p=40808' aria-hidden='false' data-av_icon='\ue805' data-av_iconfont='entypo-fontello' title='' data-avia-related-tooltip='Compartir por correo'><span class='avia_hidden_link_text'>Compartir por correo<\/span><\/a><\/li><\/ul><\/div><\/div>\n<div  style='height:50px' class='hr hr-invisible   avia-builder-el-8  el_after_av_social_share  el_before_av_comments_list '><span class='hr-inner ' ><span class='hr-inner-style'><\/span><\/span><\/div>\n<div  class='av-buildercomment  av-blog-meta-html-info-disabled av-blog-meta-tag-disabled  '><\/div>\n","protected":false},"excerpt":{"rendered":"","protected":false},"author":1,"featured_media":40809,"comment_status":"open","ping_status":"open","sticky":false,"template":"","format":"standard","meta":{"footnotes":""},"categories":[36],"tags":[],"class_list":["post-40808","post","type-post","status-publish","format-standard","has-post-thumbnail","hentry","category-policial"],"jetpack_featured_media_url":"https:\/\/radiorevelacionfm.cl\/wp-content\/uploads\/2024\/03\/487722af-c8c8-4c89-8257-cd40f1f80f3b-1-1.jpg","_links":{"self":[{"href":"https:\/\/radiorevelacionfm.cl\/index.php?rest_route=\/wp\/v2\/posts\/40808","targetHints":{"allow":["GET"]}}],"collection":[{"href":"https:\/\/radiorevelacionfm.cl\/index.php?rest_route=\/wp\/v2\/posts"}],"about":[{"href":"https:\/\/radiorevelacionfm.cl\/index.php?rest_route=\/wp\/v2\/types\/post"}],"author":[{"embeddable":true,"href":"https:\/\/radiorevelacionfm.cl\/index.php?rest_route=\/wp\/v2\/users\/1"}],"replies":[{"embeddable":true,"href":"https:\/\/radiorevelacionfm.cl\/index.php?rest_route=%2Fwp%2Fv2%2Fcomments&post=40808"}],"version-history":[{"count":1,"href":"https:\/\/radiorevelacionfm.cl\/index.php?rest_route=\/wp\/v2\/posts\/40808\/revisions"}],"predecessor-version":[{"id":40810,"href":"https:\/\/radiorevelacionfm.cl\/index.php?rest_route=\/wp\/v2\/posts\/40808\/revisions\/40810"}],"wp:featuredmedia":[{"embeddable":true,"href":"https:\/\/radiorevelacionfm.cl\/index.php?rest_route=\/wp\/v2\/media\/40809"}],"wp:attachment":[{"href":"https:\/\/radiorevelacionfm.cl\/index.php?rest_route=%2Fwp%2Fv2%2Fmedia&parent=40808"}],"wp:term":[{"taxonomy":"category","embeddable":true,"href":"https:\/\/radiorevelacionfm.cl\/index.php?rest_route=%2Fwp%2Fv2%2Fcategories&post=40808"},{"taxonomy":"post_tag","embeddable":true,"href":"https:\/\/radiorevelacionfm.cl\/index.php?rest_route=%2Fwp%2Fv2%2Ftags&post=40808"}],"curies":[{"name":"wp","href":"https:\/\/api.w.org\/{rel}","templated":true}]}}