{"id":40805,"date":"2024-03-28T10:22:25","date_gmt":"2024-03-28T13:22:25","guid":{"rendered":"https:\/\/radiorevelacionfm.cl\/?p=40805"},"modified":"2024-03-28T10:26:08","modified_gmt":"2024-03-28T13:26:08","slug":"destacan-avances-en-conectividad-previo-a-votacion-de-proyecto-de-buses-electricos-en-consejo-regional","status":"publish","type":"post","link":"https:\/\/radiorevelacionfm.cl\/?p=40805","title":{"rendered":"Destacan avances en conectividad previo a votaci\u00f3n de proyecto de buses el\u00e9ctricos en Consejo Regional"},"content":{"rendered":"<div class=\"flex_column av_one_full  flex_column_div av-zero-column-padding first  avia-builder-el-0  el_before_av_one_full  avia-builder-el-first  \" style='border-radius:0px; '><div  class='avia-image-container  av-styling-    avia-builder-el-1  avia-builder-el-no-sibling  avia-align-center '  itemprop=\"image\" itemscope=\"itemscope\" itemtype=\"https:\/\/schema.org\/ImageObject\"  ><div class='avia-image-container-inner'><div class='avia-image-overlay-wrap'><img decoding=\"async\" class='wp-image-40806 avia-img-lazy-loading-not-40806 avia_image' src=\"https:\/\/radiorevelacionfm.cl\/wp-content\/uploads\/2024\/03\/WhatsApp-Image-2024-03-27-at-4.23.08-PM-1-1.jpeg\" alt='' title='WhatsApp Image 2024-03-27 at 4.23.08 PM (1) (1)' height=\"600\" width=\"901\"  itemprop=\"thumbnailUrl\" srcset=\"https:\/\/radiorevelacionfm.cl\/wp-content\/uploads\/2024\/03\/WhatsApp-Image-2024-03-27-at-4.23.08-PM-1-1.jpeg 901w, https:\/\/radiorevelacionfm.cl\/wp-content\/uploads\/2024\/03\/WhatsApp-Image-2024-03-27-at-4.23.08-PM-1-1-300x200.jpeg 300w, https:\/\/radiorevelacionfm.cl\/wp-content\/uploads\/2024\/03\/WhatsApp-Image-2024-03-27-at-4.23.08-PM-1-1-768x511.jpeg 768w, https:\/\/radiorevelacionfm.cl\/wp-content\/uploads\/2024\/03\/WhatsApp-Image-2024-03-27-at-4.23.08-PM-1-1-705x469.jpeg 705w, https:\/\/radiorevelacionfm.cl\/wp-content\/uploads\/2024\/03\/WhatsApp-Image-2024-03-27-at-4.23.08-PM-1-1-450x300.jpeg 450w, https:\/\/radiorevelacionfm.cl\/wp-content\/uploads\/2024\/03\/WhatsApp-Image-2024-03-27-at-4.23.08-PM-1-1-600x400.jpeg 600w\" sizes=\"(max-width: 901px) 100vw, 901px\" \/><\/div><\/div><\/div><\/div><div class=\"flex_column av_one_full  flex_column_div av-zero-column-padding first  avia-builder-el-2  el_after_av_one_full  el_before_av_one_full  column-top-margin\" style='border-radius:0px; '><section class=\"av_textblock_section \"  itemscope=\"itemscope\" itemtype=\"https:\/\/schema.org\/BlogPosting\" itemprop=\"blogPost\" ><div class='avia_textblock  '   itemprop=\"text\" ><p style=\"font-weight: 400; text-align: center;\"><span style=\"font-size: 18pt;\"><strong>Destacan avances en conectividad previo <\/strong><strong>a votaci\u00f3n de proyecto de buses el\u00e9ctricos en Consejo Regional<\/strong><\/span><\/p>\n<div id=\"gtx-trans\" style=\"position: absolute; left: -50px; top: 4.31534px;\">\n<div class=\"gtx-trans-icon\"><\/div>\n<\/div>\n<\/div><\/section><\/div><div class=\"flex_column av_one_full  flex_column_div av-zero-column-padding first  avia-builder-el-4  el_after_av_one_full  el_before_av_hr  column-top-margin\" style='border-radius:0px; '><section class=\"av_textblock_section \"  itemscope=\"itemscope\" itemtype=\"https:\/\/schema.org\/BlogPosting\" itemprop=\"blogPost\" ><div class='avia_textblock  '   itemprop=\"text\" ><p style=\"font-weight: 400; text-align: justify;\">El cumplimiento de compromisos relevantes para la conectividad regional destac\u00f3 el seremi de Transportes y Telecomunicaciones, Hans Zimmermann, en el marco de la implementaci\u00f3n del proyecto de transporte p\u00fablico mayor, mediante buses el\u00e9ctricos para Coyhaique.<\/p>\n<p style=\"font-weight: 400; text-align: justify;\">Lo anterior luego de presentar en la Comisi\u00f3n de Transportes e Infraestructura del Consejo Regional (CORE), los avances alcanzados desde enero hasta ahora en materia de conectividad, de forma previa a la votaci\u00f3n que est\u00e1 programada para este jueves en el CORE, sobre modificaci\u00f3n de distribuci\u00f3n presupuestaria del proyecto de buses el\u00e9ctricos.<\/p>\n<p style=\"font-weight: 400; text-align: justify;\">En este contexto, Hans Zimmermann inform\u00f3 que el Ministerio de Transportes y Telecomunicaciones est\u00e1 trabajando en seis compromisos de fortalecimiento de la conectividad regional, adquiridos al alero del proyecto de transporte p\u00fablico mayor, con un avance del 50 por ciento de ellos desde enero hasta ahora y la totalidad de los mismos antes de fin de a\u00f1o.<\/p>\n<p style=\"font-weight: 400; text-align: justify;\">Se trata de un servicio escolar subsidiado para Lago Verde y otro para las localidades de Villa Frei y Valle Simpson, ambos operando desde el inicio de este a\u00f1o escolar; la continuidad del servicio a\u00e9reo Coyhaique-Chile Chico, que se mantendr\u00e1 en forma permanente; e implementaci\u00f3n de servicios a\u00e9reos nuevos en Cochrane y Tortel; y un servicio de transporte terrestre subsidiado Ma\u00f1ihuales-Ays\u00e9n-Coyhaique, en ambos casos, con licitaciones que se realizar\u00e1n el segundo semestre de este a\u00f1o.<\/p>\n<p style=\"font-weight: 400; text-align: justify;\">En cuanto a la incorporaci\u00f3n de una cuarta frecuencia semanal en la ruta Quell\u00f3n-Melinka-Cisnes se realizar\u00e1 una nueva licitaci\u00f3n en abril pr\u00f3ximo, como detall\u00f3 el seremi de Transportes.<\/p>\n<p style=\"font-weight: 400; text-align: justify;\">\u201cEntendiendo que el servicio litoral norte es el principal servicio de conectividad mar\u00edtima y abastecimiento para nuestra regi\u00f3n, como ministerio levantaremos un nuevo proceso de licitaci\u00f3n en el mes de abril, de manera de incorporar estas mejoras y llegar con la segunda vuelta el segundo semestre de este a\u00f1o\u201d, se\u00f1al\u00f3.<\/p>\n<p style=\"font-weight: 400; text-align: justify;\">Cabe recordar que el proyecto de transporte p\u00fablico mayor, mediante buses el\u00e9ctricos para Coyhaique, considera una flota de 37 buses el\u00e9ctricos, 33 en operaci\u00f3n y 4 de seguridad; 19 buses para operaci\u00f3n urbana y 14 para operaci\u00f3n rural; dos servicios troncales en el radio urbano y dos variantes hacia aer\u00f3dromo Teniente Vidal y Villa Frei, los que operar\u00e1n desde las 06:00 hasta las 00:00 horas.<\/p>\n<p style=\"font-weight: 400; text-align: justify;\">Este nuevo servicio de transporte p\u00fablico mayor contempla accesibilidad universal, c\u00e1maras de seguridad y ubicaci\u00f3n GPS y una inversi\u00f3n total de 40.445 millones de pesos, en un proyecto del Gobierno, a trav\u00e9s del Ministerio de Transportes y Telecomunicaciones y Gobierno Regional de Ays\u00e9n.<\/p>\n<\/div><\/section><\/div><div  style='height:50px' class='hr hr-invisible   avia-builder-el-6  el_after_av_one_full  el_before_av_social_share '><span class='hr-inner ' ><span class='hr-inner-style'><\/span><\/span><\/div><\/p>\n<div  class='av-social-sharing-box  avia-builder-el-7  el_after_av_hr  el_before_av_hr  '><div class='av-share-box'><h5 class='av-share-link-description av-no-toc '>Compartir esta noticia<\/h5><ul class='av-share-box-list noLightbox'><li class='av-share-link av-social-link-facebook' ><a target=\"_blank\" aria-label=\"Compartir en Facebook\" href='https:\/\/www.facebook.com\/sharer.php?u=https:\/\/radiorevelacionfm.cl\/?p=40805&#038;t=Destacan%20avances%20en%20conectividad%20previo%20a%20votaci%C3%B3n%20de%20proyecto%20de%20buses%20el%C3%A9ctricos%20en%20Consejo%20Regional' aria-hidden='false' data-av_icon='\ue8f3' data-av_iconfont='entypo-fontello' title='' data-avia-related-tooltip='Compartir en Facebook' rel=\"noopener\"><span class='avia_hidden_link_text'>Compartir en Facebook<\/span><\/a><\/li><li class='av-share-link av-social-link-twitter' ><a target=\"_blank\" aria-label=\"Compartir en Twitter\" href='https:\/\/twitter.com\/share?text=Destacan%20avances%20en%20conectividad%20previo%20a%20votaci%C3%B3n%20de%20proyecto%20de%20buses%20el%C3%A9ctricos%20en%20Consejo%20Regional&#038;url=https:\/\/radiorevelacionfm.cl\/?p=40805' aria-hidden='false' data-av_icon='\ue8f1' data-av_iconfont='entypo-fontello' title='' data-avia-related-tooltip='Compartir en Twitter' rel=\"noopener\"><span class='avia_hidden_link_text'>Compartir en Twitter<\/span><\/a><\/li><li class='av-share-link av-social-link-whatsapp' ><a target=\"_blank\" aria-label=\"Compartir en Whatsapp\" href='https:\/\/api.whatsapp.com\/send?text=https:\/\/radiorevelacionfm.cl\/?p=40805' aria-hidden='false' data-av_icon='\uf232' data-av_iconfont='entypo-fontello' title='' data-avia-related-tooltip='Compartir en Whatsapp' rel=\"noopener\"><span class='avia_hidden_link_text'>Compartir en Whatsapp<\/span><\/a><\/li><li class='av-share-link av-social-link-linkedin' ><a target=\"_blank\" aria-label=\"Compartir en LinkedIn\" href='https:\/\/linkedin.com\/shareArticle?mini=true&#038;title=Destacan%20avances%20en%20conectividad%20previo%20a%20votaci%C3%B3n%20de%20proyecto%20de%20buses%20el%C3%A9ctricos%20en%20Consejo%20Regional&#038;url=https:\/\/radiorevelacionfm.cl\/?p=40805' aria-hidden='false' data-av_icon='\ue8fc' data-av_iconfont='entypo-fontello' title='' data-avia-related-tooltip='Compartir en LinkedIn' rel=\"noopener\"><span class='avia_hidden_link_text'>Compartir en LinkedIn<\/span><\/a><\/li><li class='av-share-link av-social-link-mail' ><a  aria-label=\"Compartir por correo\" href='mailto:?subject=Destacan%20avances%20en%20conectividad%20previo%20a%20votaci%C3%B3n%20de%20proyecto%20de%20buses%20el%C3%A9ctricos%20en%20Consejo%20Regional&#038;body=https:\/\/radiorevelacionfm.cl\/?p=40805' aria-hidden='false' data-av_icon='\ue805' data-av_iconfont='entypo-fontello' title='' data-avia-related-tooltip='Compartir por correo'><span class='avia_hidden_link_text'>Compartir por correo<\/span><\/a><\/li><\/ul><\/div><\/div>\n<div  style='height:50px' class='hr hr-invisible   avia-builder-el-8  el_after_av_social_share  el_before_av_comments_list '><span class='hr-inner ' ><span class='hr-inner-style'><\/span><\/span><\/div>\n<div  class='av-buildercomment  av-blog-meta-html-info-disabled av-blog-meta-tag-disabled  '><\/div>\n","protected":false},"excerpt":{"rendered":"","protected":false},"author":1,"featured_media":40806,"comment_status":"open","ping_status":"open","sticky":false,"template":"","format":"standard","meta":{"footnotes":""},"categories":[59],"tags":[],"class_list":["post-40805","post","type-post","status-publish","format-standard","has-post-thumbnail","hentry","category-transporte"],"jetpack_featured_media_url":"https:\/\/radiorevelacionfm.cl\/wp-content\/uploads\/2024\/03\/WhatsApp-Image-2024-03-27-at-4.23.08-PM-1-1.jpeg","_links":{"self":[{"href":"https:\/\/radiorevelacionfm.cl\/index.php?rest_route=\/wp\/v2\/posts\/40805","targetHints":{"allow":["GET"]}}],"collection":[{"href":"https:\/\/radiorevelacionfm.cl\/index.php?rest_route=\/wp\/v2\/posts"}],"about":[{"href":"https:\/\/radiorevelacionfm.cl\/index.php?rest_route=\/wp\/v2\/types\/post"}],"author":[{"embeddable":true,"href":"https:\/\/radiorevelacionfm.cl\/index.php?rest_route=\/wp\/v2\/users\/1"}],"replies":[{"embeddable":true,"href":"https:\/\/radiorevelacionfm.cl\/index.php?rest_route=%2Fwp%2Fv2%2Fcomments&post=40805"}],"version-history":[{"count":1,"href":"https:\/\/radiorevelacionfm.cl\/index.php?rest_route=\/wp\/v2\/posts\/40805\/revisions"}],"predecessor-version":[{"id":40807,"href":"https:\/\/radiorevelacionfm.cl\/index.php?rest_route=\/wp\/v2\/posts\/40805\/revisions\/40807"}],"wp:featuredmedia":[{"embeddable":true,"href":"https:\/\/radiorevelacionfm.cl\/index.php?rest_route=\/wp\/v2\/media\/40806"}],"wp:attachment":[{"href":"https:\/\/radiorevelacionfm.cl\/index.php?rest_route=%2Fwp%2Fv2%2Fmedia&parent=40805"}],"wp:term":[{"taxonomy":"category","embeddable":true,"href":"https:\/\/radiorevelacionfm.cl\/index.php?rest_route=%2Fwp%2Fv2%2Fcategories&post=40805"},{"taxonomy":"post_tag","embeddable":true,"href":"https:\/\/radiorevelacionfm.cl\/index.php?rest_route=%2Fwp%2Fv2%2Ftags&post=40805"}],"curies":[{"name":"wp","href":"https:\/\/api.w.org\/{rel}","templated":true}]}}