{"id":40802,"date":"2024-03-27T20:04:20","date_gmt":"2024-03-27T23:04:20","guid":{"rendered":"https:\/\/radiorevelacionfm.cl\/?p=40802"},"modified":"2024-03-27T20:04:20","modified_gmt":"2024-03-27T23:04:20","slug":"intensa-agenda-de-actividades-en-la-region-de-aysen-cumplio-el-director-general-de-obras-publicas-boris-olguin","status":"publish","type":"post","link":"https:\/\/radiorevelacionfm.cl\/?p=40802","title":{"rendered":"Intensa agenda de actividades en la regi\u00f3n de Ays\u00e9n cumpli\u00f3 el Director General de Obras P\u00fablicas, Boris Olgu\u00edn"},"content":{"rendered":"<div class=\"flex_column av_one_full  flex_column_div av-zero-column-padding first  avia-builder-el-0  el_before_av_one_full  avia-builder-el-first  \" style='border-radius:0px; '><div  class='avia-image-container  av-styling-    avia-builder-el-1  avia-builder-el-no-sibling  avia-align-center '  itemprop=\"image\" itemscope=\"itemscope\" itemtype=\"https:\/\/schema.org\/ImageObject\"  ><div class='avia-image-container-inner'><div class='avia-image-overlay-wrap'><img decoding=\"async\" class='wp-image-40803 avia-img-lazy-loading-not-40803 avia_image' src=\"https:\/\/radiorevelacionfm.cl\/wp-content\/uploads\/2024\/03\/boris-olguin-1-1_optimized-1.jpg\" alt='' title='boris-olguin-1-(1)_optimized (1)' height=\"600\" width=\"1197\"  itemprop=\"thumbnailUrl\" srcset=\"https:\/\/radiorevelacionfm.cl\/wp-content\/uploads\/2024\/03\/boris-olguin-1-1_optimized-1.jpg 1197w, https:\/\/radiorevelacionfm.cl\/wp-content\/uploads\/2024\/03\/boris-olguin-1-1_optimized-1-300x150.jpg 300w, https:\/\/radiorevelacionfm.cl\/wp-content\/uploads\/2024\/03\/boris-olguin-1-1_optimized-1-1030x516.jpg 1030w, https:\/\/radiorevelacionfm.cl\/wp-content\/uploads\/2024\/03\/boris-olguin-1-1_optimized-1-768x385.jpg 768w, https:\/\/radiorevelacionfm.cl\/wp-content\/uploads\/2024\/03\/boris-olguin-1-1_optimized-1-705x353.jpg 705w, https:\/\/radiorevelacionfm.cl\/wp-content\/uploads\/2024\/03\/boris-olguin-1-1_optimized-1-450x226.jpg 450w, https:\/\/radiorevelacionfm.cl\/wp-content\/uploads\/2024\/03\/boris-olguin-1-1_optimized-1-600x301.jpg 600w\" sizes=\"(max-width: 1197px) 100vw, 1197px\" \/><\/div><\/div><\/div><\/div><div class=\"flex_column av_one_full  flex_column_div av-zero-column-padding first  avia-builder-el-2  el_after_av_one_full  el_before_av_one_full  column-top-margin\" style='border-radius:0px; '><section class=\"av_textblock_section \"  itemscope=\"itemscope\" itemtype=\"https:\/\/schema.org\/BlogPosting\" itemprop=\"blogPost\" ><div class='avia_textblock  '   itemprop=\"text\" ><p style=\"text-align: center;\"><strong><span style=\"font-size: 18pt;\">Intensa agenda de actividades en la regi\u00f3n de Ays\u00e9n cumpli\u00f3 el Director General de Obras P\u00fablicas, Boris Olgu\u00edn<\/span><\/strong><\/p>\n<div id=\"gtx-trans\" style=\"position: absolute; left: -50px; top: 4.31534px;\">\n<div class=\"gtx-trans-icon\"><\/div>\n<\/div>\n<\/div><\/section><\/div><div class=\"flex_column av_one_full  flex_column_div av-zero-column-padding first  avia-builder-el-4  el_after_av_one_full  el_before_av_hr  column-top-margin\" style='border-radius:0px; '><section class=\"av_textblock_section \"  itemscope=\"itemscope\" itemtype=\"https:\/\/schema.org\/BlogPosting\" itemprop=\"blogPost\" ><div class='avia_textblock  '   itemprop=\"text\" ><p style=\"text-align: justify;\">Una serie de actividades en terreno realiz\u00f3 los d\u00edas 26, 27 y 28 de marzo el Director General de Obras P\u00fablicas (DGOP) Boris Olgu\u00edn Morales para atender necesidades de la comunidad en la regi\u00f3n de Ays\u00e9n.<\/p>\n<p style=\"text-align: justify;\">La autoridad nacional de Obras P\u00fablicas visit\u00f3 los sectores de Valle Lagunas, R\u00edo Blanco-Lago Portales, R\u00edo Negro- Los Torreones, Ma\u00f1ihuales y \u00d1irehuao en donde sostendr\u00e1 reuniones y di\u00e1logos con las comunidades para escuchar sus intereses en el marco de un trabajo en terreno junto a la ciudadan\u00eda, como lo ha pedido el presidente Gabriel Boric Font para avanzar en equidad y disminuir brechas en el sector rural.<\/p>\n<p style=\"text-align: justify;\">\u201cEs muy grato para nosotros poder recibir en la regi\u00f3n al Director General de Obras P\u00fablicas quien es mandatado por nuestra ministra para que podamos trabajar conjuntamente con la comunidad, autoridades regionales, municipales y parlamentarios, con todos y todas porque en nuestro gobierno todos suman y no sobra nadie, as\u00ed que contamos con toda la voluntad y disposici\u00f3n de nuestro DGOP para abordar los temas que son claves para mejorar la calidad de vida de las personas y potenciar a nuestros campesinos y el sector rural\u201d, expres\u00f3 el SEREMI del MOP.<\/p>\n<p style=\"text-align: justify;\">La Direcci\u00f3n General de Obras P\u00fablicas, DGOP dirige, coordina y fiscaliza la gesti\u00f3n de los Servicios Ejecutores dependientes del Ministerio de Obras P\u00fablicas como son las Direcciones de Vialidad, Obras Hidr\u00e1ulicas, Obras Portuarias, Aeropuertos, entre otros disponiendo para las personas y el territorio obras de infraestructura p\u00fablica, mejorando la calidad de vida e igualdad de oportunidades e impulsando el desarrollo y la disminuci\u00f3n de brechas de desigualdad, as\u00ed como tambi\u00e9n propiciando la participaci\u00f3n de la ciudadan\u00eda, y la regulaci\u00f3n del sistema de contrataci\u00f3n de obras y consultor\u00eda, asegurando de esta forma, la competencia, transparencia y eficiencia en el cumplimiento de las pol\u00edticas medioambientales, de prevenci\u00f3n de riesgos y los objetivos del Ministerio de Obras P\u00fablicas.<\/p>\n<\/div><\/section><\/div><div  style='height:50px' class='hr hr-invisible   avia-builder-el-6  el_after_av_one_full  el_before_av_social_share '><span class='hr-inner ' ><span class='hr-inner-style'><\/span><\/span><\/div><\/p>\n<div  class='av-social-sharing-box  avia-builder-el-7  el_after_av_hr  el_before_av_hr  '><div class='av-share-box'><h5 class='av-share-link-description av-no-toc '>Compartir esta noticia<\/h5><ul class='av-share-box-list noLightbox'><li class='av-share-link av-social-link-facebook' ><a target=\"_blank\" aria-label=\"Compartir en Facebook\" href='https:\/\/www.facebook.com\/sharer.php?u=https:\/\/radiorevelacionfm.cl\/?p=40802&#038;t=Intensa%20agenda%20de%20actividades%20en%20la%20regi%C3%B3n%20de%20Ays%C3%A9n%20cumpli%C3%B3%20el%20Director%20General%20de%20Obras%20P%C3%BAblicas%2C%20Boris%20Olgu%C3%ADn' aria-hidden='false' data-av_icon='\ue8f3' data-av_iconfont='entypo-fontello' title='' data-avia-related-tooltip='Compartir en Facebook' rel=\"noopener\"><span class='avia_hidden_link_text'>Compartir en Facebook<\/span><\/a><\/li><li class='av-share-link av-social-link-twitter' ><a target=\"_blank\" aria-label=\"Compartir en Twitter\" href='https:\/\/twitter.com\/share?text=Intensa%20agenda%20de%20actividades%20en%20la%20regi%C3%B3n%20de%20Ays%C3%A9n%20cumpli%C3%B3%20el%20Director%20General%20de%20Obras%20P%C3%BAblicas%2C%20Boris%20Olgu%C3%ADn&#038;url=https:\/\/radiorevelacionfm.cl\/?p=40802' aria-hidden='false' data-av_icon='\ue8f1' data-av_iconfont='entypo-fontello' title='' data-avia-related-tooltip='Compartir en Twitter' rel=\"noopener\"><span class='avia_hidden_link_text'>Compartir en Twitter<\/span><\/a><\/li><li class='av-share-link av-social-link-whatsapp' ><a target=\"_blank\" aria-label=\"Compartir en Whatsapp\" href='https:\/\/api.whatsapp.com\/send?text=https:\/\/radiorevelacionfm.cl\/?p=40802' aria-hidden='false' data-av_icon='\uf232' data-av_iconfont='entypo-fontello' title='' data-avia-related-tooltip='Compartir en Whatsapp' rel=\"noopener\"><span class='avia_hidden_link_text'>Compartir en Whatsapp<\/span><\/a><\/li><li class='av-share-link av-social-link-linkedin' ><a target=\"_blank\" aria-label=\"Compartir en LinkedIn\" href='https:\/\/linkedin.com\/shareArticle?mini=true&#038;title=Intensa%20agenda%20de%20actividades%20en%20la%20regi%C3%B3n%20de%20Ays%C3%A9n%20cumpli%C3%B3%20el%20Director%20General%20de%20Obras%20P%C3%BAblicas%2C%20Boris%20Olgu%C3%ADn&#038;url=https:\/\/radiorevelacionfm.cl\/?p=40802' aria-hidden='false' data-av_icon='\ue8fc' data-av_iconfont='entypo-fontello' title='' data-avia-related-tooltip='Compartir en LinkedIn' rel=\"noopener\"><span class='avia_hidden_link_text'>Compartir en LinkedIn<\/span><\/a><\/li><li class='av-share-link av-social-link-mail' ><a  aria-label=\"Compartir por correo\" href='mailto:?subject=Intensa%20agenda%20de%20actividades%20en%20la%20regi%C3%B3n%20de%20Ays%C3%A9n%20cumpli%C3%B3%20el%20Director%20General%20de%20Obras%20P%C3%BAblicas%2C%20Boris%20Olgu%C3%ADn&#038;body=https:\/\/radiorevelacionfm.cl\/?p=40802' aria-hidden='false' data-av_icon='\ue805' data-av_iconfont='entypo-fontello' title='' data-avia-related-tooltip='Compartir por correo'><span class='avia_hidden_link_text'>Compartir por correo<\/span><\/a><\/li><\/ul><\/div><\/div>\n<div  style='height:50px' class='hr hr-invisible   avia-builder-el-8  el_after_av_social_share  el_before_av_comments_list '><span class='hr-inner ' ><span class='hr-inner-style'><\/span><\/span><\/div>\n<div  class='av-buildercomment  av-blog-meta-html-info-disabled av-blog-meta-tag-disabled  '><\/div>\n","protected":false},"excerpt":{"rendered":"","protected":false},"author":1,"featured_media":40803,"comment_status":"open","ping_status":"open","sticky":false,"template":"","format":"standard","meta":{"footnotes":""},"categories":[38],"tags":[],"class_list":["post-40802","post","type-post","status-publish","format-standard","has-post-thumbnail","hentry","category-regional"],"jetpack_featured_media_url":"https:\/\/radiorevelacionfm.cl\/wp-content\/uploads\/2024\/03\/boris-olguin-1-1_optimized-1.jpg","_links":{"self":[{"href":"https:\/\/radiorevelacionfm.cl\/index.php?rest_route=\/wp\/v2\/posts\/40802","targetHints":{"allow":["GET"]}}],"collection":[{"href":"https:\/\/radiorevelacionfm.cl\/index.php?rest_route=\/wp\/v2\/posts"}],"about":[{"href":"https:\/\/radiorevelacionfm.cl\/index.php?rest_route=\/wp\/v2\/types\/post"}],"author":[{"embeddable":true,"href":"https:\/\/radiorevelacionfm.cl\/index.php?rest_route=\/wp\/v2\/users\/1"}],"replies":[{"embeddable":true,"href":"https:\/\/radiorevelacionfm.cl\/index.php?rest_route=%2Fwp%2Fv2%2Fcomments&post=40802"}],"version-history":[{"count":1,"href":"https:\/\/radiorevelacionfm.cl\/index.php?rest_route=\/wp\/v2\/posts\/40802\/revisions"}],"predecessor-version":[{"id":40804,"href":"https:\/\/radiorevelacionfm.cl\/index.php?rest_route=\/wp\/v2\/posts\/40802\/revisions\/40804"}],"wp:featuredmedia":[{"embeddable":true,"href":"https:\/\/radiorevelacionfm.cl\/index.php?rest_route=\/wp\/v2\/media\/40803"}],"wp:attachment":[{"href":"https:\/\/radiorevelacionfm.cl\/index.php?rest_route=%2Fwp%2Fv2%2Fmedia&parent=40802"}],"wp:term":[{"taxonomy":"category","embeddable":true,"href":"https:\/\/radiorevelacionfm.cl\/index.php?rest_route=%2Fwp%2Fv2%2Fcategories&post=40802"},{"taxonomy":"post_tag","embeddable":true,"href":"https:\/\/radiorevelacionfm.cl\/index.php?rest_route=%2Fwp%2Fv2%2Ftags&post=40802"}],"curies":[{"name":"wp","href":"https:\/\/api.w.org\/{rel}","templated":true}]}}