{"id":40796,"date":"2024-03-28T10:07:27","date_gmt":"2024-03-28T13:07:27","guid":{"rendered":"https:\/\/radiorevelacionfm.cl\/?p=40796"},"modified":"2024-03-28T10:07:27","modified_gmt":"2024-03-28T13:07:27","slug":"19-establecimientos-educacionales-de-la-region-de-aysen-recibieron-certificacion-medioambiental","status":"publish","type":"post","link":"https:\/\/radiorevelacionfm.cl\/?p=40796","title":{"rendered":"19 establecimientos educacionales de la regi\u00f3n de Ays\u00e9n recibieron certificaci\u00f3n medioambiental"},"content":{"rendered":"<div class=\"flex_column av_one_full  flex_column_div av-zero-column-padding first  avia-builder-el-0  el_before_av_one_full  avia-builder-el-first  \" style='border-radius:0px; '><div  class='avia-image-container  av-styling-    avia-builder-el-1  avia-builder-el-no-sibling  avia-align-center '  itemprop=\"image\" itemscope=\"itemscope\" itemtype=\"https:\/\/schema.org\/ImageObject\"  ><div class='avia-image-container-inner'><div class='avia-image-overlay-wrap'><img decoding=\"async\" class='wp-image-40797 avia-img-lazy-loading-not-40797 avia_image' src=\"https:\/\/radiorevelacionfm.cl\/wp-content\/uploads\/2024\/03\/6-44-1-1.jpg\" alt='' title='6 (44) (1) (1)' height=\"600\" width=\"900\"  itemprop=\"thumbnailUrl\" srcset=\"https:\/\/radiorevelacionfm.cl\/wp-content\/uploads\/2024\/03\/6-44-1-1.jpg 900w, https:\/\/radiorevelacionfm.cl\/wp-content\/uploads\/2024\/03\/6-44-1-1-300x200.jpg 300w, https:\/\/radiorevelacionfm.cl\/wp-content\/uploads\/2024\/03\/6-44-1-1-768x512.jpg 768w, https:\/\/radiorevelacionfm.cl\/wp-content\/uploads\/2024\/03\/6-44-1-1-705x470.jpg 705w, https:\/\/radiorevelacionfm.cl\/wp-content\/uploads\/2024\/03\/6-44-1-1-450x300.jpg 450w, https:\/\/radiorevelacionfm.cl\/wp-content\/uploads\/2024\/03\/6-44-1-1-600x400.jpg 600w\" sizes=\"(max-width: 900px) 100vw, 900px\" \/><\/div><\/div><\/div><\/div><div class=\"flex_column av_one_full  flex_column_div av-zero-column-padding first  avia-builder-el-2  el_after_av_one_full  el_before_av_one_full  column-top-margin\" style='border-radius:0px; '><section class=\"av_textblock_section \"  itemscope=\"itemscope\" itemtype=\"https:\/\/schema.org\/BlogPosting\" itemprop=\"blogPost\" ><div class='avia_textblock  '   itemprop=\"text\" ><p style=\"text-align: center;\"><strong><span style=\"font-size: 18pt;\">19 establecimientos educacionales de la regi\u00f3n de Ays\u00e9n recibieron certificaci\u00f3n medioambiental <\/span><\/strong><\/p>\n<div id=\"gtx-trans\" style=\"position: absolute; left: -50px; top: 4.31534px;\">\n<div class=\"gtx-trans-icon\"><\/div>\n<\/div>\n<\/div><\/section><\/div><div class=\"flex_column av_one_full  flex_column_div av-zero-column-padding first  avia-builder-el-4  el_after_av_one_full  el_before_av_hr  column-top-margin\" style='border-radius:0px; '><section class=\"av_textblock_section \"  itemscope=\"itemscope\" itemtype=\"https:\/\/schema.org\/BlogPosting\" itemprop=\"blogPost\" ><div class='avia_textblock  '   itemprop=\"text\" ><p style=\"text-align: justify;\">En una ceremonia realizada en el hall del Gobierno Regional de Ays\u00e9n, 19 establecimientos educacionales de la regi\u00f3n de Ays\u00e9n recibieron esta semana la certificaci\u00f3n ambiental de manos de la Secretar\u00eda Regional Ministerial de Medio Ambiente de la regi\u00f3n de Ays\u00e9n. En la actividad se entreg\u00f3 a las delegaciones participantes la tradicional bandera que simboliza el nivel alcanzado por cada establecimiento, delegado en los colores azul (nivel b\u00e1sico), naranjo (nivel medio) y verde (nivel de excelencia).<\/p>\n<p style=\"text-align: justify;\">Esta certificaci\u00f3n se realiza cada a\u00f1o a trav\u00e9s del Sistema Nacional de Certificaci\u00f3n Ambiental de Establecimientos Educacionales (SNCAE). A trav\u00e9s de este programa integral de educaci\u00f3n ambiental se busca llevar la realidad al curr\u00edculum y el curr\u00edculum a la realidad, desarrollando l\u00edneas de acci\u00f3n complementarias para fortalecer la responsabilidad ambiental, el cuidado y protecci\u00f3n del medio ambiente y la generaci\u00f3n de redes asociativas para la gesti\u00f3n ambiental local.<\/p>\n<p style=\"text-align: justify;\">En esta l\u00ednea, la Gobernadora de Ays\u00e9n, Andrea Mac\u00edas destac\u00f3 el trabajo que viene realizado en SNCAE en estos \u00faltimos 20 a\u00f1os, fortaleciendo la educaci\u00f3n ambiental en la regi\u00f3n, agregando \u201ccada aporte que ustedes puedan hacer en materia de sustentabilidad ambiental, va a ser un aporte para este hermoso espacio donde vivimos. Felicitamos a todo el equipo de la Seremi de medio Ambiente, a nuestro director del SLEP en este nuevo desaf\u00edo. Esta certificaci\u00f3n hoy nos demuestra que en la regi\u00f3n existe un sello con respecto a la educaci\u00f3n ambiental. Hay que seguir trabajando y fortaleci\u00e9ndonos\u201d.<\/p>\n<p style=\"text-align: justify;\">Dentro de los objetivos del trabajo con los establecimientos educacionales se busca contribuir a una educaci\u00f3n para la transformaci\u00f3n y desarrollo de una ciudadan\u00eda ambiental global, impulsando la educaci\u00f3n ambiental para la sustentabilidad en todo el quehacer educativo, creando una cultura ambiental escolar y as\u00ed avanzar hacia la transformaci\u00f3n de la comunidad educativa y de sus instalaciones como referentes ambientales para el fortalecimiento de la gesti\u00f3n local en la materia.<\/p>\n<p style=\"text-align: justify;\">Al respecto, el SEREMI de Medio Ambiente de Ays\u00e9n, Yoal D\u00edaz, agradeci\u00f3 la buena disposici\u00f3n de las comunidades educativas para participar del trabajo previo a la certificaci\u00f3n, se\u00f1alando \u201clos estudiantes siempre est\u00e1n mostrando disposici\u00f3n al trabajo en la naturaleza y al aire libre, y eso es lo que busca la educaci\u00f3n ambiental: sensibilizar a trav\u00e9s de experiencias, pero adem\u00e1s de eso entendiendo el concepto de la sustentabilidad como eje de trabajo. Este a\u00f1o contamos adem\u00e1s con la entrada en vigencia del SLEP, que tiene una disposici\u00f3n muy positiva al trabajo de fortalecer la educaci\u00f3n rural, el aprendizaje al aire libre y los sellos ambientales. Se nos viene un desaf\u00edo muy lindo como regi\u00f3n, pero tener un servicio local que est\u00e1 comprometido con aquello nos facilita el trabajo y vemos con mucha esperanza lo que pueda pasar para transformar la educaci\u00f3n p\u00fablica de la regi\u00f3n de Ays\u00e9n\u201d.<\/p>\n<p style=\"text-align: justify;\">Sebasti\u00e1n Gonz\u00e1lez, director ejecutivo del Servicio Local de Educaci\u00f3n P\u00fablica de Ays\u00e9n indic\u00f3 \u201ccomo Servicio Local de Educaci\u00f3n P\u00fablica, queremos impulsar una educaci\u00f3n donde los espacios de aprendizaje no solo sean las salas de clases, si no que se proyecten al entorno natural que los rodea, considerando adem\u00e1s el componente social y cultural de cada comunidad educativa. En esta l\u00ednea, valoramos el trabajo que est\u00e1 realizando el Ministerio de Medio Ambiente en la regi\u00f3n y en los establecimientos dependientes de nuestro servicio ya que va en sinton\u00eda con lo que la educaci\u00f3n p\u00fablica de Ays\u00e9n aspira alcanzar. Tambi\u00e9n felicitamos a quienes recibieron su certificaci\u00f3n ambiental y los instamos a seguir avanzando en este importante sello que caracteriza a nuestra regi\u00f3n\u201d.<\/p>\n<p style=\"text-align: justify;\">La certificaci\u00f3n ambiental en establecimientos educacionales ayuda, adem\u00e1s, a preparar a las futuras generaciones para enfrentar los desaf\u00edos medioambientales, entregando conocimiento y habilidades para transformarse en ciudadanos responsables y agentes del cambio ambiental. Alex Igor, estudiante de la Escuela Ribera Sur de Puerto Ays\u00e9n se\u00f1ala \u201cnosotros debemos cuidar el medioambiente no tirando basura a la naturaleza, reciclando, no cortando los \u00e1rboles ni quem\u00e1ndolos porque ellos nos dan ox\u00edgeno. En mi escuela nos preocupamos del medio ambiente y tenemos un huerto que est\u00e1 bien bonito. Cosechamos e hicimos una comida saludable con lechugas y tomates\u201d.<\/p>\n<p style=\"text-align: justify;\">Este a\u00f1o, 40 son en total los establecimientos educacionales pertenecientes a Junji, Integra, educaci\u00f3n p\u00fablica y particular subvencionado que se certificaron medioambientalmente en alguno de los 3 niveles existentes, contribuyendo de esta forma a mejorar la calidad del entorno escolar, promoviendo el uso eficiente de recursos y creando espacios m\u00e1s saludables y seguros para las comunidades educativas.<\/p>\n<\/div><\/section><\/div><div  style='height:50px' class='hr hr-invisible   avia-builder-el-6  el_after_av_one_full  el_before_av_social_share '><span class='hr-inner ' ><span class='hr-inner-style'><\/span><\/span><\/div><\/p>\n<div  class='av-social-sharing-box  avia-builder-el-7  el_after_av_hr  el_before_av_hr  '><div class='av-share-box'><h5 class='av-share-link-description av-no-toc '>Compartir esta noticia<\/h5><ul class='av-share-box-list noLightbox'><li class='av-share-link av-social-link-facebook' ><a target=\"_blank\" aria-label=\"Compartir en Facebook\" href='https:\/\/www.facebook.com\/sharer.php?u=https:\/\/radiorevelacionfm.cl\/?p=40796&#038;t=19%20establecimientos%20educacionales%20de%20la%20regi%C3%B3n%20de%20Ays%C3%A9n%20recibieron%20certificaci%C3%B3n%20medioambiental' aria-hidden='false' data-av_icon='\ue8f3' data-av_iconfont='entypo-fontello' title='' data-avia-related-tooltip='Compartir en Facebook' rel=\"noopener\"><span class='avia_hidden_link_text'>Compartir en Facebook<\/span><\/a><\/li><li class='av-share-link av-social-link-twitter' ><a target=\"_blank\" aria-label=\"Compartir en Twitter\" href='https:\/\/twitter.com\/share?text=19%20establecimientos%20educacionales%20de%20la%20regi%C3%B3n%20de%20Ays%C3%A9n%20recibieron%20certificaci%C3%B3n%20medioambiental&#038;url=https:\/\/radiorevelacionfm.cl\/?p=40796' aria-hidden='false' data-av_icon='\ue8f1' data-av_iconfont='entypo-fontello' title='' data-avia-related-tooltip='Compartir en Twitter' rel=\"noopener\"><span class='avia_hidden_link_text'>Compartir en Twitter<\/span><\/a><\/li><li class='av-share-link av-social-link-whatsapp' ><a target=\"_blank\" aria-label=\"Compartir en Whatsapp\" href='https:\/\/api.whatsapp.com\/send?text=https:\/\/radiorevelacionfm.cl\/?p=40796' aria-hidden='false' data-av_icon='\uf232' data-av_iconfont='entypo-fontello' title='' data-avia-related-tooltip='Compartir en Whatsapp' rel=\"noopener\"><span class='avia_hidden_link_text'>Compartir en Whatsapp<\/span><\/a><\/li><li class='av-share-link av-social-link-linkedin' ><a target=\"_blank\" aria-label=\"Compartir en LinkedIn\" href='https:\/\/linkedin.com\/shareArticle?mini=true&#038;title=19%20establecimientos%20educacionales%20de%20la%20regi%C3%B3n%20de%20Ays%C3%A9n%20recibieron%20certificaci%C3%B3n%20medioambiental&#038;url=https:\/\/radiorevelacionfm.cl\/?p=40796' aria-hidden='false' data-av_icon='\ue8fc' data-av_iconfont='entypo-fontello' title='' data-avia-related-tooltip='Compartir en LinkedIn' rel=\"noopener\"><span class='avia_hidden_link_text'>Compartir en LinkedIn<\/span><\/a><\/li><li class='av-share-link av-social-link-mail' ><a  aria-label=\"Compartir por correo\" href='mailto:?subject=19%20establecimientos%20educacionales%20de%20la%20regi%C3%B3n%20de%20Ays%C3%A9n%20recibieron%20certificaci%C3%B3n%20medioambiental&#038;body=https:\/\/radiorevelacionfm.cl\/?p=40796' aria-hidden='false' data-av_icon='\ue805' data-av_iconfont='entypo-fontello' title='' data-avia-related-tooltip='Compartir por correo'><span class='avia_hidden_link_text'>Compartir por correo<\/span><\/a><\/li><\/ul><\/div><\/div>\n<div  style='height:50px' class='hr hr-invisible   avia-builder-el-8  el_after_av_social_share  el_before_av_comments_list '><span class='hr-inner ' ><span class='hr-inner-style'><\/span><\/span><\/div>\n<div  class='av-buildercomment  av-blog-meta-html-info-disabled av-blog-meta-tag-disabled  '><\/div>\n","protected":false},"excerpt":{"rendered":"","protected":false},"author":1,"featured_media":40797,"comment_status":"open","ping_status":"open","sticky":false,"template":"","format":"standard","meta":{"footnotes":""},"categories":[49,39],"tags":[],"class_list":["post-40796","post","type-post","status-publish","format-standard","has-post-thumbnail","hentry","category-educacion","category-medio-ambiente"],"jetpack_featured_media_url":"https:\/\/radiorevelacionfm.cl\/wp-content\/uploads\/2024\/03\/6-44-1-1.jpg","_links":{"self":[{"href":"https:\/\/radiorevelacionfm.cl\/index.php?rest_route=\/wp\/v2\/posts\/40796","targetHints":{"allow":["GET"]}}],"collection":[{"href":"https:\/\/radiorevelacionfm.cl\/index.php?rest_route=\/wp\/v2\/posts"}],"about":[{"href":"https:\/\/radiorevelacionfm.cl\/index.php?rest_route=\/wp\/v2\/types\/post"}],"author":[{"embeddable":true,"href":"https:\/\/radiorevelacionfm.cl\/index.php?rest_route=\/wp\/v2\/users\/1"}],"replies":[{"embeddable":true,"href":"https:\/\/radiorevelacionfm.cl\/index.php?rest_route=%2Fwp%2Fv2%2Fcomments&post=40796"}],"version-history":[{"count":1,"href":"https:\/\/radiorevelacionfm.cl\/index.php?rest_route=\/wp\/v2\/posts\/40796\/revisions"}],"predecessor-version":[{"id":40798,"href":"https:\/\/radiorevelacionfm.cl\/index.php?rest_route=\/wp\/v2\/posts\/40796\/revisions\/40798"}],"wp:featuredmedia":[{"embeddable":true,"href":"https:\/\/radiorevelacionfm.cl\/index.php?rest_route=\/wp\/v2\/media\/40797"}],"wp:attachment":[{"href":"https:\/\/radiorevelacionfm.cl\/index.php?rest_route=%2Fwp%2Fv2%2Fmedia&parent=40796"}],"wp:term":[{"taxonomy":"category","embeddable":true,"href":"https:\/\/radiorevelacionfm.cl\/index.php?rest_route=%2Fwp%2Fv2%2Fcategories&post=40796"},{"taxonomy":"post_tag","embeddable":true,"href":"https:\/\/radiorevelacionfm.cl\/index.php?rest_route=%2Fwp%2Fv2%2Ftags&post=40796"}],"curies":[{"name":"wp","href":"https:\/\/api.w.org\/{rel}","templated":true}]}}