{"id":40793,"date":"2024-03-27T19:46:16","date_gmt":"2024-03-27T22:46:16","guid":{"rendered":"https:\/\/radiorevelacionfm.cl\/?p=40793"},"modified":"2024-03-27T19:46:16","modified_gmt":"2024-03-27T22:46:16","slug":"impulsan-modificaciones-a-ley-de-sistemas-medianos-para-disminuir-tarifas-electricas-en-la-region","status":"publish","type":"post","link":"https:\/\/radiorevelacionfm.cl\/?p=40793","title":{"rendered":"Impulsan modificaciones a Ley de Sistemas Medianos para disminuir tarifas el\u00e9ctricas en la regi\u00f3n"},"content":{"rendered":"<div class=\"flex_column av_one_full  flex_column_div av-zero-column-padding first  avia-builder-el-0  el_before_av_one_full  avia-builder-el-first  \" style='border-radius:0px; '><div  class='avia-image-container  av-styling-    avia-builder-el-1  avia-builder-el-no-sibling  avia-align-center '  itemprop=\"image\" itemscope=\"itemscope\" itemtype=\"https:\/\/schema.org\/ImageObject\"  ><div class='avia-image-container-inner'><div class='avia-image-overlay-wrap'><img decoding=\"async\" class='wp-image-40794 avia-img-lazy-loading-not-40794 avia_image' src=\"https:\/\/radiorevelacionfm.cl\/wp-content\/uploads\/2024\/03\/WhatsApp-Image-2024-03-26-at-5.58.04-PM-1-1.jpeg\" alt='' title='WhatsApp Image 2024-03-26 at 5.58.04 PM (1) (1)' height=\"600\" width=\"1067\"  itemprop=\"thumbnailUrl\" srcset=\"https:\/\/radiorevelacionfm.cl\/wp-content\/uploads\/2024\/03\/WhatsApp-Image-2024-03-26-at-5.58.04-PM-1-1.jpeg 1067w, https:\/\/radiorevelacionfm.cl\/wp-content\/uploads\/2024\/03\/WhatsApp-Image-2024-03-26-at-5.58.04-PM-1-1-300x169.jpeg 300w, https:\/\/radiorevelacionfm.cl\/wp-content\/uploads\/2024\/03\/WhatsApp-Image-2024-03-26-at-5.58.04-PM-1-1-1030x579.jpeg 1030w, https:\/\/radiorevelacionfm.cl\/wp-content\/uploads\/2024\/03\/WhatsApp-Image-2024-03-26-at-5.58.04-PM-1-1-768x432.jpeg 768w, https:\/\/radiorevelacionfm.cl\/wp-content\/uploads\/2024\/03\/WhatsApp-Image-2024-03-26-at-5.58.04-PM-1-1-705x396.jpeg 705w, https:\/\/radiorevelacionfm.cl\/wp-content\/uploads\/2024\/03\/WhatsApp-Image-2024-03-26-at-5.58.04-PM-1-1-450x253.jpeg 450w, https:\/\/radiorevelacionfm.cl\/wp-content\/uploads\/2024\/03\/WhatsApp-Image-2024-03-26-at-5.58.04-PM-1-1-600x337.jpeg 600w\" sizes=\"(max-width: 1067px) 100vw, 1067px\" \/><\/div><\/div><\/div><\/div><div class=\"flex_column av_one_full  flex_column_div av-zero-column-padding first  avia-builder-el-2  el_after_av_one_full  el_before_av_one_full  column-top-margin\" style='border-radius:0px; '><section class=\"av_textblock_section \"  itemscope=\"itemscope\" itemtype=\"https:\/\/schema.org\/BlogPosting\" itemprop=\"blogPost\" ><div class='avia_textblock  '   itemprop=\"text\" ><p style=\"text-align: center;\"><strong><span style=\"font-size: 18pt;\">Impulsan modificaciones a Ley de Sistemas Medianos para disminuir tarifas el\u00e9ctricas en la regi\u00f3n<\/span><\/strong><\/p>\n<div id=\"gtx-trans\" style=\"position: absolute; left: -50px; top: 4.31534px;\">\n<div class=\"gtx-trans-icon\"><\/div>\n<\/div>\n<\/div><\/section><\/div><div class=\"flex_column av_one_full  flex_column_div av-zero-column-padding first  avia-builder-el-4  el_after_av_one_full  el_before_av_hr  column-top-margin\" style='border-radius:0px; '><section class=\"av_textblock_section \"  itemscope=\"itemscope\" itemtype=\"https:\/\/schema.org\/BlogPosting\" itemprop=\"blogPost\" ><div class='avia_textblock  '   itemprop=\"text\" ><p dir=\"ltr\" style=\"text-align: justify;\"><em>La Gobernadora Andrea Mac\u00edas Palma comprometi\u00f3 gestionar indicaciones ante las y los parlamentarios para conseguir que se modifique el sistema de generaci\u00f3n el\u00e9ctrica en el territorio.<\/em><\/p>\n<p dir=\"ltr\" style=\"text-align: justify;\">Este martes la Gobernadora Regional Andrea Mac\u00edas Palma, recibi\u00f3 de parte de la consultora IESD un informe sobre la etapa final del estudio \u00abDiagn\u00f3stico de<span class=\"v1gmail-Apple-tab-span\">\u00a0<\/span>mejoramiento normativo de los sistemas medianos de la regi\u00f3n de Ays\u00e9n\u00bb, que fue encargado al Centro de Investigaci\u00f3n en Estudios de la Patagonia (CIEP).<\/p>\n<p dir=\"ltr\" style=\"text-align: justify;\">Inicialmente, el estudio buscaba traducirse en un proyecto de ley, pero luego de que el Gobierno nacional presentara una iniciativa legislativa para perfeccionar el funcionamiento de los sistemas medianos en la Ley General de Servicios El\u00e9ctricos, el GORE Ays\u00e9n impulsar\u00e1 mediante indicaciones, la posibilidad de que esta modificaci\u00f3n signifique una disminuci\u00f3n en las tarifas que pagan mes a mes los ayseninos y ayseninas.<\/p>\n<p dir=\"ltr\" style=\"text-align: justify;\">La Gobernadora Andrea Mac\u00edas record\u00f3 que si bien los procesos legislativos \u00abson procesos de largo aliento, nosotros estamos en disposici\u00f3n de conversar, de dialogar con el Ejecutivo, con el Legislativo, convocar a todos los parlamentarios de la regi\u00f3n y de otras regiones, para poder sacar adelante estas indicaciones que lo que van a hacer es mejorar el sistema para la Regi\u00f3n de Ays\u00e9n\u00bb.<\/p>\n<p dir=\"ltr\" style=\"text-align: justify;\">La m\u00e1xima autoridad regional reconoci\u00f3 que es un problema recurrente para el territorio y el bolsillo de sus habitantes, el costo de la generaci\u00f3n el\u00e9ctrica, producto de contar con un Sistema Mediano, y junto con agradecer al CIEP y a la Consultora IESD, asegur\u00f3 que las modificaciones que se propondr\u00e1n ser\u00e1n una gran oportunidad en materia de fomento y desarrollo productivo, favoreciendo la instalaci\u00f3n de proyectos de inversi\u00f3n en la regi\u00f3n.<\/p>\n<p dir=\"ltr\" style=\"text-align: justify;\">Frente a esto, el director de la Consultora, Iv\u00e1n Saavedra Dote, explic\u00f3 que \u00abuno de los mecanismos m\u00e1s directos de lograr beneficios a los clientes finales es la incorporaci\u00f3n de los sistemas medianos al mecanismo de precio nudo promedio en donde hay una suerte de compensaci\u00f3n entre todos los clientes de Chile para que no haya clientes que tengan precios muy altos. Eso est\u00e1 incorporado en el proyecto de ley del Ejecutivo pero nosotros entendemos que hay un perfeccionamiento que se puede incorporar y que estamos promoviendo\u00bb.<\/p>\n<p dir=\"ltr\" style=\"text-align: justify;\">Adem\u00e1s agreg\u00f3 que se busca incorporar el criterio de equidad tarifaria regional para buscar traspasar que la econom\u00eda de los grandes centros urbanos como Santiago, Concepci\u00f3n o Valpara\u00edso, puedan aportar hacia las zonas donde la poblaci\u00f3n se encuentra m\u00e1s dispersa geogr\u00e1ficamente, lo que provoca costos m\u00e1s altos.<\/p>\n<p dir=\"ltr\" style=\"text-align: justify;\">Finalmente, el seremi de Energ\u00eda en Ays\u00e9n, Carlos D\u00edaz Varela, explic\u00f3 que las reglas que regulan a los cuatro sistemas medianos que operan en la regi\u00f3n tienen m\u00e1s de 20 a\u00f1os, por lo que se hizo necesario \u00abactualizar esa ley para tender a una mayor equidad bajando las tarifas de los sistemas medianos, pero tambi\u00e9n haci\u00e9ndolos crecer de manera org\u00e1nica, de manera holgada para tener m\u00e1s potencia disponible, m\u00e1s crecimiento en calefacci\u00f3n el\u00e9ctrica en empresas que se quieran instalar y que esa energ\u00eda ser\u00e1 renovable, principalmente\u00bb.<\/p>\n<\/div><\/section><\/div><div  style='height:50px' class='hr hr-invisible   avia-builder-el-6  el_after_av_one_full  el_before_av_social_share '><span class='hr-inner ' ><span class='hr-inner-style'><\/span><\/span><\/div><\/p>\n<div  class='av-social-sharing-box  avia-builder-el-7  el_after_av_hr  el_before_av_hr  '><div class='av-share-box'><h5 class='av-share-link-description av-no-toc '>Compartir esta noticia<\/h5><ul class='av-share-box-list noLightbox'><li class='av-share-link av-social-link-facebook' ><a target=\"_blank\" aria-label=\"Compartir en Facebook\" href='https:\/\/www.facebook.com\/sharer.php?u=https:\/\/radiorevelacionfm.cl\/?p=40793&#038;t=Impulsan%20modificaciones%20a%20Ley%20de%20Sistemas%20Medianos%20para%20disminuir%20tarifas%20el%C3%A9ctricas%20en%20la%20regi%C3%B3n' aria-hidden='false' data-av_icon='\ue8f3' data-av_iconfont='entypo-fontello' title='' data-avia-related-tooltip='Compartir en Facebook' rel=\"noopener\"><span class='avia_hidden_link_text'>Compartir en Facebook<\/span><\/a><\/li><li class='av-share-link av-social-link-twitter' ><a target=\"_blank\" aria-label=\"Compartir en Twitter\" href='https:\/\/twitter.com\/share?text=Impulsan%20modificaciones%20a%20Ley%20de%20Sistemas%20Medianos%20para%20disminuir%20tarifas%20el%C3%A9ctricas%20en%20la%20regi%C3%B3n&#038;url=https:\/\/radiorevelacionfm.cl\/?p=40793' aria-hidden='false' data-av_icon='\ue8f1' data-av_iconfont='entypo-fontello' title='' data-avia-related-tooltip='Compartir en Twitter' rel=\"noopener\"><span class='avia_hidden_link_text'>Compartir en Twitter<\/span><\/a><\/li><li class='av-share-link av-social-link-whatsapp' ><a target=\"_blank\" aria-label=\"Compartir en Whatsapp\" href='https:\/\/api.whatsapp.com\/send?text=https:\/\/radiorevelacionfm.cl\/?p=40793' aria-hidden='false' data-av_icon='\uf232' data-av_iconfont='entypo-fontello' title='' data-avia-related-tooltip='Compartir en Whatsapp' rel=\"noopener\"><span class='avia_hidden_link_text'>Compartir en Whatsapp<\/span><\/a><\/li><li class='av-share-link av-social-link-linkedin' ><a target=\"_blank\" aria-label=\"Compartir en LinkedIn\" href='https:\/\/linkedin.com\/shareArticle?mini=true&#038;title=Impulsan%20modificaciones%20a%20Ley%20de%20Sistemas%20Medianos%20para%20disminuir%20tarifas%20el%C3%A9ctricas%20en%20la%20regi%C3%B3n&#038;url=https:\/\/radiorevelacionfm.cl\/?p=40793' aria-hidden='false' data-av_icon='\ue8fc' data-av_iconfont='entypo-fontello' title='' data-avia-related-tooltip='Compartir en LinkedIn' rel=\"noopener\"><span class='avia_hidden_link_text'>Compartir en LinkedIn<\/span><\/a><\/li><li class='av-share-link av-social-link-mail' ><a  aria-label=\"Compartir por correo\" href='mailto:?subject=Impulsan%20modificaciones%20a%20Ley%20de%20Sistemas%20Medianos%20para%20disminuir%20tarifas%20el%C3%A9ctricas%20en%20la%20regi%C3%B3n&#038;body=https:\/\/radiorevelacionfm.cl\/?p=40793' aria-hidden='false' data-av_icon='\ue805' data-av_iconfont='entypo-fontello' title='' data-avia-related-tooltip='Compartir por correo'><span class='avia_hidden_link_text'>Compartir por correo<\/span><\/a><\/li><\/ul><\/div><\/div>\n<div  style='height:50px' class='hr hr-invisible   avia-builder-el-8  el_after_av_social_share  el_before_av_comments_list '><span class='hr-inner ' ><span class='hr-inner-style'><\/span><\/span><\/div>\n<div  class='av-buildercomment  av-blog-meta-html-info-disabled av-blog-meta-tag-disabled  '><\/div>\n","protected":false},"excerpt":{"rendered":"","protected":false},"author":1,"featured_media":40794,"comment_status":"open","ping_status":"open","sticky":false,"template":"","format":"standard","meta":{"footnotes":""},"categories":[38],"tags":[],"class_list":["post-40793","post","type-post","status-publish","format-standard","has-post-thumbnail","hentry","category-regional"],"jetpack_featured_media_url":"https:\/\/radiorevelacionfm.cl\/wp-content\/uploads\/2024\/03\/WhatsApp-Image-2024-03-26-at-5.58.04-PM-1-1.jpeg","_links":{"self":[{"href":"https:\/\/radiorevelacionfm.cl\/index.php?rest_route=\/wp\/v2\/posts\/40793","targetHints":{"allow":["GET"]}}],"collection":[{"href":"https:\/\/radiorevelacionfm.cl\/index.php?rest_route=\/wp\/v2\/posts"}],"about":[{"href":"https:\/\/radiorevelacionfm.cl\/index.php?rest_route=\/wp\/v2\/types\/post"}],"author":[{"embeddable":true,"href":"https:\/\/radiorevelacionfm.cl\/index.php?rest_route=\/wp\/v2\/users\/1"}],"replies":[{"embeddable":true,"href":"https:\/\/radiorevelacionfm.cl\/index.php?rest_route=%2Fwp%2Fv2%2Fcomments&post=40793"}],"version-history":[{"count":1,"href":"https:\/\/radiorevelacionfm.cl\/index.php?rest_route=\/wp\/v2\/posts\/40793\/revisions"}],"predecessor-version":[{"id":40795,"href":"https:\/\/radiorevelacionfm.cl\/index.php?rest_route=\/wp\/v2\/posts\/40793\/revisions\/40795"}],"wp:featuredmedia":[{"embeddable":true,"href":"https:\/\/radiorevelacionfm.cl\/index.php?rest_route=\/wp\/v2\/media\/40794"}],"wp:attachment":[{"href":"https:\/\/radiorevelacionfm.cl\/index.php?rest_route=%2Fwp%2Fv2%2Fmedia&parent=40793"}],"wp:term":[{"taxonomy":"category","embeddable":true,"href":"https:\/\/radiorevelacionfm.cl\/index.php?rest_route=%2Fwp%2Fv2%2Fcategories&post=40793"},{"taxonomy":"post_tag","embeddable":true,"href":"https:\/\/radiorevelacionfm.cl\/index.php?rest_route=%2Fwp%2Fv2%2Ftags&post=40793"}],"curies":[{"name":"wp","href":"https:\/\/api.w.org\/{rel}","templated":true}]}}