{"id":40790,"date":"2024-03-28T10:15:22","date_gmt":"2024-03-28T13:15:22","guid":{"rendered":"https:\/\/radiorevelacionfm.cl\/?p=40790"},"modified":"2024-03-28T10:15:22","modified_gmt":"2024-03-28T13:15:22","slug":"comienza-la-convocatoria-para-el-programa-de-voluntariado-juvenil-de-la-alianza-del-pacifico-2024","status":"publish","type":"post","link":"https:\/\/radiorevelacionfm.cl\/?p=40790","title":{"rendered":"Comienza la convocatoria para el Programa de Voluntariado Juvenil de la Alianza del Pac\u00edfico 2024"},"content":{"rendered":"<div class=\"flex_column av_one_full  flex_column_div av-zero-column-padding first  avia-builder-el-0  el_before_av_one_full  avia-builder-el-first  \" style='border-radius:0px; '><div  class='avia-image-container  av-styling-    avia-builder-el-1  avia-builder-el-no-sibling  avia-align-center '  itemprop=\"image\" itemscope=\"itemscope\" itemtype=\"https:\/\/schema.org\/ImageObject\"  ><div class='avia-image-container-inner'><div class='avia-image-overlay-wrap'><img decoding=\"async\" class='wp-image-40791 avia-img-lazy-loading-not-40791 avia_image' src=\"https:\/\/radiorevelacionfm.cl\/wp-content\/uploads\/2024\/03\/foto-4-1_optimized.jpg\" alt='' title='foto-(4)-(1)_optimized' height=\"600\" width=\"1020\"  itemprop=\"thumbnailUrl\" srcset=\"https:\/\/radiorevelacionfm.cl\/wp-content\/uploads\/2024\/03\/foto-4-1_optimized.jpg 1020w, https:\/\/radiorevelacionfm.cl\/wp-content\/uploads\/2024\/03\/foto-4-1_optimized-300x176.jpg 300w, https:\/\/radiorevelacionfm.cl\/wp-content\/uploads\/2024\/03\/foto-4-1_optimized-768x452.jpg 768w, https:\/\/radiorevelacionfm.cl\/wp-content\/uploads\/2024\/03\/foto-4-1_optimized-705x415.jpg 705w, https:\/\/radiorevelacionfm.cl\/wp-content\/uploads\/2024\/03\/foto-4-1_optimized-450x265.jpg 450w, https:\/\/radiorevelacionfm.cl\/wp-content\/uploads\/2024\/03\/foto-4-1_optimized-600x353.jpg 600w\" sizes=\"(max-width: 1020px) 100vw, 1020px\" \/><\/div><\/div><\/div><\/div><div class=\"flex_column av_one_full  flex_column_div av-zero-column-padding first  avia-builder-el-2  el_after_av_one_full  el_before_av_one_full  column-top-margin\" style='border-radius:0px; '><section class=\"av_textblock_section \"  itemscope=\"itemscope\" itemtype=\"https:\/\/schema.org\/BlogPosting\" itemprop=\"blogPost\" ><div class='avia_textblock  '   itemprop=\"text\" ><p style=\"text-align: center;\"><span style=\"font-size: 18pt;\"><strong>Comienza la convocatoria para el Programa de Voluntariado Juvenil de la Alianza del Pac\u00edfico 2024<\/strong><\/span><\/p>\n<div id=\"gtx-trans\" style=\"position: absolute; left: -50px; top: 4.31534px;\">\n<div class=\"gtx-trans-icon\"><\/div>\n<\/div>\n<\/div><\/section><\/div><div class=\"flex_column av_one_full  flex_column_div av-zero-column-padding first  avia-builder-el-4  el_after_av_one_full  el_before_av_hr  column-top-margin\" style='border-radius:0px; '><section class=\"av_textblock_section \"  itemscope=\"itemscope\" itemtype=\"https:\/\/schema.org\/BlogPosting\" itemprop=\"blogPost\" ><div class='avia_textblock  '   itemprop=\"text\" ><p style=\"text-align: justify;\"><em>En esta novena versi\u00f3n se espera movilizar a 20 personas por pa\u00eds. Los <\/em><em>requisitos de postulaci\u00f3n son independientes en cada uno los proyectos a los que se puede optar.<\/em><\/p>\n<p style=\"text-align: justify;\">Del 26 de marzo al 26 de abril, estar\u00e1 abierta la convocatoria para la novena versi\u00f3n del Programa de Voluntariado Juvenil de la Alianza del Pac\u00edfico.\u00a0 Esta iniciativa busca que personas j\u00f3venes entre los 18 y 29 a\u00f1os de Chile, Per\u00fa, Colombia y M\u00e9xico, contribuyan a superar los desaf\u00edos de la regi\u00f3n, a trav\u00e9s de proyectos que tendr\u00e1n una duraci\u00f3n, en su etapa presencial, de 10 d\u00edas a tres semanas.<\/p>\n<p style=\"text-align: justify;\">La participaci\u00f3n en este Programa brinda una experiencia de intercambio cultural muy enriquecedora entre personas j\u00f3venes de los cuatro pa\u00edses, en la que se crean v\u00ednculos significativos y se construyen propuestas de cambio ante problem\u00e1ticas sociales y ambientales que afectan a la regi\u00f3n.<\/p>\n<p style=\"text-align: justify;\">Con este tipo de actividades, la Alianza del Pac\u00edfico busca impulsar el intercambio mediante instancias que formen vocaci\u00f3n y conductas solidarias en las personas j\u00f3venes, que impacten positivamente en la sociedad, teniendo en cuenta que las juventudes son actores claves.<\/p>\n<p style=\"text-align: justify;\">El director regional de INJUV Ays\u00e9n, Camilo Trivi\u00f1o Urtubia, se\u00f1al\u00f3 que \u201cel a\u00f1o pasado el voluntariado realizado en Chile y liderado por INJUV, convoc\u00f3 a 25 j\u00f3venes en una experiencia de profundo aprendizaje a trav\u00e9s del feminismo y un valioso ejercicio por mantener viva la memoria hist\u00f3rica. Este a\u00f1o nuestro servicio quiso \u00a0repetir la experiencia porque sabemos que la tem\u00e1tica genera mucho inter\u00e9s en las juventudes y debemos seguir abriendo m\u00e1s y mejores espacios regionales con perspectiva de g\u00e9nero\u201d.<\/p>\n<p style=\"text-align: justify;\"><strong>Proyectos <\/strong><\/p>\n<p style=\"text-align: justify;\">El Programa se desarrolla a trav\u00e9s de cuatro proyectos, uno por pa\u00eds, y que abordan distintas tem\u00e1ticas detalladas a continuaci\u00f3n:<\/p>\n<ul style=\"text-align: justify;\">\n<li><strong>Proyecto de Chile<\/strong>: \u201cJuventudes, feminismo y memoria\u201d. La fase presencial se realizar\u00e1 <u>del 29 de julio al 13 de agosto<\/u>.<\/li>\n<li><strong>Proyecto de Colombia<\/strong>: \u201cVoluntariado: Cultura de Paz, J\u00f3venes Pertenecientes a organizaciones barristas y futboleras, generan acciones enmarcadas en el Barrismo Social como cultura de paz, Colombia-2024\u201d. La fase presencial se realizar <u>del 30 de septiembre al 13 de octubre<\/u>.<\/li>\n<li><strong>Proyecto de M\u00e9xico<\/strong>: \u201cVoluntad Joven: Arte y feminismos\u00bb. La fase presencial se realizar <u>del 19 al 28 de julio<\/u>.<\/li>\n<li><strong>Proyecto del Per\u00fa<\/strong>: \u201cA-Gente de Cambio: promoci\u00f3n de la salud mental en adolescentes. La fase presencial se realizar <u>del 05 al 26 de septiembre<\/u>.<\/li>\n<\/ul>\n<p style=\"text-align: justify;\">Para m\u00e1s detalles, dudas o consultas, \u00a0puedes visitar la p\u00e1gina web de la Alianza del Pac\u00edfico <a href=\"https:\/\/voluntariado.alianzapacifico.net\/\">https:\/\/voluntariado.alianzapacifico.net\/<\/a> o comunicarte con INJUV Ays\u00e9n a trav\u00e9s de sus redes sociales; Fan Page, Instagram o Twitter @injuvaysen, o dirigirte de forma presencial a nuestra direcci\u00f3n regional, ubicada en Manuel Rodr\u00edguez #239, Coyhaique, de lunes a viernes, de 08:00 a 13:00 horas y en las tardes de 14:00 a 17:00 horas, los viernes hasta las 16:00 horas.<\/p>\n<\/div><\/section><\/div><div  style='height:50px' class='hr hr-invisible   avia-builder-el-6  el_after_av_one_full  el_before_av_social_share '><span class='hr-inner ' ><span class='hr-inner-style'><\/span><\/span><\/div><\/p>\n<div  class='av-social-sharing-box  avia-builder-el-7  el_after_av_hr  el_before_av_hr  '><div class='av-share-box'><h5 class='av-share-link-description av-no-toc '>Compartir esta noticia<\/h5><ul class='av-share-box-list noLightbox'><li class='av-share-link av-social-link-facebook' ><a target=\"_blank\" aria-label=\"Compartir en Facebook\" href='https:\/\/www.facebook.com\/sharer.php?u=https:\/\/radiorevelacionfm.cl\/?p=40790&#038;t=Comienza%20la%20convocatoria%20para%20el%20Programa%20de%20Voluntariado%20Juvenil%20de%20la%20Alianza%20del%20Pac%C3%ADfico%202024' aria-hidden='false' data-av_icon='\ue8f3' data-av_iconfont='entypo-fontello' title='' data-avia-related-tooltip='Compartir en Facebook' rel=\"noopener\"><span class='avia_hidden_link_text'>Compartir en Facebook<\/span><\/a><\/li><li class='av-share-link av-social-link-twitter' ><a target=\"_blank\" aria-label=\"Compartir en Twitter\" href='https:\/\/twitter.com\/share?text=Comienza%20la%20convocatoria%20para%20el%20Programa%20de%20Voluntariado%20Juvenil%20de%20la%20Alianza%20del%20Pac%C3%ADfico%202024&#038;url=https:\/\/radiorevelacionfm.cl\/?p=40790' aria-hidden='false' data-av_icon='\ue8f1' data-av_iconfont='entypo-fontello' title='' data-avia-related-tooltip='Compartir en Twitter' rel=\"noopener\"><span class='avia_hidden_link_text'>Compartir en Twitter<\/span><\/a><\/li><li class='av-share-link av-social-link-whatsapp' ><a target=\"_blank\" aria-label=\"Compartir en Whatsapp\" href='https:\/\/api.whatsapp.com\/send?text=https:\/\/radiorevelacionfm.cl\/?p=40790' aria-hidden='false' data-av_icon='\uf232' data-av_iconfont='entypo-fontello' title='' data-avia-related-tooltip='Compartir en Whatsapp' rel=\"noopener\"><span class='avia_hidden_link_text'>Compartir en Whatsapp<\/span><\/a><\/li><li class='av-share-link av-social-link-linkedin' ><a target=\"_blank\" aria-label=\"Compartir en LinkedIn\" href='https:\/\/linkedin.com\/shareArticle?mini=true&#038;title=Comienza%20la%20convocatoria%20para%20el%20Programa%20de%20Voluntariado%20Juvenil%20de%20la%20Alianza%20del%20Pac%C3%ADfico%202024&#038;url=https:\/\/radiorevelacionfm.cl\/?p=40790' aria-hidden='false' data-av_icon='\ue8fc' data-av_iconfont='entypo-fontello' title='' data-avia-related-tooltip='Compartir en LinkedIn' rel=\"noopener\"><span class='avia_hidden_link_text'>Compartir en LinkedIn<\/span><\/a><\/li><li class='av-share-link av-social-link-mail' ><a  aria-label=\"Compartir por correo\" href='mailto:?subject=Comienza%20la%20convocatoria%20para%20el%20Programa%20de%20Voluntariado%20Juvenil%20de%20la%20Alianza%20del%20Pac%C3%ADfico%202024&#038;body=https:\/\/radiorevelacionfm.cl\/?p=40790' aria-hidden='false' data-av_icon='\ue805' data-av_iconfont='entypo-fontello' title='' data-avia-related-tooltip='Compartir por correo'><span class='avia_hidden_link_text'>Compartir por correo<\/span><\/a><\/li><\/ul><\/div><\/div>\n<div  style='height:50px' class='hr hr-invisible   avia-builder-el-8  el_after_av_social_share  el_before_av_comments_list '><span class='hr-inner ' ><span class='hr-inner-style'><\/span><\/span><\/div>\n<div  class='av-buildercomment  av-blog-meta-html-info-disabled av-blog-meta-tag-disabled  '><\/div>\n","protected":false},"excerpt":{"rendered":"","protected":false},"author":1,"featured_media":40791,"comment_status":"open","ping_status":"open","sticky":false,"template":"","format":"standard","meta":{"footnotes":""},"categories":[61],"tags":[],"class_list":["post-40790","post","type-post","status-publish","format-standard","has-post-thumbnail","hentry","category-nacional"],"jetpack_featured_media_url":"https:\/\/radiorevelacionfm.cl\/wp-content\/uploads\/2024\/03\/foto-4-1_optimized.jpg","_links":{"self":[{"href":"https:\/\/radiorevelacionfm.cl\/index.php?rest_route=\/wp\/v2\/posts\/40790","targetHints":{"allow":["GET"]}}],"collection":[{"href":"https:\/\/radiorevelacionfm.cl\/index.php?rest_route=\/wp\/v2\/posts"}],"about":[{"href":"https:\/\/radiorevelacionfm.cl\/index.php?rest_route=\/wp\/v2\/types\/post"}],"author":[{"embeddable":true,"href":"https:\/\/radiorevelacionfm.cl\/index.php?rest_route=\/wp\/v2\/users\/1"}],"replies":[{"embeddable":true,"href":"https:\/\/radiorevelacionfm.cl\/index.php?rest_route=%2Fwp%2Fv2%2Fcomments&post=40790"}],"version-history":[{"count":1,"href":"https:\/\/radiorevelacionfm.cl\/index.php?rest_route=\/wp\/v2\/posts\/40790\/revisions"}],"predecessor-version":[{"id":40792,"href":"https:\/\/radiorevelacionfm.cl\/index.php?rest_route=\/wp\/v2\/posts\/40790\/revisions\/40792"}],"wp:featuredmedia":[{"embeddable":true,"href":"https:\/\/radiorevelacionfm.cl\/index.php?rest_route=\/wp\/v2\/media\/40791"}],"wp:attachment":[{"href":"https:\/\/radiorevelacionfm.cl\/index.php?rest_route=%2Fwp%2Fv2%2Fmedia&parent=40790"}],"wp:term":[{"taxonomy":"category","embeddable":true,"href":"https:\/\/radiorevelacionfm.cl\/index.php?rest_route=%2Fwp%2Fv2%2Fcategories&post=40790"},{"taxonomy":"post_tag","embeddable":true,"href":"https:\/\/radiorevelacionfm.cl\/index.php?rest_route=%2Fwp%2Fv2%2Ftags&post=40790"}],"curies":[{"name":"wp","href":"https:\/\/api.w.org\/{rel}","templated":true}]}}