{"id":40787,"date":"2024-03-28T11:57:23","date_gmt":"2024-03-28T14:57:23","guid":{"rendered":"https:\/\/radiorevelacionfm.cl\/?p=40787"},"modified":"2024-03-28T11:57:23","modified_gmt":"2024-03-28T14:57:23","slug":"en-despliegue-territorial-en-aysen-seremi-de-ciencia-destaca-importancia-de-fortalecer-el-trabajo-cientifico-para-el-desarrollo-regional","status":"publish","type":"post","link":"https:\/\/radiorevelacionfm.cl\/?p=40787","title":{"rendered":"En despliegue territorial en Ays\u00e9n: Seremi de Ciencia destaca importancia de fortalecer el trabajo cient\u00edfico para el desarrollo regional"},"content":{"rendered":"<div class=\"flex_column av_one_full  flex_column_div av-zero-column-padding first  avia-builder-el-0  el_before_av_one_full  avia-builder-el-first  \" style='border-radius:0px; '><div  class='avia-image-container  av-styling-    avia-builder-el-1  avia-builder-el-no-sibling  avia-align-center '  itemprop=\"image\" itemscope=\"itemscope\" itemtype=\"https:\/\/schema.org\/ImageObject\"  ><div class='avia-image-container-inner'><div class='avia-image-overlay-wrap'><img decoding=\"async\" class='wp-image-40788 avia-img-lazy-loading-not-40788 avia_image' src=\"https:\/\/radiorevelacionfm.cl\/wp-content\/uploads\/2024\/03\/UAysen-1-2.jpg\" alt='' title='UAysen (1) (2)' height=\"600\" width=\"1333\"  itemprop=\"thumbnailUrl\" srcset=\"https:\/\/radiorevelacionfm.cl\/wp-content\/uploads\/2024\/03\/UAysen-1-2.jpg 1333w, https:\/\/radiorevelacionfm.cl\/wp-content\/uploads\/2024\/03\/UAysen-1-2-300x135.jpg 300w, https:\/\/radiorevelacionfm.cl\/wp-content\/uploads\/2024\/03\/UAysen-1-2-1030x464.jpg 1030w, https:\/\/radiorevelacionfm.cl\/wp-content\/uploads\/2024\/03\/UAysen-1-2-768x346.jpg 768w, https:\/\/radiorevelacionfm.cl\/wp-content\/uploads\/2024\/03\/UAysen-1-2-705x317.jpg 705w, https:\/\/radiorevelacionfm.cl\/wp-content\/uploads\/2024\/03\/UAysen-1-2-450x203.jpg 450w, https:\/\/radiorevelacionfm.cl\/wp-content\/uploads\/2024\/03\/UAysen-1-2-600x270.jpg 600w\" sizes=\"(max-width: 1333px) 100vw, 1333px\" \/><\/div><\/div><\/div><\/div><div class=\"flex_column av_one_full  flex_column_div av-zero-column-padding first  avia-builder-el-2  el_after_av_one_full  el_before_av_one_full  column-top-margin\" style='border-radius:0px; '><section class=\"av_textblock_section \"  itemscope=\"itemscope\" itemtype=\"https:\/\/schema.org\/BlogPosting\" itemprop=\"blogPost\" ><div class='avia_textblock  '   itemprop=\"text\" ><p style=\"text-align: center;\"><strong><span style=\"font-size: 18pt;\">En despliegue territorial en Ays\u00e9n: Seremi de Ciencia destaca importancia de fortalecer el trabajo cient\u00edfico para el desarrollo regional<\/span><\/strong><\/p>\n<div id=\"gtx-trans\" style=\"position: absolute; left: -50px; top: 4.31534px;\">\n<div class=\"gtx-trans-icon\"><\/div>\n<\/div>\n<\/div><\/section><\/div><div class=\"flex_column av_one_full  flex_column_div av-zero-column-padding first  avia-builder-el-4  el_after_av_one_full  el_before_av_hr  column-top-margin\" style='border-radius:0px; '><section class=\"av_textblock_section \"  itemscope=\"itemscope\" itemtype=\"https:\/\/schema.org\/BlogPosting\" itemprop=\"blogPost\" ><div class='avia_textblock  '   itemprop=\"text\" ><p class=\"v1MsoNormal\" style=\"text-align: justify;\"><i>Conocer el avance de las investigaciones en ejecuci\u00f3n y fortalecer el trabajo colaborativo con instituciones p\u00fablicas y privadas, fueron algunos de los objetivos de la visita de la seremi Ver\u00f3nica Vallejos a la regi\u00f3n.<\/i><\/p>\n<p class=\"v1MsoNormal\" style=\"text-align: justify;\">Una nutrida agenda llev\u00f3 a cabo la seremi de Ciencia durante su estad\u00eda en Coyhaique, la que comenz\u00f3 con el saludo protocolar a Juan Pablo Prieto, administrador provisional de la Universidad de Ays\u00e9n quien, junto al director de Investigaci\u00f3n, Marco Vega, entreg\u00f3 antecedentes sobre el estado de la instituci\u00f3n y destac\u00f3 la importancia de \u00e9sta en la estrategia regional de ciencia, tecnolog\u00eda e innovaci\u00f3n.<\/p>\n<p class=\"v1MsoNormal\" style=\"text-align: justify;\">\u00abEn la cita con el administrador destacamos el rol que cumple la universidad en el desarrollo cient\u00edfico y la importancia de fortalecerlo, por lo que en esta primera reuni\u00f3n nos pusimos a su disposici\u00f3n como seremi de Ciencia para colaborarles en lo que sea necesario y as\u00ed puedan continuar entregando a los y las estudiantes las herramientas necesarias para su desarrollo profesional, y a las y los investigadores las facilidades para que puedan seguir ejecutando sus proyectos\u00bb, indic\u00f3 la seremi Vallejos.<\/p>\n<p class=\"v1MsoNormal\" style=\"text-align: justify;\">Tambi\u00e9n se reuni\u00f3 con la directora del proyecto \u00abConocimientos 2030\u00bb, que corresponde a un fondo in\u00e9dito para potenciar las \u00e1reas HACS (Humanidades, Artes y Ciencias Sociales), y la coordinadora del Nodo Ciencia Austral, que present\u00f3 su programa para los pr\u00f3ximos a\u00f1os, el que est\u00e1 fuertemente enfocado al trabajo colaborativo e interdisciplinario con las instituciones generadoras de conocimiento de la macrozona. Ambos son financiados por el MinCiencia a trav\u00e9s de ANID.<\/p>\n<p class=\"v1MsoNormal\" style=\"text-align: justify;\">En relaci\u00f3n a los proyectos en ejecuci\u00f3n, la autoridad macrozonal coment\u00f3 que \u00abes importante conocer en detalle c\u00f3mo van avanzando las propuestas adjudicadas, as\u00ed como apoyar a los equipos directamente, y en ello el contacto directo es imprescindible. Conocimos de primera fuente los objetivos de los proyectos en los que participan investigadoras e investigadores de la Universidad de Ays\u00e9n y del CIEP, c\u00f3mo va su ejecuci\u00f3n y la planificaci\u00f3n de actividades para el a\u00f1o, de manera de apoyarles en la difusi\u00f3n de sus resultados\u00bb.<\/p>\n<p class=\"v1MsoNormal\" style=\"text-align: justify;\"><b>Acciones contra la contaminaci\u00f3n<\/b><\/p>\n<p class=\"v1MsoNormal\" style=\"text-align: justify;\">Durante su viaje tambi\u00e9n se reuni\u00f3 con\u00a0la contraparte\u00a0de la seremi de Medio\u00a0Ambiente para revisar el estado de tramitaci\u00f3n del convenio sobre contaminaci\u00f3n ambiental suscrito entre ambos ministerios, servicios p\u00fablicos e instituciones generadoras de conocimiento de Ays\u00e9n, conocer\u00a0avances\u00a0y definir en conjunto la priorizaci\u00f3n de las acciones propuestas.<\/p>\n<p class=\"v1MsoNormal\" style=\"text-align: justify;\">\u00abSi bien el nuevo convenio de colaboraci\u00f3n interinstitucional que busca enfrentar el problema de contaminaci\u00f3n ambiental en la regi\u00f3n desde diversas \u00e1reas a\u00fan est\u00e1 en tramitaci\u00f3n, aprovechamos esta ocasi\u00f3n para reunirnos con las contrapartes y avanzar en la definici\u00f3n de las actividades que podr\u00edan dise\u00f1arse para este a\u00f1o, con una metodolog\u00eda de trabajo colaborativo y coordinado para el beneficio de la comunidad, en el que se ha priorizado la divulgaci\u00f3n del conocimiento y la capacitaci\u00f3n en distintos niveles\u00bb, explic\u00f3 Vallejos.<\/p>\n<p class=\"v1MsoNormal\" style=\"text-align: justify;\">Adem\u00e1s, como en cada despliegue en la regi\u00f3n, se reuni\u00f3 con el delegado Presidencial Regional, Rodrigo Araya, para informarle sobre las actividades y las reuniones programadas, entre ellas su asistencia en la participaci\u00f3n ciudadana del Plan De Zonas Extremas, para incorporar la ciencia, tecnolog\u00eda e innovaci\u00f3n entre los lineamientos a considerar en las potenciales iniciativas propuestas en beneficio del desarrollo local.<\/p>\n<\/div><\/section><\/div><div  style='height:50px' class='hr hr-invisible   avia-builder-el-6  el_after_av_one_full  el_before_av_social_share '><span class='hr-inner ' ><span class='hr-inner-style'><\/span><\/span><\/div><\/p>\n<div  class='av-social-sharing-box  avia-builder-el-7  el_after_av_hr  el_before_av_hr  '><div class='av-share-box'><h5 class='av-share-link-description av-no-toc '>Compartir esta noticia<\/h5><ul class='av-share-box-list noLightbox'><li class='av-share-link av-social-link-facebook' ><a target=\"_blank\" aria-label=\"Compartir en Facebook\" href='https:\/\/www.facebook.com\/sharer.php?u=https:\/\/radiorevelacionfm.cl\/?p=40787&#038;t=En%20despliegue%20territorial%20en%20Ays%C3%A9n%3A%20Seremi%20de%20Ciencia%20destaca%20importancia%20de%20fortalecer%20el%20trabajo%20cient%C3%ADfico%20para%20el%20desarrollo%20regional' aria-hidden='false' data-av_icon='\ue8f3' data-av_iconfont='entypo-fontello' title='' data-avia-related-tooltip='Compartir en Facebook' rel=\"noopener\"><span class='avia_hidden_link_text'>Compartir en Facebook<\/span><\/a><\/li><li class='av-share-link av-social-link-twitter' ><a target=\"_blank\" aria-label=\"Compartir en Twitter\" href='https:\/\/twitter.com\/share?text=En%20despliegue%20territorial%20en%20Ays%C3%A9n%3A%20Seremi%20de%20Ciencia%20destaca%20importancia%20de%20fortalecer%20el%20trabajo%20cient%C3%ADfico%20para%20el%20desarrollo%20regional&#038;url=https:\/\/radiorevelacionfm.cl\/?p=40787' aria-hidden='false' data-av_icon='\ue8f1' data-av_iconfont='entypo-fontello' title='' data-avia-related-tooltip='Compartir en Twitter' rel=\"noopener\"><span class='avia_hidden_link_text'>Compartir en Twitter<\/span><\/a><\/li><li class='av-share-link av-social-link-whatsapp' ><a target=\"_blank\" aria-label=\"Compartir en Whatsapp\" href='https:\/\/api.whatsapp.com\/send?text=https:\/\/radiorevelacionfm.cl\/?p=40787' aria-hidden='false' data-av_icon='\uf232' data-av_iconfont='entypo-fontello' title='' data-avia-related-tooltip='Compartir en Whatsapp' rel=\"noopener\"><span class='avia_hidden_link_text'>Compartir en Whatsapp<\/span><\/a><\/li><li class='av-share-link av-social-link-linkedin' ><a target=\"_blank\" aria-label=\"Compartir en LinkedIn\" href='https:\/\/linkedin.com\/shareArticle?mini=true&#038;title=En%20despliegue%20territorial%20en%20Ays%C3%A9n%3A%20Seremi%20de%20Ciencia%20destaca%20importancia%20de%20fortalecer%20el%20trabajo%20cient%C3%ADfico%20para%20el%20desarrollo%20regional&#038;url=https:\/\/radiorevelacionfm.cl\/?p=40787' aria-hidden='false' data-av_icon='\ue8fc' data-av_iconfont='entypo-fontello' title='' data-avia-related-tooltip='Compartir en LinkedIn' rel=\"noopener\"><span class='avia_hidden_link_text'>Compartir en LinkedIn<\/span><\/a><\/li><li class='av-share-link av-social-link-mail' ><a  aria-label=\"Compartir por correo\" href='mailto:?subject=En%20despliegue%20territorial%20en%20Ays%C3%A9n%3A%20Seremi%20de%20Ciencia%20destaca%20importancia%20de%20fortalecer%20el%20trabajo%20cient%C3%ADfico%20para%20el%20desarrollo%20regional&#038;body=https:\/\/radiorevelacionfm.cl\/?p=40787' aria-hidden='false' data-av_icon='\ue805' data-av_iconfont='entypo-fontello' title='' data-avia-related-tooltip='Compartir por correo'><span class='avia_hidden_link_text'>Compartir por correo<\/span><\/a><\/li><\/ul><\/div><\/div>\n<div  style='height:50px' class='hr hr-invisible   avia-builder-el-8  el_after_av_social_share  el_before_av_comments_list '><span class='hr-inner ' ><span class='hr-inner-style'><\/span><\/span><\/div>\n<div  class='av-buildercomment  av-blog-meta-html-info-disabled av-blog-meta-tag-disabled  '><\/div>\n","protected":false},"excerpt":{"rendered":"","protected":false},"author":1,"featured_media":40788,"comment_status":"open","ping_status":"open","sticky":false,"template":"","format":"standard","meta":{"footnotes":""},"categories":[53],"tags":[],"class_list":["post-40787","post","type-post","status-publish","format-standard","has-post-thumbnail","hentry","category-ciencia"],"jetpack_featured_media_url":"https:\/\/radiorevelacionfm.cl\/wp-content\/uploads\/2024\/03\/UAysen-1-2.jpg","_links":{"self":[{"href":"https:\/\/radiorevelacionfm.cl\/index.php?rest_route=\/wp\/v2\/posts\/40787","targetHints":{"allow":["GET"]}}],"collection":[{"href":"https:\/\/radiorevelacionfm.cl\/index.php?rest_route=\/wp\/v2\/posts"}],"about":[{"href":"https:\/\/radiorevelacionfm.cl\/index.php?rest_route=\/wp\/v2\/types\/post"}],"author":[{"embeddable":true,"href":"https:\/\/radiorevelacionfm.cl\/index.php?rest_route=\/wp\/v2\/users\/1"}],"replies":[{"embeddable":true,"href":"https:\/\/radiorevelacionfm.cl\/index.php?rest_route=%2Fwp%2Fv2%2Fcomments&post=40787"}],"version-history":[{"count":1,"href":"https:\/\/radiorevelacionfm.cl\/index.php?rest_route=\/wp\/v2\/posts\/40787\/revisions"}],"predecessor-version":[{"id":40789,"href":"https:\/\/radiorevelacionfm.cl\/index.php?rest_route=\/wp\/v2\/posts\/40787\/revisions\/40789"}],"wp:featuredmedia":[{"embeddable":true,"href":"https:\/\/radiorevelacionfm.cl\/index.php?rest_route=\/wp\/v2\/media\/40788"}],"wp:attachment":[{"href":"https:\/\/radiorevelacionfm.cl\/index.php?rest_route=%2Fwp%2Fv2%2Fmedia&parent=40787"}],"wp:term":[{"taxonomy":"category","embeddable":true,"href":"https:\/\/radiorevelacionfm.cl\/index.php?rest_route=%2Fwp%2Fv2%2Fcategories&post=40787"},{"taxonomy":"post_tag","embeddable":true,"href":"https:\/\/radiorevelacionfm.cl\/index.php?rest_route=%2Fwp%2Fv2%2Ftags&post=40787"}],"curies":[{"name":"wp","href":"https:\/\/api.w.org\/{rel}","templated":true}]}}