{"id":40783,"date":"2024-03-27T19:06:00","date_gmt":"2024-03-27T22:06:00","guid":{"rendered":"https:\/\/radiorevelacionfm.cl\/?p=40783"},"modified":"2024-03-27T19:06:00","modified_gmt":"2024-03-27T22:06:00","slug":"decomisan-mas-de-7-toneladas-de-mariscos-que-resultaron-positivos-a-marea-roja","status":"publish","type":"post","link":"https:\/\/radiorevelacionfm.cl\/?p=40783","title":{"rendered":"Decomisan m\u00e1s de 7 toneladas de mariscos que resultaron positivos a Marea Roja"},"content":{"rendered":"<div class=\"flex_column av_one_full  flex_column_div av-zero-column-padding first  avia-builder-el-0  el_before_av_one_full  avia-builder-el-first  \" style='border-radius:0px; '><div  class='avia-image-container  av-styling-    avia-builder-el-1  avia-builder-el-no-sibling  avia-align-center '  itemprop=\"image\" itemscope=\"itemscope\" itemtype=\"https:\/\/schema.org\/ImageObject\"  ><div class='avia-image-container-inner'><div class='avia-image-overlay-wrap'><img decoding=\"async\" class='wp-image-40784 avia-img-lazy-loading-not-40784 avia_image' src=\"https:\/\/radiorevelacionfm.cl\/wp-content\/uploads\/2024\/03\/Decomiso-Mariscos.jpeg\" alt='' title='Decomiso Mariscos' height=\"600\" width=\"956\"  itemprop=\"thumbnailUrl\" srcset=\"https:\/\/radiorevelacionfm.cl\/wp-content\/uploads\/2024\/03\/Decomiso-Mariscos.jpeg 956w, https:\/\/radiorevelacionfm.cl\/wp-content\/uploads\/2024\/03\/Decomiso-Mariscos-300x188.jpeg 300w, https:\/\/radiorevelacionfm.cl\/wp-content\/uploads\/2024\/03\/Decomiso-Mariscos-768x482.jpeg 768w, https:\/\/radiorevelacionfm.cl\/wp-content\/uploads\/2024\/03\/Decomiso-Mariscos-705x442.jpeg 705w, https:\/\/radiorevelacionfm.cl\/wp-content\/uploads\/2024\/03\/Decomiso-Mariscos-450x282.jpeg 450w, https:\/\/radiorevelacionfm.cl\/wp-content\/uploads\/2024\/03\/Decomiso-Mariscos-600x377.jpeg 600w\" sizes=\"(max-width: 956px) 100vw, 956px\" \/><\/div><\/div><\/div><\/div><div class=\"flex_column av_one_full  flex_column_div av-zero-column-padding first  avia-builder-el-2  el_after_av_one_full  el_before_av_one_full  column-top-margin\" style='border-radius:0px; '><section class=\"av_textblock_section \"  itemscope=\"itemscope\" itemtype=\"https:\/\/schema.org\/BlogPosting\" itemprop=\"blogPost\" ><div class='avia_textblock  '   itemprop=\"text\" ><p style=\"text-align: center;\"><strong><span style=\"font-size: 18pt;\">Decomisan m\u00e1s de 7 toneladas de mariscos que resultaron positivos a Marea Roja<\/span><\/strong><\/p>\n<div id=\"gtx-trans\" style=\"position: absolute; left: -50px; top: 4.31534px;\">\n<div class=\"gtx-trans-icon\"><\/div>\n<\/div>\n<\/div><\/section><\/div><div class=\"flex_column av_one_full  flex_column_div av-zero-column-padding first  avia-builder-el-4  el_after_av_one_full  el_before_av_hr  column-top-margin\" style='border-radius:0px; '><section class=\"av_textblock_section \"  itemscope=\"itemscope\" itemtype=\"https:\/\/schema.org\/BlogPosting\" itemprop=\"blogPost\" ><div class='avia_textblock  '   itemprop=\"text\" ><p style=\"text-align: justify;\"><em>La medida se comenz\u00f3 a ejecutar luego que el Laboratorio de Salud P\u00fablica de la Seremi de Salud, detectara en un an\u00e1lisis preventivo la presencia de la toxina diarreica en 260 mallas de mariscos que esperaban su comercializaci\u00f3n durante Semana Santa.<\/em><\/p>\n<p style=\"text-align: justify;\">Constantemente, el Laboratorio de Salud P\u00fablica de la Seremi de Salud Ays\u00e9n realiza an\u00e1lisis de mariscos que buscan ser comercializados en la regi\u00f3n, acciones que durante esta semana arrojaron la presencia positiva a la toxina de veneno diarreico en productos que fueron sustra\u00eddos desde el litoral aisenino, lo que gener\u00f3 se activaran los dispositivos para dar inicio al retiro y posterior destrucci\u00f3n de estos productos.<\/p>\n<p style=\"text-align: justify;\">La informaci\u00f3n la dio a conocer la Seremi de Salud, Carmen Monsalve G\u00f3mez.\u00a0 \u201cA trav\u00e9s de un trabajo coordinado de todas las instituciones que forman parte del Comit\u00e9 Regional de Marea Roja, se esta llevando a cabo el decomiso de 7 mil 800 kilos de mariscos que hab\u00edan sido extra\u00eddos desde el litoral de Ays\u00e9n, y cuyas muestras resultaron positivo a la toxina del veneno diarreico luego de ser analizadas por el Laboratorio de Salud P\u00fablica de la Seremi de Salud en Puerto Ays\u00e9n. Es importante mencionar que estos productos se encontraban a la espera de la autorizaci\u00f3n sanitaria para su comercializaci\u00f3n, por lo que no estaban a disposici\u00f3n de la comunidad, correspondiendo ahora su retiro de las pescader\u00edas y embarcaciones, para su posterior disposici\u00f3n, con el fin de resguardar la salud de nuestras comunidades durante las festividades de Semana Santa\u201d.<\/p>\n<p style=\"text-align: justify;\">En lo que va corrido de este a\u00f1o, la cantidad de maricos decomisados alcanza a los 8 mil 280 kilos. De esta forma, se reitera el llamado a la comunidad de consumir y adquirir productos mariscos solo en el comercio establecido, el cual debe adem\u00e1s contar con la autorizaci\u00f3n sanitaria actualizada, y en un lugar visible a la poblaci\u00f3n.<\/p>\n<p style=\"text-align: justify;\">Por \u00faltimo, es importante mencionar que el Comit\u00e9 Regional de Marea Roja opera a lo largo de todo el a\u00f1o \u2013 y con mayor refuerzo en Semana Santa- donde diversas instituciones como la Delegaci\u00f3n Provincial de Ays\u00e9n, la Seremi de Salud, Carabineros, SERNAPESCA, Armada de Chile, Aduana y el Servicio de Impuestos Internos, entre otros, desarrollan acciones de preventivas, de fiscalizaci\u00f3n y educaci\u00f3n.<\/p>\n<\/div><\/section><\/div><div  style='height:50px' class='hr hr-invisible   avia-builder-el-6  el_after_av_one_full  el_before_av_social_share '><span class='hr-inner ' ><span class='hr-inner-style'><\/span><\/span><\/div><\/p>\n<div  class='av-social-sharing-box  avia-builder-el-7  el_after_av_hr  el_before_av_hr  '><div class='av-share-box'><h5 class='av-share-link-description av-no-toc '>Compartir esta noticia<\/h5><ul class='av-share-box-list noLightbox'><li class='av-share-link av-social-link-facebook' ><a target=\"_blank\" aria-label=\"Compartir en Facebook\" href='https:\/\/www.facebook.com\/sharer.php?u=https:\/\/radiorevelacionfm.cl\/?p=40783&#038;t=Decomisan%20m%C3%A1s%20de%207%20toneladas%20de%20mariscos%20que%20resultaron%20positivos%20a%20Marea%20Roja' aria-hidden='false' data-av_icon='\ue8f3' data-av_iconfont='entypo-fontello' title='' data-avia-related-tooltip='Compartir en Facebook' rel=\"noopener\"><span class='avia_hidden_link_text'>Compartir en Facebook<\/span><\/a><\/li><li class='av-share-link av-social-link-twitter' ><a target=\"_blank\" aria-label=\"Compartir en Twitter\" href='https:\/\/twitter.com\/share?text=Decomisan%20m%C3%A1s%20de%207%20toneladas%20de%20mariscos%20que%20resultaron%20positivos%20a%20Marea%20Roja&#038;url=https:\/\/radiorevelacionfm.cl\/?p=40783' aria-hidden='false' data-av_icon='\ue8f1' data-av_iconfont='entypo-fontello' title='' data-avia-related-tooltip='Compartir en Twitter' rel=\"noopener\"><span class='avia_hidden_link_text'>Compartir en Twitter<\/span><\/a><\/li><li class='av-share-link av-social-link-whatsapp' ><a target=\"_blank\" aria-label=\"Compartir en Whatsapp\" href='https:\/\/api.whatsapp.com\/send?text=https:\/\/radiorevelacionfm.cl\/?p=40783' aria-hidden='false' data-av_icon='\uf232' data-av_iconfont='entypo-fontello' title='' data-avia-related-tooltip='Compartir en Whatsapp' rel=\"noopener\"><span class='avia_hidden_link_text'>Compartir en Whatsapp<\/span><\/a><\/li><li class='av-share-link av-social-link-linkedin' ><a target=\"_blank\" aria-label=\"Compartir en LinkedIn\" href='https:\/\/linkedin.com\/shareArticle?mini=true&#038;title=Decomisan%20m%C3%A1s%20de%207%20toneladas%20de%20mariscos%20que%20resultaron%20positivos%20a%20Marea%20Roja&#038;url=https:\/\/radiorevelacionfm.cl\/?p=40783' aria-hidden='false' data-av_icon='\ue8fc' data-av_iconfont='entypo-fontello' title='' data-avia-related-tooltip='Compartir en LinkedIn' rel=\"noopener\"><span class='avia_hidden_link_text'>Compartir en LinkedIn<\/span><\/a><\/li><li class='av-share-link av-social-link-mail' ><a  aria-label=\"Compartir por correo\" href='mailto:?subject=Decomisan%20m%C3%A1s%20de%207%20toneladas%20de%20mariscos%20que%20resultaron%20positivos%20a%20Marea%20Roja&#038;body=https:\/\/radiorevelacionfm.cl\/?p=40783' aria-hidden='false' data-av_icon='\ue805' data-av_iconfont='entypo-fontello' title='' data-avia-related-tooltip='Compartir por correo'><span class='avia_hidden_link_text'>Compartir por correo<\/span><\/a><\/li><\/ul><\/div><\/div>\n<div  style='height:50px' class='hr hr-invisible   avia-builder-el-8  el_after_av_social_share  el_before_av_comments_list '><span class='hr-inner ' ><span class='hr-inner-style'><\/span><\/span><\/div>\n<div  class='av-buildercomment  av-blog-meta-html-info-disabled av-blog-meta-tag-disabled  '><\/div>\n","protected":false},"excerpt":{"rendered":"","protected":false},"author":1,"featured_media":40784,"comment_status":"open","ping_status":"open","sticky":false,"template":"","format":"standard","meta":{"footnotes":""},"categories":[46],"tags":[],"class_list":["post-40783","post","type-post","status-publish","format-standard","has-post-thumbnail","hentry","category-salud"],"jetpack_featured_media_url":"https:\/\/radiorevelacionfm.cl\/wp-content\/uploads\/2024\/03\/Decomiso-Mariscos.jpeg","_links":{"self":[{"href":"https:\/\/radiorevelacionfm.cl\/index.php?rest_route=\/wp\/v2\/posts\/40783","targetHints":{"allow":["GET"]}}],"collection":[{"href":"https:\/\/radiorevelacionfm.cl\/index.php?rest_route=\/wp\/v2\/posts"}],"about":[{"href":"https:\/\/radiorevelacionfm.cl\/index.php?rest_route=\/wp\/v2\/types\/post"}],"author":[{"embeddable":true,"href":"https:\/\/radiorevelacionfm.cl\/index.php?rest_route=\/wp\/v2\/users\/1"}],"replies":[{"embeddable":true,"href":"https:\/\/radiorevelacionfm.cl\/index.php?rest_route=%2Fwp%2Fv2%2Fcomments&post=40783"}],"version-history":[{"count":1,"href":"https:\/\/radiorevelacionfm.cl\/index.php?rest_route=\/wp\/v2\/posts\/40783\/revisions"}],"predecessor-version":[{"id":40785,"href":"https:\/\/radiorevelacionfm.cl\/index.php?rest_route=\/wp\/v2\/posts\/40783\/revisions\/40785"}],"wp:featuredmedia":[{"embeddable":true,"href":"https:\/\/radiorevelacionfm.cl\/index.php?rest_route=\/wp\/v2\/media\/40784"}],"wp:attachment":[{"href":"https:\/\/radiorevelacionfm.cl\/index.php?rest_route=%2Fwp%2Fv2%2Fmedia&parent=40783"}],"wp:term":[{"taxonomy":"category","embeddable":true,"href":"https:\/\/radiorevelacionfm.cl\/index.php?rest_route=%2Fwp%2Fv2%2Fcategories&post=40783"},{"taxonomy":"post_tag","embeddable":true,"href":"https:\/\/radiorevelacionfm.cl\/index.php?rest_route=%2Fwp%2Fv2%2Ftags&post=40783"}],"curies":[{"name":"wp","href":"https:\/\/api.w.org\/{rel}","templated":true}]}}