{"id":40777,"date":"2024-03-27T15:21:48","date_gmt":"2024-03-27T18:21:48","guid":{"rendered":"https:\/\/radiorevelacionfm.cl\/?p=40777"},"modified":"2024-03-27T19:15:29","modified_gmt":"2024-03-27T22:15:29","slug":"decretan-prision-preventiva-de-imputados-por-homicidio-en-puerto-chacabuco","status":"publish","type":"post","link":"https:\/\/radiorevelacionfm.cl\/?p=40777","title":{"rendered":"Decretan prisi\u00f3n preventiva de imputados por homicidio de Daniel Chiguay Chiguay en Puerto Chacabuco"},"content":{"rendered":"<div class=\"flex_column av_one_full  flex_column_div av-zero-column-padding first  avia-builder-el-0  el_before_av_one_full  avia-builder-el-first  \" style='border-radius:0px; '><div  class='avia-image-container  av-styling-    avia-builder-el-1  avia-builder-el-no-sibling  avia-align-center '  itemprop=\"image\" itemscope=\"itemscope\" itemtype=\"https:\/\/schema.org\/ImageObject\"  ><div class='avia-image-container-inner'><div class='avia-image-overlay-wrap'><img decoding=\"async\" class='wp-image-40780 avia-img-lazy-loading-not-40780 avia_image' src=\"https:\/\/radiorevelacionfm.cl\/wp-content\/uploads\/2024\/03\/Nave-Carlos-2-1-1.jpg\" alt='' title='Nave Carlos 2 (1) (1)' height=\"600\" width=\"800\"  itemprop=\"thumbnailUrl\" srcset=\"https:\/\/radiorevelacionfm.cl\/wp-content\/uploads\/2024\/03\/Nave-Carlos-2-1-1.jpg 800w, https:\/\/radiorevelacionfm.cl\/wp-content\/uploads\/2024\/03\/Nave-Carlos-2-1-1-300x225.jpg 300w, https:\/\/radiorevelacionfm.cl\/wp-content\/uploads\/2024\/03\/Nave-Carlos-2-1-1-768x576.jpg 768w, https:\/\/radiorevelacionfm.cl\/wp-content\/uploads\/2024\/03\/Nave-Carlos-2-1-1-705x529.jpg 705w, https:\/\/radiorevelacionfm.cl\/wp-content\/uploads\/2024\/03\/Nave-Carlos-2-1-1-450x338.jpg 450w, https:\/\/radiorevelacionfm.cl\/wp-content\/uploads\/2024\/03\/Nave-Carlos-2-1-1-600x450.jpg 600w\" sizes=\"(max-width: 800px) 100vw, 800px\" \/><\/div><\/div><\/div><\/div>\n<div class=\"flex_column av_one_full  flex_column_div av-zero-column-padding first  avia-builder-el-2  el_after_av_one_full  el_before_av_one_full  column-top-margin\" style='border-radius:0px; '><section class=\"av_textblock_section \"  itemscope=\"itemscope\" itemtype=\"https:\/\/schema.org\/BlogPosting\" itemprop=\"blogPost\" ><div class='avia_textblock  '   itemprop=\"text\" ><p style=\"text-align: center;\"><strong><span style=\"font-size: 18pt;\">Decretan prisi\u00f3n preventiva de imputados por homicidio de Daniel Chiguay Chiguay en Puerto Chacabuco<\/span><\/strong><\/p>\n<div id=\"gtx-trans\" style=\"position: absolute; left: -50px; top: 4.31534px;\">\n<div class=\"gtx-trans-icon\"><\/div>\n<\/div>\n<\/div><\/section><\/div>\n<div class=\"flex_column av_one_full  flex_column_div av-zero-column-padding first  avia-builder-el-4  el_after_av_one_full  el_before_av_hr  column-top-margin\" style='border-radius:0px; '><section class=\"av_textblock_section \"  itemscope=\"itemscope\" itemtype=\"https:\/\/schema.org\/BlogPosting\" itemprop=\"blogPost\" ><div class='avia_textblock  '   itemprop=\"text\" ><p class=\"v1MsoNormal\" style=\"text-align: justify;\">La Corte de Coyhaique acogi\u00f3 hoy \u2013mi\u00e9rcoles 27 de marzo\u2013 el recurso de apelaci\u00f3n presentado por el Ministerio P\u00fablico y decret\u00f3 la prisi\u00f3n preventiva de Rodrigo Alejandro D\u00famenez G\u00f3mez y Edison Hern\u00e1n Ch\u00e1vez Mansilla, imputados como autores del delito consumado de homicidio simple. Il\u00edcito perpetrado a principios de mes, en la bah\u00eda de Puerto Chacabuco.<\/p>\n<p class=\"v1MsoNormal\" style=\"text-align: justify;\">En fallo un\u00e1nime (causa rol 146-2024),\u00a0la Primera Sala del tribunal de alzada \u2013integrada por los ministros Luis Aedo Mora, Pedro Castro Espinoza, Jos\u00e9 Ignacio Mora Trujillo y Natalia Rencoret Oliva\u2013 revoc\u00f3 la resoluci\u00f3n apelada, dictada por el Juzgado de Garant\u00eda de Puerto Ays\u00e9n, que dej\u00f3 sujetos a arresto domiciliario a los imputados.<\/p>\n<p class=\"v1MsoNormal\" style=\"text-align: justify;\">\u00ab(&#8230;) teniendo presente que de los antecedentes de la investigaci\u00f3n que el Ministerio P\u00fablico ha dado a conocer en esta audiencia adem\u00e1s de los que obran en la presente causa, concurren elementos de juicio que justifican, en este estadio procesal, la existencia del delito que se investiga as\u00ed como la participaci\u00f3n que ha cabido a los encartados en \u00e9l; asimismo, considerando la gravedad de la pena asignada al il\u00edcito y su forma de comisi\u00f3n, se ha estimado que la libertad de los imputados constituye un peligro para la seguridad de la \u00a0sociedad, en la forma que prescribe la letra c) del art\u00edculo 140 del C\u00f3digo Procesal Penal, motivos por los cuales y atendido lo dispuesto en los art\u00edculos 122, 139 y 140, del C\u00f3digo Procesal Penal, <b>SE REVOCA<\/b>\u00a0la resoluci\u00f3n dictada en la audiencia de 26 de marzo de 2024, por el juez titular del Juzgado de Garant\u00eda de Ays\u00e9n, en virtud de la cual no hizo lugar a decretar la prisi\u00f3n preventiva de los imputados Rodrigo Alejandro D\u00famenez G\u00f3mez y Edison Hern\u00e1n Ch\u00e1vez Mansilla y, en su lugar, se resuelve que se dispone dicha medida cautelar en su contra\u00bb, consigna el fallo.<\/p>\n<p class=\"v1MsoNormal\" style=\"text-align: justify;\">Seg\u00fan el ente persecutor, en horas de la madrugada del s\u00e1bado 9 de marzo de 2024, en el interior del puente de mando de la embarcaci\u00f3n Carlos II, la que se manten\u00eda en un centro de cultivo ubicado en el sector Punta Oeste de la bah\u00eda de Puerto Chacabuco, comuna de Ays\u00e9n, los imputados agredieron a la v\u00edctima, Daniel Chiguay Chiguay, tras mantener una discusi\u00f3n generada por el consumo de alcohol y drogas, utilizando elementos contundentes con los cuales le propinaron golpes en diversas partes del cuerpo, especialmente en la cabeza. Agresi\u00f3n que continuaron en la cubierta de la embarcaci\u00f3n, desde donde, finalmente, lanzaron a la v\u00edctima al agua, provoc\u00e1ndole la muerte por asfixia por sumersi\u00f3n.<\/p>\n<p class=\"v1MsoNormal\" style=\"text-align: justify;\">En la causa, quedaron con las cautelares de firma y arraigo nacional, los imputados en\u00a0calidad de encubridores\u00a0del delito, los tripulantes Marcelo Alejandro Mill\u00e1n Ruiz, Alberto Rolando Mill\u00e1n Ruiz, Alexis Eduardo Mansilla Mayorga, Jos\u00e9 Heriberto Tureuna Ag\u00fcero y Sergio Alfredo Oyarzo Raicahuin.<\/p>\n<\/div><\/section><\/div><div  style='height:50px' class='hr hr-invisible   avia-builder-el-6  el_after_av_one_full  el_before_av_social_share '><span class='hr-inner ' ><span class='hr-inner-style'><\/span><\/span><\/div><\/p>\n<div  class='av-social-sharing-box  avia-builder-el-7  el_after_av_hr  el_before_av_hr  '><div class='av-share-box'><h5 class='av-share-link-description av-no-toc '>Compartir esta noticia<\/h5><ul class='av-share-box-list noLightbox'><li class='av-share-link av-social-link-facebook' ><a target=\"_blank\" aria-label=\"Compartir en Facebook\" href='https:\/\/www.facebook.com\/sharer.php?u=https:\/\/radiorevelacionfm.cl\/?p=40777&#038;t=Decretan%20prisi%C3%B3n%20preventiva%20de%20imputados%20por%20homicidio%20de%20Daniel%20Chiguay%20Chiguay%20en%20Puerto%20Chacabuco' aria-hidden='false' data-av_icon='\ue8f3' data-av_iconfont='entypo-fontello' title='' data-avia-related-tooltip='Compartir en Facebook' rel=\"noopener\"><span class='avia_hidden_link_text'>Compartir en Facebook<\/span><\/a><\/li><li class='av-share-link av-social-link-twitter' ><a target=\"_blank\" aria-label=\"Compartir en Twitter\" href='https:\/\/twitter.com\/share?text=Decretan%20prisi%C3%B3n%20preventiva%20de%20imputados%20por%20homicidio%20de%20Daniel%20Chiguay%20Chiguay%20en%20Puerto%20Chacabuco&#038;url=https:\/\/radiorevelacionfm.cl\/?p=40777' aria-hidden='false' data-av_icon='\ue8f1' data-av_iconfont='entypo-fontello' title='' data-avia-related-tooltip='Compartir en Twitter' rel=\"noopener\"><span class='avia_hidden_link_text'>Compartir en Twitter<\/span><\/a><\/li><li class='av-share-link av-social-link-whatsapp' ><a target=\"_blank\" aria-label=\"Compartir en Whatsapp\" href='https:\/\/api.whatsapp.com\/send?text=https:\/\/radiorevelacionfm.cl\/?p=40777' aria-hidden='false' data-av_icon='\uf232' data-av_iconfont='entypo-fontello' title='' data-avia-related-tooltip='Compartir en Whatsapp' rel=\"noopener\"><span class='avia_hidden_link_text'>Compartir en Whatsapp<\/span><\/a><\/li><li class='av-share-link av-social-link-linkedin' ><a target=\"_blank\" aria-label=\"Compartir en LinkedIn\" href='https:\/\/linkedin.com\/shareArticle?mini=true&#038;title=Decretan%20prisi%C3%B3n%20preventiva%20de%20imputados%20por%20homicidio%20de%20Daniel%20Chiguay%20Chiguay%20en%20Puerto%20Chacabuco&#038;url=https:\/\/radiorevelacionfm.cl\/?p=40777' aria-hidden='false' data-av_icon='\ue8fc' data-av_iconfont='entypo-fontello' title='' data-avia-related-tooltip='Compartir en LinkedIn' rel=\"noopener\"><span class='avia_hidden_link_text'>Compartir en LinkedIn<\/span><\/a><\/li><li class='av-share-link av-social-link-mail' ><a  aria-label=\"Compartir por correo\" href='mailto:?subject=Decretan%20prisi%C3%B3n%20preventiva%20de%20imputados%20por%20homicidio%20de%20Daniel%20Chiguay%20Chiguay%20en%20Puerto%20Chacabuco&#038;body=https:\/\/radiorevelacionfm.cl\/?p=40777' aria-hidden='false' data-av_icon='\ue805' data-av_iconfont='entypo-fontello' title='' data-avia-related-tooltip='Compartir por correo'><span class='avia_hidden_link_text'>Compartir por correo<\/span><\/a><\/li><\/ul><\/div><\/div>\n<div  style='height:50px' class='hr hr-invisible   avia-builder-el-8  el_after_av_social_share  el_before_av_comments_list '><span class='hr-inner ' ><span class='hr-inner-style'><\/span><\/span><\/div>\n<div  class='av-buildercomment  av-blog-meta-html-info-disabled av-blog-meta-tag-disabled  '><\/div>\n","protected":false},"excerpt":{"rendered":"","protected":false},"author":1,"featured_media":40780,"comment_status":"open","ping_status":"open","sticky":false,"template":"","format":"standard","meta":{"footnotes":""},"categories":[55],"tags":[],"class_list":["post-40777","post","type-post","status-publish","format-standard","has-post-thumbnail","hentry","category-justicia"],"jetpack_featured_media_url":"https:\/\/radiorevelacionfm.cl\/wp-content\/uploads\/2024\/03\/Nave-Carlos-2-1-1.jpg","_links":{"self":[{"href":"https:\/\/radiorevelacionfm.cl\/index.php?rest_route=\/wp\/v2\/posts\/40777","targetHints":{"allow":["GET"]}}],"collection":[{"href":"https:\/\/radiorevelacionfm.cl\/index.php?rest_route=\/wp\/v2\/posts"}],"about":[{"href":"https:\/\/radiorevelacionfm.cl\/index.php?rest_route=\/wp\/v2\/types\/post"}],"author":[{"embeddable":true,"href":"https:\/\/radiorevelacionfm.cl\/index.php?rest_route=\/wp\/v2\/users\/1"}],"replies":[{"embeddable":true,"href":"https:\/\/radiorevelacionfm.cl\/index.php?rest_route=%2Fwp%2Fv2%2Fcomments&post=40777"}],"version-history":[{"count":4,"href":"https:\/\/radiorevelacionfm.cl\/index.php?rest_route=\/wp\/v2\/posts\/40777\/revisions"}],"predecessor-version":[{"id":40786,"href":"https:\/\/radiorevelacionfm.cl\/index.php?rest_route=\/wp\/v2\/posts\/40777\/revisions\/40786"}],"wp:featuredmedia":[{"embeddable":true,"href":"https:\/\/radiorevelacionfm.cl\/index.php?rest_route=\/wp\/v2\/media\/40780"}],"wp:attachment":[{"href":"https:\/\/radiorevelacionfm.cl\/index.php?rest_route=%2Fwp%2Fv2%2Fmedia&parent=40777"}],"wp:term":[{"taxonomy":"category","embeddable":true,"href":"https:\/\/radiorevelacionfm.cl\/index.php?rest_route=%2Fwp%2Fv2%2Fcategories&post=40777"},{"taxonomy":"post_tag","embeddable":true,"href":"https:\/\/radiorevelacionfm.cl\/index.php?rest_route=%2Fwp%2Fv2%2Ftags&post=40777"}],"curies":[{"name":"wp","href":"https:\/\/api.w.org\/{rel}","templated":true}]}}