{"id":40774,"date":"2024-03-30T15:28:45","date_gmt":"2024-03-30T18:28:45","guid":{"rendered":"https:\/\/radiorevelacionfm.cl\/?p=40774"},"modified":"2024-04-07T23:27:12","modified_gmt":"2024-04-08T02:27:12","slug":"radios-comunitarias-de-la-region-podran-fortalecer-sus-capacidades-gracias-a-proyecto-de-cooperacion-bilateral-con-mexico","status":"publish","type":"post","link":"https:\/\/radiorevelacionfm.cl\/?p=40774","title":{"rendered":"Radios comunitarias de la regi\u00f3n podr\u00e1n fortalecer sus capacidades gracias a proyecto de cooperaci\u00f3n bilateral con M\u00e9xico"},"content":{"rendered":"<div class=\"flex_column av_one_full  flex_column_div av-zero-column-padding first  avia-builder-el-0  el_before_av_one_full  avia-builder-el-first  \" style='border-radius:0px; '><div  class='avia-image-container  av-styling-    avia-builder-el-1  avia-builder-el-no-sibling  avia-align-center '  itemprop=\"image\" itemscope=\"itemscope\" itemtype=\"https:\/\/schema.org\/ImageObject\"  ><div class='avia-image-container-inner'><div class='avia-image-overlay-wrap'><img decoding=\"async\" class='wp-image-40775 avia-img-lazy-loading-not-40775 avia_image' src=\"https:\/\/radiorevelacionfm.cl\/wp-content\/uploads\/2024\/03\/1-78-1_optimized.jpg\" alt='' title='1-(78)-(1)_optimized' height=\"600\" width=\"899\"  itemprop=\"thumbnailUrl\" srcset=\"https:\/\/radiorevelacionfm.cl\/wp-content\/uploads\/2024\/03\/1-78-1_optimized.jpg 899w, https:\/\/radiorevelacionfm.cl\/wp-content\/uploads\/2024\/03\/1-78-1_optimized-300x200.jpg 300w, https:\/\/radiorevelacionfm.cl\/wp-content\/uploads\/2024\/03\/1-78-1_optimized-768x513.jpg 768w, https:\/\/radiorevelacionfm.cl\/wp-content\/uploads\/2024\/03\/1-78-1_optimized-705x471.jpg 705w, https:\/\/radiorevelacionfm.cl\/wp-content\/uploads\/2024\/03\/1-78-1_optimized-450x300.jpg 450w, https:\/\/radiorevelacionfm.cl\/wp-content\/uploads\/2024\/03\/1-78-1_optimized-600x400.jpg 600w\" sizes=\"(max-width: 899px) 100vw, 899px\" \/><\/div><\/div><\/div><\/div><div class=\"flex_column av_one_full  flex_column_div av-zero-column-padding first  avia-builder-el-2  el_after_av_one_full  el_before_av_one_full  column-top-margin\" style='border-radius:0px; '><section class=\"av_textblock_section \"  itemscope=\"itemscope\" itemtype=\"https:\/\/schema.org\/BlogPosting\" itemprop=\"blogPost\" ><div class='avia_textblock  '   itemprop=\"text\" ><p style=\"text-align: center;\"><strong><span style=\"font-size: 18pt;\">Radios comunitarias de la regi\u00f3n podr\u00e1n fortalecer sus capacidades gracias a proyecto de cooperaci\u00f3n bilateral con M\u00e9xico<\/span><\/strong><\/p>\n<div id=\"gtx-trans\" style=\"position: absolute; left: -50px; top: 4.31534px;\">\n<div class=\"gtx-trans-icon\"><\/div>\n<\/div>\n<\/div><\/section><\/div><div class=\"flex_column av_one_full  flex_column_div av-zero-column-padding first  avia-builder-el-4  el_after_av_one_full  el_before_av_hr  column-top-margin\" style='border-radius:0px; '><section class=\"av_textblock_section \"  itemscope=\"itemscope\" itemtype=\"https:\/\/schema.org\/BlogPosting\" itemprop=\"blogPost\" ><div class='avia_textblock  '   itemprop=\"text\" ><p style=\"text-align: justify;\">Cerca de 400 radios comunitarias a lo largo de todo el pa\u00eds ser\u00e1n potencialmente beneficiadas con un proyecto que busca fortalecer la labor de estos medios en Chile, incorporando la experiencia de M\u00e9xico en este \u00e1mbito. Este proyecto se enmarca en la agenda de fortalecimiento de medios del Ministerio Secretar\u00eda General de Gobierno, y consistir\u00e1 en una serie de capacitaciones, encuentros, seminarios y una caracterizaci\u00f3n sobre el panorama de la radiodifusi\u00f3n comunitaria en Chile.<\/p>\n<p style=\"text-align: justify;\">La subsecretaria de la Secretar\u00eda General de Gobierno, Nicole Cardoch, afirm\u00f3 que \u201cpara nosotros, como Ministerio de la Secretar\u00eda General de Gobierno, hoy es un d\u00eda muy importante ya que el proyecto de fortalecimiento de medios p\u00fablicos y comunitarios en M\u00e9xico y Chile, es de suma relevancia, pues se enmarca en uno de los principales ejes de nuestro trabajo, el fortalecimiento del ecosistema de medios de comunicaci\u00f3n\u201d. Sobre el alcance del proyecto, la autoridad destac\u00f3 que \u201cMuchas veces tendemos a quedarnos en los diagn\u00f3sticos, por eso, el foco de este proyecto est\u00e1 puesto en la capacitaci\u00f3n, en entregar experiencias concretas de aprendizaje e intercambio que les faciliten su quehacer diario\u201d, expres\u00f3.<\/p>\n<p style=\"text-align: justify;\">\u201cPara nuestra regi\u00f3n de Ays\u00e9n, la radio es un medio de comunicaci\u00f3n de gran relevancia, ya que nos permite llegar con la informaci\u00f3n a los lugares m\u00e1s apartados y rec\u00f3nditos de nuestro territorio. Por esta raz\u00f3n, nos parece muy relevante que se den instancias como \u00e9stas, donde las radios comunitarias puedan tener la posibilidad de adquirir herramientas que les permitan crecer, mejorar y desarrollar capacidades que a\u00fan no han podido adquirir y cumplir de mejor forma su labor de informar a las comunidades\u201d, asever\u00f3 la seremi de Gobierno de Ays\u00e9n, Tatiana Pl\u00e1.<\/p>\n<p style=\"text-align: justify;\">Por su parte, el prorrector de la Universidad Diego Portales, Crist\u00f3bal Mar\u00edn, se\u00f1al\u00f3 que \u201ccooperar con el fortalecimiento de los medios comunitarios, especialmente las radios, es robustecer la democracia en dos de sus dimensiones m\u00e1s importantes. En primer lugar en su dimensi\u00f3n deliberativa. Esta requiere de la confrontaci\u00f3n permanente de m\u00faltiples puntos de vista y opiniones. En segundo lugar, los medios y redes de comunicaci\u00f3n, y especialmente los medios comunitarios, fortalecen otra dimensi\u00f3n de la democracia que a veces se olvida: el reconocimiento y visibilizaci\u00f3n de diferentes grupos, experiencias y formas de vida\u201d<\/p>\n<p style=\"text-align: justify;\">En la actividad tambi\u00e9n particip\u00f3 la embajadora de M\u00e9xico en Chile, Laura Moreno destac\u00f3 que \u201clo m\u00e1s importante es el fortalecimiento de la cooperaci\u00f3n que tenemos entre ambos pa\u00edses en muchas materias, pero particularmente en el tema de la comunicaci\u00f3n p\u00fablica es fundamental porque nos damos a conocer en otros niveles. Este tipo de convenios favorecen a las audiencias y a nuestros ciudadanos\u201d.<\/p>\n<p style=\"text-align: justify;\">La iniciativa es financiada por el Fondo Conjunto de Cooperaci\u00f3n Chile-M\u00e9xico, fruto del Acuerdo de Asociaci\u00f3n Estrat\u00e9gica firmado entre la Rep\u00fablica de Chile y los Estados Unidos Mexicanos en el a\u00f1o 2006.<\/p>\n<p style=\"text-align: justify;\">Si alg\u00fan medio se encuentra interesado, escribir un correo a <a href=\"mailto:paulina.schwaner@msgg.gob.cl\">paulina.schwaner@msgg.gob.cl<\/a><\/p>\n<\/div><\/section><\/div><div  style='height:50px' class='hr hr-invisible   avia-builder-el-6  el_after_av_one_full  el_before_av_social_share '><span class='hr-inner ' ><span class='hr-inner-style'><\/span><\/span><\/div><\/p>\n<div  class='av-social-sharing-box  avia-builder-el-7  el_after_av_hr  el_before_av_hr  '><div class='av-share-box'><h5 class='av-share-link-description av-no-toc '>Compartir esta noticia<\/h5><ul class='av-share-box-list noLightbox'><li class='av-share-link av-social-link-facebook' ><a target=\"_blank\" aria-label=\"Compartir en Facebook\" href='https:\/\/www.facebook.com\/sharer.php?u=https:\/\/radiorevelacionfm.cl\/?p=40774&#038;t=Radios%20comunitarias%20de%20la%20regi%C3%B3n%20podr%C3%A1n%20fortalecer%20sus%20capacidades%20gracias%20a%20proyecto%20de%20cooperaci%C3%B3n%20bilateral%20con%20M%C3%A9xico' aria-hidden='false' data-av_icon='\ue8f3' data-av_iconfont='entypo-fontello' title='' data-avia-related-tooltip='Compartir en Facebook' rel=\"noopener\"><span class='avia_hidden_link_text'>Compartir en Facebook<\/span><\/a><\/li><li class='av-share-link av-social-link-twitter' ><a target=\"_blank\" aria-label=\"Compartir en Twitter\" href='https:\/\/twitter.com\/share?text=Radios%20comunitarias%20de%20la%20regi%C3%B3n%20podr%C3%A1n%20fortalecer%20sus%20capacidades%20gracias%20a%20proyecto%20de%20cooperaci%C3%B3n%20bilateral%20con%20M%C3%A9xico&#038;url=https:\/\/radiorevelacionfm.cl\/?p=40774' aria-hidden='false' data-av_icon='\ue8f1' data-av_iconfont='entypo-fontello' title='' data-avia-related-tooltip='Compartir en Twitter' rel=\"noopener\"><span class='avia_hidden_link_text'>Compartir en Twitter<\/span><\/a><\/li><li class='av-share-link av-social-link-whatsapp' ><a target=\"_blank\" aria-label=\"Compartir en Whatsapp\" href='https:\/\/api.whatsapp.com\/send?text=https:\/\/radiorevelacionfm.cl\/?p=40774' aria-hidden='false' data-av_icon='\uf232' data-av_iconfont='entypo-fontello' title='' data-avia-related-tooltip='Compartir en Whatsapp' rel=\"noopener\"><span class='avia_hidden_link_text'>Compartir en Whatsapp<\/span><\/a><\/li><li class='av-share-link av-social-link-linkedin' ><a target=\"_blank\" aria-label=\"Compartir en LinkedIn\" href='https:\/\/linkedin.com\/shareArticle?mini=true&#038;title=Radios%20comunitarias%20de%20la%20regi%C3%B3n%20podr%C3%A1n%20fortalecer%20sus%20capacidades%20gracias%20a%20proyecto%20de%20cooperaci%C3%B3n%20bilateral%20con%20M%C3%A9xico&#038;url=https:\/\/radiorevelacionfm.cl\/?p=40774' aria-hidden='false' data-av_icon='\ue8fc' data-av_iconfont='entypo-fontello' title='' data-avia-related-tooltip='Compartir en LinkedIn' rel=\"noopener\"><span class='avia_hidden_link_text'>Compartir en LinkedIn<\/span><\/a><\/li><li class='av-share-link av-social-link-mail' ><a  aria-label=\"Compartir por correo\" href='mailto:?subject=Radios%20comunitarias%20de%20la%20regi%C3%B3n%20podr%C3%A1n%20fortalecer%20sus%20capacidades%20gracias%20a%20proyecto%20de%20cooperaci%C3%B3n%20bilateral%20con%20M%C3%A9xico&#038;body=https:\/\/radiorevelacionfm.cl\/?p=40774' aria-hidden='false' data-av_icon='\ue805' data-av_iconfont='entypo-fontello' title='' data-avia-related-tooltip='Compartir por correo'><span class='avia_hidden_link_text'>Compartir por correo<\/span><\/a><\/li><\/ul><\/div><\/div>\n<div  style='height:50px' class='hr hr-invisible   avia-builder-el-8  el_after_av_social_share  el_before_av_comments_list '><span class='hr-inner ' ><span class='hr-inner-style'><\/span><\/span><\/div>\n<div  class='av-buildercomment  av-blog-meta-html-info-disabled av-blog-meta-tag-disabled  '><\/div>\n","protected":false},"excerpt":{"rendered":"","protected":false},"author":1,"featured_media":40775,"comment_status":"open","ping_status":"open","sticky":false,"template":"","format":"standard","meta":{"footnotes":""},"categories":[38],"tags":[],"class_list":["post-40774","post","type-post","status-publish","format-standard","has-post-thumbnail","hentry","category-regional"],"jetpack_featured_media_url":"https:\/\/radiorevelacionfm.cl\/wp-content\/uploads\/2024\/03\/1-78-1_optimized.jpg","_links":{"self":[{"href":"https:\/\/radiorevelacionfm.cl\/index.php?rest_route=\/wp\/v2\/posts\/40774","targetHints":{"allow":["GET"]}}],"collection":[{"href":"https:\/\/radiorevelacionfm.cl\/index.php?rest_route=\/wp\/v2\/posts"}],"about":[{"href":"https:\/\/radiorevelacionfm.cl\/index.php?rest_route=\/wp\/v2\/types\/post"}],"author":[{"embeddable":true,"href":"https:\/\/radiorevelacionfm.cl\/index.php?rest_route=\/wp\/v2\/users\/1"}],"replies":[{"embeddable":true,"href":"https:\/\/radiorevelacionfm.cl\/index.php?rest_route=%2Fwp%2Fv2%2Fcomments&post=40774"}],"version-history":[{"count":1,"href":"https:\/\/radiorevelacionfm.cl\/index.php?rest_route=\/wp\/v2\/posts\/40774\/revisions"}],"predecessor-version":[{"id":40776,"href":"https:\/\/radiorevelacionfm.cl\/index.php?rest_route=\/wp\/v2\/posts\/40774\/revisions\/40776"}],"wp:featuredmedia":[{"embeddable":true,"href":"https:\/\/radiorevelacionfm.cl\/index.php?rest_route=\/wp\/v2\/media\/40775"}],"wp:attachment":[{"href":"https:\/\/radiorevelacionfm.cl\/index.php?rest_route=%2Fwp%2Fv2%2Fmedia&parent=40774"}],"wp:term":[{"taxonomy":"category","embeddable":true,"href":"https:\/\/radiorevelacionfm.cl\/index.php?rest_route=%2Fwp%2Fv2%2Fcategories&post=40774"},{"taxonomy":"post_tag","embeddable":true,"href":"https:\/\/radiorevelacionfm.cl\/index.php?rest_route=%2Fwp%2Fv2%2Ftags&post=40774"}],"curies":[{"name":"wp","href":"https:\/\/api.w.org\/{rel}","templated":true}]}}