{"id":40771,"date":"2024-03-28T11:13:27","date_gmt":"2024-03-28T14:13:27","guid":{"rendered":"https:\/\/radiorevelacionfm.cl\/?p=40771"},"modified":"2024-03-28T11:13:27","modified_gmt":"2024-03-28T14:13:27","slug":"par-explora-aysen-invita-a-la-comunidad-cientifica-a-asesorar-un-equipo-de-investigacion-e-innovacion-escolar","status":"publish","type":"post","link":"https:\/\/radiorevelacionfm.cl\/?p=40771","title":{"rendered":"PAR Explora Ays\u00e9n invita a la comunidad cient\u00edfica a asesorar un equipo de investigaci\u00f3n e innovaci\u00f3n escolar"},"content":{"rendered":"<div class=\"flex_column av_one_full  flex_column_div av-zero-column-padding first  avia-builder-el-0  el_before_av_one_full  avia-builder-el-first  \" style='border-radius:0px; '><div  class='avia-image-container  av-styling-    avia-builder-el-1  avia-builder-el-no-sibling  avia-align-center '  itemprop=\"image\" itemscope=\"itemscope\" itemtype=\"https:\/\/schema.org\/ImageObject\"  ><div class='avia-image-container-inner'><div class='avia-image-overlay-wrap'><img decoding=\"async\" class='wp-image-40772 avia-img-lazy-loading-not-40772 avia_image' src=\"https:\/\/radiorevelacionfm.cl\/wp-content\/uploads\/2024\/03\/iie1-1_optimized-1.jpg\" alt='' title='iie1-(1)_optimized (1)' height=\"600\" width=\"800\"  itemprop=\"thumbnailUrl\" srcset=\"https:\/\/radiorevelacionfm.cl\/wp-content\/uploads\/2024\/03\/iie1-1_optimized-1.jpg 800w, https:\/\/radiorevelacionfm.cl\/wp-content\/uploads\/2024\/03\/iie1-1_optimized-1-300x225.jpg 300w, https:\/\/radiorevelacionfm.cl\/wp-content\/uploads\/2024\/03\/iie1-1_optimized-1-768x576.jpg 768w, https:\/\/radiorevelacionfm.cl\/wp-content\/uploads\/2024\/03\/iie1-1_optimized-1-705x529.jpg 705w, https:\/\/radiorevelacionfm.cl\/wp-content\/uploads\/2024\/03\/iie1-1_optimized-1-450x338.jpg 450w, https:\/\/radiorevelacionfm.cl\/wp-content\/uploads\/2024\/03\/iie1-1_optimized-1-600x450.jpg 600w\" sizes=\"(max-width: 800px) 100vw, 800px\" \/><\/div><\/div><\/div><\/div><div class=\"flex_column av_one_full  flex_column_div av-zero-column-padding first  avia-builder-el-2  el_after_av_one_full  el_before_av_one_full  column-top-margin\" style='border-radius:0px; '><section class=\"av_textblock_section \"  itemscope=\"itemscope\" itemtype=\"https:\/\/schema.org\/BlogPosting\" itemprop=\"blogPost\" ><div class='avia_textblock  '   itemprop=\"text\" ><p style=\"text-align: center;\"><span style=\"font-size: 18pt;\"><strong>PAR Explora Ays\u00e9n invita a la comunidad cient\u00edfica a asesorar un equipo de investigaci\u00f3n e innovaci\u00f3n escolar<\/strong><\/span><\/p>\n<div id=\"gtx-trans\" style=\"position: absolute; left: -50px; top: 4.31534px;\">\n<div class=\"gtx-trans-icon\"><\/div>\n<\/div>\n<\/div><\/section><\/div><div class=\"flex_column av_one_full  flex_column_div av-zero-column-padding first  avia-builder-el-4  el_after_av_one_full  el_before_av_hr  column-top-margin\" style='border-radius:0px; '><section class=\"av_textblock_section \"  itemscope=\"itemscope\" itemtype=\"https:\/\/schema.org\/BlogPosting\" itemprop=\"blogPost\" ><div class='avia_textblock  '   itemprop=\"text\" ><p style=\"text-align: justify;\"><em>La convocatoria estar\u00e1 abierta hasta el 12 de abril y busca establecer v\u00ednculos entre la comunidad cient\u00edfica y estudiantes de educaci\u00f3n b\u00e1sica y media de la regi\u00f3n de Ays\u00e9n, que este a\u00f1o formar\u00e1n parte del Programa de Investigaci\u00f3n e Innovaci\u00f3n Escolar, IIE.<\/em><\/p>\n<p style=\"text-align: justify;\">Treinta y nueve equipos escolares de ense\u00f1anza b\u00e1sica y media de 11 localidades de la regi\u00f3n de Ays\u00e9n se sumaron a la convocatoria 2024 del Programa de Investigaci\u00f3n e Innovaci\u00f3n Escolar, IIE, impulsado por el Proyecto Explora Ays\u00e9n del Ministerio de Ciencia y la Universidad Austral de Chile, Campus Patagonia.<\/p>\n<p style=\"text-align: justify;\">El Programa incluir\u00e1 talleres sobre metodolog\u00eda de la investigaci\u00f3n e innovaci\u00f3n para las y los estudiantes, adem\u00e1s de espacios de socializaci\u00f3n, con el desaf\u00edo de que cada equipo avance en el desarrollo de un proyecto de investigaci\u00f3n o innovaci\u00f3n que aborde soluciones a problem\u00e1ticas o necesidades locales.<\/p>\n<p style=\"text-align: justify;\">Para enriquecer esta experiencia, el PAR Explora Ays\u00e9n invita a la comunidad cient\u00edfica a participar en la convocatoria de Asesor\u00edas Cient\u00edficas IIE 2024, la cual busca vincular profesionales del \u00e1mbito de las ciencias con la comunidad escolar, alineando sus \u00e1reas de estudio con las necesidades espec\u00edficas de cada equipo de investigaci\u00f3n o innovaci\u00f3n escolar.<\/p>\n<p style=\"text-align: justify;\">Pueden postular profesionales vinculados a la ciencia, tecnolog\u00eda, conocimiento e innovaci\u00f3n (CTCI) provenientes de universidades, centros de investigaci\u00f3n, instituciones p\u00fablicas y\/o privadas y ONG, que deseen asesorar a equipos en el dise\u00f1o y\/o desarrollo de sus proyectos.<\/p>\n<p style=\"text-align: justify;\">El Programa IIE propiciar\u00e1 el intercambio de experiencias entre las(os) asesoras(es) y los equipos en encuentros aut\u00f3nomos, presenciales y\/o virtuales, que permitan resolver inquietudes, entregar retroalimentaci\u00f3n te\u00f3rica y metodol\u00f3gica, y ampliar las t\u00e9cnicas de investigaci\u00f3n e innovaci\u00f3n cient\u00edfica escolar.<\/p>\n<p style=\"text-align: justify;\">\u201cEl compromiso y la participaci\u00f3n de las asesoras y los asesores cient\u00edficos complementa y enriquece el trabajo que realizamos como Proyecto, ya que permite que las comunidades escolares de Ays\u00e9n se vinculen con quienes trabajan en el \u00e1mbito cient\u00edfico regional, recibiendo orientaciones y consejos durante el desarrollo de sus proyectos, lo que impacta positivamente en sus desempe\u00f1os y tambi\u00e9n en sus motivaciones durante el Programa y, mejor a\u00fan, durante sus primeras experiencias en ciencias y en innovaci\u00f3n\u201d se\u00f1al\u00f3 Viviana Pizarro, directora del PAR Explora Ays\u00e9n.<\/p>\n<p style=\"text-align: justify;\">Las postulaciones de las Asesor\u00edas cient\u00edficas IIE 2024 estar\u00e1n abiertas entre el 25 de marzo y el 12 de abril, plazo en que las(os) interesadas(os) deber\u00e1n completar un sencillo formulario disponible en www.explora.cl\/aysen\/. Los resultados ser\u00e1n notificados el d\u00eda 26 de abril y quienes resulten seleccionadas(os) participar\u00e1n en un taller de inducci\u00f3n virtual programado para el 23 de mayo de 2024. Las consultas podr\u00e1n ser dirigidas a Javiera Beltr\u00e1n al correo javiera.beltran@uach.cl hasta el 5 de abril.<\/p>\n<\/div><\/section><\/div><div  style='height:50px' class='hr hr-invisible   avia-builder-el-6  el_after_av_one_full  el_before_av_social_share '><span class='hr-inner ' ><span class='hr-inner-style'><\/span><\/span><\/div><\/p>\n<div  class='av-social-sharing-box  avia-builder-el-7  el_after_av_hr  el_before_av_hr  '><div class='av-share-box'><h5 class='av-share-link-description av-no-toc '>Compartir esta noticia<\/h5><ul class='av-share-box-list noLightbox'><li class='av-share-link av-social-link-facebook' ><a target=\"_blank\" aria-label=\"Compartir en Facebook\" href='https:\/\/www.facebook.com\/sharer.php?u=https:\/\/radiorevelacionfm.cl\/?p=40771&#038;t=PAR%20Explora%20Ays%C3%A9n%20invita%20a%20la%20comunidad%20cient%C3%ADfica%20a%20asesorar%20un%20equipo%20de%20investigaci%C3%B3n%20e%20innovaci%C3%B3n%20escolar' aria-hidden='false' data-av_icon='\ue8f3' data-av_iconfont='entypo-fontello' title='' data-avia-related-tooltip='Compartir en Facebook' rel=\"noopener\"><span class='avia_hidden_link_text'>Compartir en Facebook<\/span><\/a><\/li><li class='av-share-link av-social-link-twitter' ><a target=\"_blank\" aria-label=\"Compartir en Twitter\" href='https:\/\/twitter.com\/share?text=PAR%20Explora%20Ays%C3%A9n%20invita%20a%20la%20comunidad%20cient%C3%ADfica%20a%20asesorar%20un%20equipo%20de%20investigaci%C3%B3n%20e%20innovaci%C3%B3n%20escolar&#038;url=https:\/\/radiorevelacionfm.cl\/?p=40771' aria-hidden='false' data-av_icon='\ue8f1' data-av_iconfont='entypo-fontello' title='' data-avia-related-tooltip='Compartir en Twitter' rel=\"noopener\"><span class='avia_hidden_link_text'>Compartir en Twitter<\/span><\/a><\/li><li class='av-share-link av-social-link-whatsapp' ><a target=\"_blank\" aria-label=\"Compartir en Whatsapp\" href='https:\/\/api.whatsapp.com\/send?text=https:\/\/radiorevelacionfm.cl\/?p=40771' aria-hidden='false' data-av_icon='\uf232' data-av_iconfont='entypo-fontello' title='' data-avia-related-tooltip='Compartir en Whatsapp' rel=\"noopener\"><span class='avia_hidden_link_text'>Compartir en Whatsapp<\/span><\/a><\/li><li class='av-share-link av-social-link-linkedin' ><a target=\"_blank\" aria-label=\"Compartir en LinkedIn\" href='https:\/\/linkedin.com\/shareArticle?mini=true&#038;title=PAR%20Explora%20Ays%C3%A9n%20invita%20a%20la%20comunidad%20cient%C3%ADfica%20a%20asesorar%20un%20equipo%20de%20investigaci%C3%B3n%20e%20innovaci%C3%B3n%20escolar&#038;url=https:\/\/radiorevelacionfm.cl\/?p=40771' aria-hidden='false' data-av_icon='\ue8fc' data-av_iconfont='entypo-fontello' title='' data-avia-related-tooltip='Compartir en LinkedIn' rel=\"noopener\"><span class='avia_hidden_link_text'>Compartir en LinkedIn<\/span><\/a><\/li><li class='av-share-link av-social-link-mail' ><a  aria-label=\"Compartir por correo\" href='mailto:?subject=PAR%20Explora%20Ays%C3%A9n%20invita%20a%20la%20comunidad%20cient%C3%ADfica%20a%20asesorar%20un%20equipo%20de%20investigaci%C3%B3n%20e%20innovaci%C3%B3n%20escolar&#038;body=https:\/\/radiorevelacionfm.cl\/?p=40771' aria-hidden='false' data-av_icon='\ue805' data-av_iconfont='entypo-fontello' title='' data-avia-related-tooltip='Compartir por correo'><span class='avia_hidden_link_text'>Compartir por correo<\/span><\/a><\/li><\/ul><\/div><\/div>\n<div  style='height:50px' class='hr hr-invisible   avia-builder-el-8  el_after_av_social_share  el_before_av_comments_list '><span class='hr-inner ' ><span class='hr-inner-style'><\/span><\/span><\/div>\n<div  class='av-buildercomment  av-blog-meta-html-info-disabled av-blog-meta-tag-disabled  '><\/div>\n","protected":false},"excerpt":{"rendered":"","protected":false},"author":1,"featured_media":40772,"comment_status":"open","ping_status":"open","sticky":false,"template":"","format":"standard","meta":{"footnotes":""},"categories":[49],"tags":[],"class_list":["post-40771","post","type-post","status-publish","format-standard","has-post-thumbnail","hentry","category-educacion"],"jetpack_featured_media_url":"https:\/\/radiorevelacionfm.cl\/wp-content\/uploads\/2024\/03\/iie1-1_optimized-1.jpg","_links":{"self":[{"href":"https:\/\/radiorevelacionfm.cl\/index.php?rest_route=\/wp\/v2\/posts\/40771","targetHints":{"allow":["GET"]}}],"collection":[{"href":"https:\/\/radiorevelacionfm.cl\/index.php?rest_route=\/wp\/v2\/posts"}],"about":[{"href":"https:\/\/radiorevelacionfm.cl\/index.php?rest_route=\/wp\/v2\/types\/post"}],"author":[{"embeddable":true,"href":"https:\/\/radiorevelacionfm.cl\/index.php?rest_route=\/wp\/v2\/users\/1"}],"replies":[{"embeddable":true,"href":"https:\/\/radiorevelacionfm.cl\/index.php?rest_route=%2Fwp%2Fv2%2Fcomments&post=40771"}],"version-history":[{"count":1,"href":"https:\/\/radiorevelacionfm.cl\/index.php?rest_route=\/wp\/v2\/posts\/40771\/revisions"}],"predecessor-version":[{"id":40773,"href":"https:\/\/radiorevelacionfm.cl\/index.php?rest_route=\/wp\/v2\/posts\/40771\/revisions\/40773"}],"wp:featuredmedia":[{"embeddable":true,"href":"https:\/\/radiorevelacionfm.cl\/index.php?rest_route=\/wp\/v2\/media\/40772"}],"wp:attachment":[{"href":"https:\/\/radiorevelacionfm.cl\/index.php?rest_route=%2Fwp%2Fv2%2Fmedia&parent=40771"}],"wp:term":[{"taxonomy":"category","embeddable":true,"href":"https:\/\/radiorevelacionfm.cl\/index.php?rest_route=%2Fwp%2Fv2%2Fcategories&post=40771"},{"taxonomy":"post_tag","embeddable":true,"href":"https:\/\/radiorevelacionfm.cl\/index.php?rest_route=%2Fwp%2Fv2%2Ftags&post=40771"}],"curies":[{"name":"wp","href":"https:\/\/api.w.org\/{rel}","templated":true}]}}