{"id":40768,"date":"2024-03-27T12:01:16","date_gmt":"2024-03-27T15:01:16","guid":{"rendered":"https:\/\/radiorevelacionfm.cl\/?p=40768"},"modified":"2024-03-27T12:01:16","modified_gmt":"2024-03-27T15:01:16","slug":"gobierno-regional-impulsa-la-marca-aysen-patagonia-en-feria-de-turismo-en-estados-unidos","status":"publish","type":"post","link":"https:\/\/radiorevelacionfm.cl\/?p=40768","title":{"rendered":"Gobierno Regional impulsa la marca Ays\u00e9n-Patagonia en feria de turismo en Estados Unidos"},"content":{"rendered":"<div class=\"flex_column av_one_full  flex_column_div av-zero-column-padding first  avia-builder-el-0  el_before_av_one_full  avia-builder-el-first  \" style='border-radius:0px; '><div  class='avia-image-container  av-styling-    avia-builder-el-1  avia-builder-el-no-sibling  avia-align-center '  itemprop=\"image\" itemscope=\"itemscope\" itemtype=\"https:\/\/schema.org\/ImageObject\"  ><div class='avia-image-container-inner'><div class='avia-image-overlay-wrap'><img decoding=\"async\" class='wp-image-40769 avia-img-lazy-loading-not-40769 avia_image' src=\"https:\/\/radiorevelacionfm.cl\/wp-content\/uploads\/2024\/03\/foto-1-43-1_optimized.jpeg\" alt='' title='foto-1-(43)-(1)_optimized' height=\"600\" width=\"1067\"  itemprop=\"thumbnailUrl\" srcset=\"https:\/\/radiorevelacionfm.cl\/wp-content\/uploads\/2024\/03\/foto-1-43-1_optimized.jpeg 1067w, https:\/\/radiorevelacionfm.cl\/wp-content\/uploads\/2024\/03\/foto-1-43-1_optimized-300x169.jpeg 300w, https:\/\/radiorevelacionfm.cl\/wp-content\/uploads\/2024\/03\/foto-1-43-1_optimized-1030x579.jpeg 1030w, https:\/\/radiorevelacionfm.cl\/wp-content\/uploads\/2024\/03\/foto-1-43-1_optimized-768x432.jpeg 768w, https:\/\/radiorevelacionfm.cl\/wp-content\/uploads\/2024\/03\/foto-1-43-1_optimized-705x396.jpeg 705w, https:\/\/radiorevelacionfm.cl\/wp-content\/uploads\/2024\/03\/foto-1-43-1_optimized-450x253.jpeg 450w, https:\/\/radiorevelacionfm.cl\/wp-content\/uploads\/2024\/03\/foto-1-43-1_optimized-600x337.jpeg 600w\" sizes=\"(max-width: 1067px) 100vw, 1067px\" \/><\/div><\/div><\/div><\/div><div class=\"flex_column av_one_full  flex_column_div av-zero-column-padding first  avia-builder-el-2  el_after_av_one_full  el_before_av_one_full  column-top-margin\" style='border-radius:0px; '><section class=\"av_textblock_section \"  itemscope=\"itemscope\" itemtype=\"https:\/\/schema.org\/BlogPosting\" itemprop=\"blogPost\" ><div class='avia_textblock  '   itemprop=\"text\" ><p style=\"text-align: center;\"><strong><span style=\"font-size: 18pt;\">Gobierno Regional impulsa la marca Ays\u00e9n-Patagonia en feria de turismo en Estados Unidos<\/span><\/strong><\/p>\n<div id=\"gtx-trans\" style=\"position: absolute; left: -50px; top: 4.31534px;\">\n<div class=\"gtx-trans-icon\"><\/div>\n<\/div>\n<\/div><\/section><\/div><div class=\"flex_column av_one_full  flex_column_div av-zero-column-padding first  avia-builder-el-4  el_after_av_one_full  el_before_av_hr  column-top-margin\" style='border-radius:0px; '><section class=\"av_textblock_section \"  itemscope=\"itemscope\" itemtype=\"https:\/\/schema.org\/BlogPosting\" itemprop=\"blogPost\" ><div class='avia_textblock  '   itemprop=\"text\" ><p dir=\"ltr\" style=\"text-align: justify;\">La Gobernadora Regional, Andrea Mac\u00edas Palma, se reuni\u00f3 con el Director regional de Sernatur, Claudio Montecinos, y los representantes de La Empresa Portuaria Chacabuco (EMPORCHA), Enrique Runin y Felipe Candia, para hablar sobre la presencia de la marca Ays\u00e9n-Patagonia en la feria Seatrade Cruise Global, que se desarrollar\u00e1 desde el 8 al 11 de abril en Miami (Estado de Florida, Estados Unidos.).<\/p>\n<p dir=\"ltr\" style=\"text-align: justify;\">El encuentro estadounidense, es la instancia m\u00e1s importante en el mundo sobre turismo de cruceros, mercado que quiere potenciar la Regi\u00f3n de Ays\u00e9n, y es por esta raz\u00f3n que el Gobierno Regional apoy\u00f3 con $68 millones de pesos a la delegaci\u00f3n chilena, con el prop\u00f3sito de mostrar la Patagonia aysenina ante el mundo.<\/p>\n<p dir=\"ltr\" style=\"text-align: justify;\">La m\u00e1xima autoridad regional, expres\u00f3 que es fundamental poder apoyar con financiamiento para este tipo de actividades. \u00abComo regi\u00f3n sabemos que nuestra vocaci\u00f3n principal es el turismo, pero para ello requerimos tambi\u00e9n dar a conocer nuestros destinos y eso, acompa\u00f1ado de todo el proceso de infraestructura necesaria\u00bb, dijo la Gobernadora.<\/p>\n<p dir=\"ltr\" style=\"text-align: justify;\">Mac\u00edas, agreg\u00f3 que \u00abcreemos que tenemos todo el potencial, pero para ello es necesario articular la oferta p\u00fablica en materia de inversi\u00f3n con la oferta privada. As\u00ed que, esperamos que este espacio sea uno de los muchos m\u00e1s para poder seguir potenciando nuestra regi\u00f3n en una tem\u00e1tica tan relevante como es el turismo de cruceros\u00bb.<\/p>\n<p dir=\"ltr\" style=\"text-align: justify;\">El stand chileno\u00a0albergar\u00e1 a los principales 10 puertos del pa\u00eds, pero la Regi\u00f3n de Ays\u00e9n tendr\u00e1 protagonismo en la exposici\u00f3n para potenciar las alianzas p\u00fablicas.<\/p>\n<p dir=\"ltr\" style=\"text-align: justify;\">\u00abLa participaci\u00f3n de Sernatur es parte de la estrategia de promoci\u00f3n tur\u00edstica de la Regi\u00f3n de Ays\u00e9n, que realizamos en conjunto con el Gobierno Regional. Esto, con el objetivo de posicionar el destino de Ays\u00e9n-Patagonia y para tambi\u00e9n poder fortalecer el turismo crucero en nuestra regi\u00f3n\u00bb, dijo el Director regional de Sernatur Claudio Montecinos.<\/p>\n<p dir=\"ltr\" style=\"text-align: justify;\">La asistencia en este congreso internacional, tiene como prop\u00f3sito que se incremente la cantidad de cruceros que lleguen a Puerto Chacabuco, Puerto Cisnes u otros puertos dentro de la regi\u00f3n. Enrique Runin, presidente de EMPORCHA, indic\u00f3 que el objetivo de esta feria, es poder establecer los nexos entre las l\u00edneas de cruceros. \u00bb Nos interesa que lleguen cruceros , con todo lo asociado a esta industria. Relacionado con los proveedores, con la industria, con los servicios , con las autoridades. La idea es que como Regi\u00f3n de Ays\u00e9n, mostrar en forma importante las bellezas que tenemos en la regi\u00f3n. No solamente en la parte de Puerto Chacabuco, sino que todo lo que se alcanza a recorrer cuando llega un turista de crucero a la regi\u00f3n\u00bb, dijo el representante de la empresa portuaria estatal.<\/p>\n<\/div><\/section><\/div><div  style='height:50px' class='hr hr-invisible   avia-builder-el-6  el_after_av_one_full  el_before_av_social_share '><span class='hr-inner ' ><span class='hr-inner-style'><\/span><\/span><\/div><\/p>\n<div  class='av-social-sharing-box  avia-builder-el-7  el_after_av_hr  el_before_av_hr  '><div class='av-share-box'><h5 class='av-share-link-description av-no-toc '>Compartir esta noticia<\/h5><ul class='av-share-box-list noLightbox'><li class='av-share-link av-social-link-facebook' ><a target=\"_blank\" aria-label=\"Compartir en Facebook\" href='https:\/\/www.facebook.com\/sharer.php?u=https:\/\/radiorevelacionfm.cl\/?p=40768&#038;t=Gobierno%20Regional%20impulsa%20la%20marca%20Ays%C3%A9n-Patagonia%20en%20feria%20de%20turismo%20en%20Estados%20Unidos' aria-hidden='false' data-av_icon='\ue8f3' data-av_iconfont='entypo-fontello' title='' data-avia-related-tooltip='Compartir en Facebook' rel=\"noopener\"><span class='avia_hidden_link_text'>Compartir en Facebook<\/span><\/a><\/li><li class='av-share-link av-social-link-twitter' ><a target=\"_blank\" aria-label=\"Compartir en Twitter\" href='https:\/\/twitter.com\/share?text=Gobierno%20Regional%20impulsa%20la%20marca%20Ays%C3%A9n-Patagonia%20en%20feria%20de%20turismo%20en%20Estados%20Unidos&#038;url=https:\/\/radiorevelacionfm.cl\/?p=40768' aria-hidden='false' data-av_icon='\ue8f1' data-av_iconfont='entypo-fontello' title='' data-avia-related-tooltip='Compartir en Twitter' rel=\"noopener\"><span class='avia_hidden_link_text'>Compartir en Twitter<\/span><\/a><\/li><li class='av-share-link av-social-link-whatsapp' ><a target=\"_blank\" aria-label=\"Compartir en Whatsapp\" href='https:\/\/api.whatsapp.com\/send?text=https:\/\/radiorevelacionfm.cl\/?p=40768' aria-hidden='false' data-av_icon='\uf232' data-av_iconfont='entypo-fontello' title='' data-avia-related-tooltip='Compartir en Whatsapp' rel=\"noopener\"><span class='avia_hidden_link_text'>Compartir en Whatsapp<\/span><\/a><\/li><li class='av-share-link av-social-link-linkedin' ><a target=\"_blank\" aria-label=\"Compartir en LinkedIn\" href='https:\/\/linkedin.com\/shareArticle?mini=true&#038;title=Gobierno%20Regional%20impulsa%20la%20marca%20Ays%C3%A9n-Patagonia%20en%20feria%20de%20turismo%20en%20Estados%20Unidos&#038;url=https:\/\/radiorevelacionfm.cl\/?p=40768' aria-hidden='false' data-av_icon='\ue8fc' data-av_iconfont='entypo-fontello' title='' data-avia-related-tooltip='Compartir en LinkedIn' rel=\"noopener\"><span class='avia_hidden_link_text'>Compartir en LinkedIn<\/span><\/a><\/li><li class='av-share-link av-social-link-mail' ><a  aria-label=\"Compartir por correo\" href='mailto:?subject=Gobierno%20Regional%20impulsa%20la%20marca%20Ays%C3%A9n-Patagonia%20en%20feria%20de%20turismo%20en%20Estados%20Unidos&#038;body=https:\/\/radiorevelacionfm.cl\/?p=40768' aria-hidden='false' data-av_icon='\ue805' data-av_iconfont='entypo-fontello' title='' data-avia-related-tooltip='Compartir por correo'><span class='avia_hidden_link_text'>Compartir por correo<\/span><\/a><\/li><\/ul><\/div><\/div>\n<div  style='height:50px' class='hr hr-invisible   avia-builder-el-8  el_after_av_social_share  el_before_av_comments_list '><span class='hr-inner ' ><span class='hr-inner-style'><\/span><\/span><\/div>\n<div  class='av-buildercomment  av-blog-meta-html-info-disabled av-blog-meta-tag-disabled  '><\/div>\n","protected":false},"excerpt":{"rendered":"","protected":false},"author":1,"featured_media":40769,"comment_status":"open","ping_status":"open","sticky":false,"template":"","format":"standard","meta":{"footnotes":""},"categories":[38],"tags":[],"class_list":["post-40768","post","type-post","status-publish","format-standard","has-post-thumbnail","hentry","category-regional"],"jetpack_featured_media_url":"https:\/\/radiorevelacionfm.cl\/wp-content\/uploads\/2024\/03\/foto-1-43-1_optimized.jpeg","_links":{"self":[{"href":"https:\/\/radiorevelacionfm.cl\/index.php?rest_route=\/wp\/v2\/posts\/40768","targetHints":{"allow":["GET"]}}],"collection":[{"href":"https:\/\/radiorevelacionfm.cl\/index.php?rest_route=\/wp\/v2\/posts"}],"about":[{"href":"https:\/\/radiorevelacionfm.cl\/index.php?rest_route=\/wp\/v2\/types\/post"}],"author":[{"embeddable":true,"href":"https:\/\/radiorevelacionfm.cl\/index.php?rest_route=\/wp\/v2\/users\/1"}],"replies":[{"embeddable":true,"href":"https:\/\/radiorevelacionfm.cl\/index.php?rest_route=%2Fwp%2Fv2%2Fcomments&post=40768"}],"version-history":[{"count":1,"href":"https:\/\/radiorevelacionfm.cl\/index.php?rest_route=\/wp\/v2\/posts\/40768\/revisions"}],"predecessor-version":[{"id":40770,"href":"https:\/\/radiorevelacionfm.cl\/index.php?rest_route=\/wp\/v2\/posts\/40768\/revisions\/40770"}],"wp:featuredmedia":[{"embeddable":true,"href":"https:\/\/radiorevelacionfm.cl\/index.php?rest_route=\/wp\/v2\/media\/40769"}],"wp:attachment":[{"href":"https:\/\/radiorevelacionfm.cl\/index.php?rest_route=%2Fwp%2Fv2%2Fmedia&parent=40768"}],"wp:term":[{"taxonomy":"category","embeddable":true,"href":"https:\/\/radiorevelacionfm.cl\/index.php?rest_route=%2Fwp%2Fv2%2Fcategories&post=40768"},{"taxonomy":"post_tag","embeddable":true,"href":"https:\/\/radiorevelacionfm.cl\/index.php?rest_route=%2Fwp%2Fv2%2Ftags&post=40768"}],"curies":[{"name":"wp","href":"https:\/\/api.w.org\/{rel}","templated":true}]}}