{"id":40760,"date":"2024-03-27T21:33:47","date_gmt":"2024-03-28T00:33:47","guid":{"rendered":"https:\/\/radiorevelacionfm.cl\/?p=40760"},"modified":"2024-03-27T21:33:47","modified_gmt":"2024-03-28T00:33:47","slug":"seremi-de-justicia-y-ddhh-participo-en-encuentro-sobre-implementacion-del-servicio-de-reinsercion-social-juvenil-en-la-macrozona-sur","status":"publish","type":"post","link":"https:\/\/radiorevelacionfm.cl\/?p=40760","title":{"rendered":"Seremi de Justicia y DDHH particip\u00f3 en encuentro sobre implementaci\u00f3n del Servicio de Reinserci\u00f3n Social Juvenil en la macrozona sur"},"content":{"rendered":"<div class=\"flex_column av_one_full  flex_column_div av-zero-column-padding first  avia-builder-el-0  el_before_av_one_full  avia-builder-el-first  \" style='border-radius:0px; '><div  class='avia-image-container  av-styling-    avia-builder-el-1  avia-builder-el-no-sibling  avia-align-center '  itemprop=\"image\" itemscope=\"itemscope\" itemtype=\"https:\/\/schema.org\/ImageObject\"  ><div class='avia-image-container-inner'><div class='avia-image-overlay-wrap'><img decoding=\"async\" class='wp-image-40761 avia-img-lazy-loading-not-40761 avia_image' src=\"https:\/\/radiorevelacionfm.cl\/wp-content\/uploads\/2024\/03\/encuentro-2-1_optimized.jpg\" alt='' title='encuentro-2-(1)_optimized' height=\"600\" width=\"800\"  itemprop=\"thumbnailUrl\" srcset=\"https:\/\/radiorevelacionfm.cl\/wp-content\/uploads\/2024\/03\/encuentro-2-1_optimized.jpg 800w, https:\/\/radiorevelacionfm.cl\/wp-content\/uploads\/2024\/03\/encuentro-2-1_optimized-300x225.jpg 300w, https:\/\/radiorevelacionfm.cl\/wp-content\/uploads\/2024\/03\/encuentro-2-1_optimized-768x576.jpg 768w, https:\/\/radiorevelacionfm.cl\/wp-content\/uploads\/2024\/03\/encuentro-2-1_optimized-705x529.jpg 705w, https:\/\/radiorevelacionfm.cl\/wp-content\/uploads\/2024\/03\/encuentro-2-1_optimized-450x338.jpg 450w, https:\/\/radiorevelacionfm.cl\/wp-content\/uploads\/2024\/03\/encuentro-2-1_optimized-600x450.jpg 600w\" sizes=\"(max-width: 800px) 100vw, 800px\" \/><\/div><\/div><\/div><\/div><div class=\"flex_column av_one_full  flex_column_div av-zero-column-padding first  avia-builder-el-2  el_after_av_one_full  el_before_av_one_full  column-top-margin\" style='border-radius:0px; '><section class=\"av_textblock_section \"  itemscope=\"itemscope\" itemtype=\"https:\/\/schema.org\/BlogPosting\" itemprop=\"blogPost\" ><div class='avia_textblock  '   itemprop=\"text\" ><p style=\"text-align: center;\"><span style=\"font-size: 18pt;\"><strong>Seremi de Justicia y DDHH particip\u00f3 en encuentro sobre implementaci\u00f3n del Servicio de Reinserci\u00f3n Social Juvenil en la macrozona sur<\/strong><\/span><\/p>\n<div id=\"gtx-trans\" style=\"position: absolute; left: -50px; top: 4.31534px;\">\n<div class=\"gtx-trans-icon\"><\/div>\n<\/div>\n<\/div><\/section><\/div><div class=\"flex_column av_one_full  flex_column_div av-zero-column-padding first  avia-builder-el-4  el_after_av_one_full  el_before_av_hr  column-top-margin\" style='border-radius:0px; '><section class=\"av_textblock_section \"  itemscope=\"itemscope\" itemtype=\"https:\/\/schema.org\/BlogPosting\" itemprop=\"blogPost\" ><div class='avia_textblock  '   itemprop=\"text\" ><p style=\"text-align: justify;\">Con el objetivo de informar, capacitar y coordinar acciones para el desarrollo de una adecuada implementaci\u00f3n del nuevo Servicio Nacional de Reinserci\u00f3n Social Juvenil en la marcrozona sur, se llev\u00f3 a cabo recientemente en la ciudad de Puerto Montt un encuentro para abordar la implementaci\u00f3n gradual de este servicio, instancia en la que particip\u00f3 el Seremi de Justicia y Derechos Humanos de Ays\u00e9n Samuel Navarro Castro junto a sus pares, y que fue encabezada por el Subsecretario de Justicia, Jaime Gajardo Falc\u00f3n.<\/p>\n<p style=\"text-align: justify;\">La jornada inici\u00f3 con un contexto entregado por el Subsecretario Gajardo, para luego profundizar sobre la implementaci\u00f3n de la Ley N\u00b021.527, su marco normativo, instancia que estuvo a cargo de Pedro Pacheco, jefe del Departamento de Reinserci\u00f3n Social Juvenil del Ministerio de Justicia y Derechos Humanos. Posteriormente, la directora nacional del Servicio de Reinserci\u00f3n Social Juvenil, Roc\u00edo Fa\u00fandez, expuso, los desaf\u00edos de la implementaci\u00f3n en la macrozona sur, junto con las brechas y el cronograma.<\/p>\n<p style=\"text-align: justify;\">Respecto a este encuentro, el Seremi de Justicia y Derechos Humanos de la regi\u00f3n de Ays\u00e9n Samuel Navarro Castro explic\u00f3 que \u201cfue una jornada muy interesante en la que particip\u00f3 el subsecretario de Justicia Jaime Gajardo, las directoras del nuevo servicio de reinserci\u00f3n social juvenil Roc\u00edo Fa\u00fandez y del Sename Mar\u00eda Eugenia Fern\u00e1ndez, nos pudimos empapar de todo el cronograma y las orientaciones para la implementaci\u00f3n en la macrozona sur que corresponde implementar a ra\u00edz de la ley 21.527, y en el territorio desde la regi\u00f3n del Maule hasta la regi\u00f3n de Magallanes incluyendo la regi\u00f3n de Ays\u00e9n, es as\u00ed como se va a desplegar un grueso cronograma para que de aqu\u00ed al 13 de enero de 2025 el nuevo servicio de Reinserci\u00f3n Social Juvenil est\u00e9 operativo, se est\u00e1n dando los primeros pasos para conformar esta institucionalidad, ya se hizo en la macrozona norte y este cambio que no solo es de nombre sino que de institucionalidad, nos permitir\u00e1 abordar de mejor forma la intervenci\u00f3n con los j\u00f3venes infractores de ley con un servicio m\u00e1s robusto y\u00a0 descentralizado\u201d.<\/p>\n<p style=\"text-align: justify;\">Por \u00faltimo, indicar que la jornada finaliz\u00f3 con una reuni\u00f3n que convoc\u00f3 a las directivas nacionales de las asociaciones de funcionarios y funcionarias, junto con las directoras de los servicios de Reinserci\u00f3n Social Juvenil y el Servicio Nacional de Menores.<\/p>\n<\/div><\/section><\/div><div  style='height:50px' class='hr hr-invisible   avia-builder-el-6  el_after_av_one_full  el_before_av_social_share '><span class='hr-inner ' ><span class='hr-inner-style'><\/span><\/span><\/div><\/p>\n<div  class='av-social-sharing-box  avia-builder-el-7  el_after_av_hr  el_before_av_hr  '><div class='av-share-box'><h5 class='av-share-link-description av-no-toc '>Compartir esta noticia<\/h5><ul class='av-share-box-list noLightbox'><li class='av-share-link av-social-link-facebook' ><a target=\"_blank\" aria-label=\"Compartir en Facebook\" href='https:\/\/www.facebook.com\/sharer.php?u=https:\/\/radiorevelacionfm.cl\/?p=40760&#038;t=Seremi%20de%20Justicia%20y%20DDHH%20particip%C3%B3%20en%20encuentro%20sobre%20implementaci%C3%B3n%20del%20Servicio%20de%20Reinserci%C3%B3n%20Social%20Juvenil%20en%20la%20macrozona%20sur' aria-hidden='false' data-av_icon='\ue8f3' data-av_iconfont='entypo-fontello' title='' data-avia-related-tooltip='Compartir en Facebook' rel=\"noopener\"><span class='avia_hidden_link_text'>Compartir en Facebook<\/span><\/a><\/li><li class='av-share-link av-social-link-twitter' ><a target=\"_blank\" aria-label=\"Compartir en Twitter\" href='https:\/\/twitter.com\/share?text=Seremi%20de%20Justicia%20y%20DDHH%20particip%C3%B3%20en%20encuentro%20sobre%20implementaci%C3%B3n%20del%20Servicio%20de%20Reinserci%C3%B3n%20Social%20Juvenil%20en%20la%20macrozona%20sur&#038;url=https:\/\/radiorevelacionfm.cl\/?p=40760' aria-hidden='false' data-av_icon='\ue8f1' data-av_iconfont='entypo-fontello' title='' data-avia-related-tooltip='Compartir en Twitter' rel=\"noopener\"><span class='avia_hidden_link_text'>Compartir en Twitter<\/span><\/a><\/li><li class='av-share-link av-social-link-whatsapp' ><a target=\"_blank\" aria-label=\"Compartir en Whatsapp\" href='https:\/\/api.whatsapp.com\/send?text=https:\/\/radiorevelacionfm.cl\/?p=40760' aria-hidden='false' data-av_icon='\uf232' data-av_iconfont='entypo-fontello' title='' data-avia-related-tooltip='Compartir en Whatsapp' rel=\"noopener\"><span class='avia_hidden_link_text'>Compartir en Whatsapp<\/span><\/a><\/li><li class='av-share-link av-social-link-linkedin' ><a target=\"_blank\" aria-label=\"Compartir en LinkedIn\" href='https:\/\/linkedin.com\/shareArticle?mini=true&#038;title=Seremi%20de%20Justicia%20y%20DDHH%20particip%C3%B3%20en%20encuentro%20sobre%20implementaci%C3%B3n%20del%20Servicio%20de%20Reinserci%C3%B3n%20Social%20Juvenil%20en%20la%20macrozona%20sur&#038;url=https:\/\/radiorevelacionfm.cl\/?p=40760' aria-hidden='false' data-av_icon='\ue8fc' data-av_iconfont='entypo-fontello' title='' data-avia-related-tooltip='Compartir en LinkedIn' rel=\"noopener\"><span class='avia_hidden_link_text'>Compartir en LinkedIn<\/span><\/a><\/li><li class='av-share-link av-social-link-mail' ><a  aria-label=\"Compartir por correo\" href='mailto:?subject=Seremi%20de%20Justicia%20y%20DDHH%20particip%C3%B3%20en%20encuentro%20sobre%20implementaci%C3%B3n%20del%20Servicio%20de%20Reinserci%C3%B3n%20Social%20Juvenil%20en%20la%20macrozona%20sur&#038;body=https:\/\/radiorevelacionfm.cl\/?p=40760' aria-hidden='false' data-av_icon='\ue805' data-av_iconfont='entypo-fontello' title='' data-avia-related-tooltip='Compartir por correo'><span class='avia_hidden_link_text'>Compartir por correo<\/span><\/a><\/li><\/ul><\/div><\/div>\n<div  style='height:50px' class='hr hr-invisible   avia-builder-el-8  el_after_av_social_share  el_before_av_comments_list '><span class='hr-inner ' ><span class='hr-inner-style'><\/span><\/span><\/div>\n<div  class='av-buildercomment  av-blog-meta-html-info-disabled av-blog-meta-tag-disabled  '><\/div>\n","protected":false},"excerpt":{"rendered":"","protected":false},"author":1,"featured_media":40761,"comment_status":"open","ping_status":"open","sticky":false,"template":"","format":"standard","meta":{"footnotes":""},"categories":[55],"tags":[],"class_list":["post-40760","post","type-post","status-publish","format-standard","has-post-thumbnail","hentry","category-justicia"],"jetpack_featured_media_url":"https:\/\/radiorevelacionfm.cl\/wp-content\/uploads\/2024\/03\/encuentro-2-1_optimized.jpg","_links":{"self":[{"href":"https:\/\/radiorevelacionfm.cl\/index.php?rest_route=\/wp\/v2\/posts\/40760","targetHints":{"allow":["GET"]}}],"collection":[{"href":"https:\/\/radiorevelacionfm.cl\/index.php?rest_route=\/wp\/v2\/posts"}],"about":[{"href":"https:\/\/radiorevelacionfm.cl\/index.php?rest_route=\/wp\/v2\/types\/post"}],"author":[{"embeddable":true,"href":"https:\/\/radiorevelacionfm.cl\/index.php?rest_route=\/wp\/v2\/users\/1"}],"replies":[{"embeddable":true,"href":"https:\/\/radiorevelacionfm.cl\/index.php?rest_route=%2Fwp%2Fv2%2Fcomments&post=40760"}],"version-history":[{"count":1,"href":"https:\/\/radiorevelacionfm.cl\/index.php?rest_route=\/wp\/v2\/posts\/40760\/revisions"}],"predecessor-version":[{"id":40762,"href":"https:\/\/radiorevelacionfm.cl\/index.php?rest_route=\/wp\/v2\/posts\/40760\/revisions\/40762"}],"wp:featuredmedia":[{"embeddable":true,"href":"https:\/\/radiorevelacionfm.cl\/index.php?rest_route=\/wp\/v2\/media\/40761"}],"wp:attachment":[{"href":"https:\/\/radiorevelacionfm.cl\/index.php?rest_route=%2Fwp%2Fv2%2Fmedia&parent=40760"}],"wp:term":[{"taxonomy":"category","embeddable":true,"href":"https:\/\/radiorevelacionfm.cl\/index.php?rest_route=%2Fwp%2Fv2%2Fcategories&post=40760"},{"taxonomy":"post_tag","embeddable":true,"href":"https:\/\/radiorevelacionfm.cl\/index.php?rest_route=%2Fwp%2Fv2%2Ftags&post=40760"}],"curies":[{"name":"wp","href":"https:\/\/api.w.org\/{rel}","templated":true}]}}