{"id":40757,"date":"2024-03-27T10:28:10","date_gmt":"2024-03-27T13:28:10","guid":{"rendered":"https:\/\/radiorevelacionfm.cl\/?p=40757"},"modified":"2024-03-27T10:28:10","modified_gmt":"2024-03-27T13:28:10","slug":"habitantes-de-islas-huichas-se-capacitan-en-compostaje-y-vermicompostaje-gracias-alianza-publico-privada","status":"publish","type":"post","link":"https:\/\/radiorevelacionfm.cl\/?p=40757","title":{"rendered":"Habitantes de Islas Huichas se capacitan en compostaje y vermicompostaje gracias alianza p\u00fablico-privada"},"content":{"rendered":"<div class=\"flex_column av_one_full  flex_column_div av-zero-column-padding first  avia-builder-el-0  el_before_av_one_full  avia-builder-el-first  \" style='border-radius:0px; '><div  class='avia-image-container  av-styling-    avia-builder-el-1  avia-builder-el-no-sibling  avia-align-center '  itemprop=\"image\" itemscope=\"itemscope\" itemtype=\"https:\/\/schema.org\/ImageObject\"  ><div class='avia-image-container-inner'><div class='avia-image-overlay-wrap'><img decoding=\"async\" class='wp-image-40758 avia-img-lazy-loading-not-40758 avia_image' src=\"https:\/\/radiorevelacionfm.cl\/wp-content\/uploads\/2024\/03\/img-islashuichas-bh3-1_optimized.jpeg\" alt='' title='img-islashuichas-bh3-(1)_optimized' height=\"600\" width=\"1066\"  itemprop=\"thumbnailUrl\" srcset=\"https:\/\/radiorevelacionfm.cl\/wp-content\/uploads\/2024\/03\/img-islashuichas-bh3-1_optimized.jpeg 1066w, https:\/\/radiorevelacionfm.cl\/wp-content\/uploads\/2024\/03\/img-islashuichas-bh3-1_optimized-300x169.jpeg 300w, https:\/\/radiorevelacionfm.cl\/wp-content\/uploads\/2024\/03\/img-islashuichas-bh3-1_optimized-1030x580.jpeg 1030w, https:\/\/radiorevelacionfm.cl\/wp-content\/uploads\/2024\/03\/img-islashuichas-bh3-1_optimized-768x432.jpeg 768w, https:\/\/radiorevelacionfm.cl\/wp-content\/uploads\/2024\/03\/img-islashuichas-bh3-1_optimized-705x397.jpeg 705w, https:\/\/radiorevelacionfm.cl\/wp-content\/uploads\/2024\/03\/img-islashuichas-bh3-1_optimized-450x253.jpeg 450w, https:\/\/radiorevelacionfm.cl\/wp-content\/uploads\/2024\/03\/img-islashuichas-bh3-1_optimized-600x338.jpeg 600w\" sizes=\"(max-width: 1066px) 100vw, 1066px\" \/><\/div><\/div><\/div><\/div><div class=\"flex_column av_one_full  flex_column_div av-zero-column-padding first  avia-builder-el-2  el_after_av_one_full  el_before_av_one_full  column-top-margin\" style='border-radius:0px; '><section class=\"av_textblock_section \"  itemscope=\"itemscope\" itemtype=\"https:\/\/schema.org\/BlogPosting\" itemprop=\"blogPost\" ><div class='avia_textblock  '   itemprop=\"text\" ><p style=\"text-align: center;\"><strong><span style=\"font-size: 18pt;\">Habitantes de Islas Huichas se capacitan en compostaje y vermicompostaje gracias alianza p\u00fablico-privada<\/span><\/strong><\/p>\n<div id=\"gtx-trans\" style=\"position: absolute; left: -50px; top: 4.31534px;\">\n<div class=\"gtx-trans-icon\"><\/div>\n<\/div>\n<\/div><\/section><\/div><div class=\"flex_column av_one_full  flex_column_div av-zero-column-padding first  avia-builder-el-4  el_after_av_one_full  el_before_av_hr  column-top-margin\" style='border-radius:0px; '><section class=\"av_textblock_section \"  itemscope=\"itemscope\" itemtype=\"https:\/\/schema.org\/BlogPosting\" itemprop=\"blogPost\" ><div class='avia_textblock  '   itemprop=\"text\" ><p style=\"text-align: justify;\"><em>M\u00e1s de una veintena de vecinos accedieron de forma gratuita al encuentro. <\/em><\/p>\n<p style=\"text-align: justify;\">Con el objetivo de fomentar estrategias de preservaci\u00f3n para el medio ambiente en la zona insular de la comuna de Ays\u00e9n. Empresas Bahamonde desarroll\u00f3 una nueva versi\u00f3n de su taller de compostaje y vermicompostaje, una iniciativa que ya ha recorrido Villa Ma\u00f1ihuales, Puerto Ays\u00e9n, Coyhaique y otras zonas intermedias y que en esta oportunidad cont\u00f3 con la colaboraci\u00f3n de AquaChile y la Municipalidad de Ays\u00e9n para efectuar en el mismo acto una entrega de composteras y as\u00ed propiciar la creaci\u00f3n de n\u00facleos de reciclaje org\u00e1nico tanto en las unidades educativas de la Isla como en hogares huichanos. Los asistentes valoraron positivamente el encuentro.<\/p>\n<p style=\"text-align: justify;\">Al respecto, B\u00e1rbara Weisser Rivera, encargada de Vinculaci\u00f3n con el Medio de Empresas Bahamonde destac\u00f3 la jornada y relat\u00f3 que \u201cEl municipio de Ays\u00e9n con AquaChile aportaron con elementos y materiales para el desarrollo de composteras en las escuelas de Caleta Andrade y Puerto Aguirre. Estas alianzas estrat\u00e9gicas son parte del nuevo camino que estamos desarrollando en la empresa. Cuando hablamos de un Ays\u00e9n de Futuro, planteamos formar distintos lazos entre empresas p\u00fablicas y privadas para desarrollar actividades que beneficien en la salud y el medio ambiente\u201d.<\/p>\n<p style=\"text-align: justify;\">En tanto, el encargado de Convivencia de la Escuela Carlos Condell, Juan Jos\u00e9 V\u00e1squez Parra, agradeci\u00f3 el encuentro enfatizando la preparaci\u00f3n tanto te\u00f3rica como pr\u00e1ctica que qued\u00f3 en evidencia en la jornada. Con ello, el educador recalc\u00f3 lo positivo de efectuar actividades de este tipo en el Litoral de Ays\u00e9n, pues a su juicio, \u201cmuchas actividades se centran en Puerto Ays\u00e9n\u201d. Adem\u00e1s, explic\u00f3 que \u201clos chicos aqu\u00ed reciclan, tienen taller de huerto, y el compostaje viene a complementar todo lo que son estos aprendizajes. As\u00ed que es una muy buena instancia para nosotros\u201d.<\/p>\n<p style=\"text-align: justify;\">Finalmente, Tatiana C\u00e1rdenas Tapia, directora del Jard\u00edn y Sala Cuna \u201cLos Cipreses\u201d subray\u00f3 que esta capacitaci\u00f3n permitir\u00e1 potenciar el proyecto educativo que poseen en la Isla, \u201cnos permite seguir concientizando a nuestros ni\u00f1os y ni\u00f1as y sus familias por el cuidado y el respeto de nuestro entorno. Tambi\u00e9n nos permitir\u00e1 generar nuevas alianzas con el resto de la comunidad y fortalecer lo que es la econom\u00eda circular en la zona con estrategias que se pueden hacer tanto en el hogar como en los establecimientos educacionales y donde todos y todas tenemos la responsabilidad social y comunitaria de aportar a la sustentabilidad de nuestra Islas Huichas\u201d, puntualiz\u00f3 la educadora de p\u00e1rvulos.<\/p>\n<\/div><\/section><\/div><div  style='height:50px' class='hr hr-invisible   avia-builder-el-6  el_after_av_one_full  el_before_av_social_share '><span class='hr-inner ' ><span class='hr-inner-style'><\/span><\/span><\/div><\/p>\n<div  class='av-social-sharing-box  avia-builder-el-7  el_after_av_hr  el_before_av_hr  '><div class='av-share-box'><h5 class='av-share-link-description av-no-toc '>Compartir esta noticia<\/h5><ul class='av-share-box-list noLightbox'><li class='av-share-link av-social-link-facebook' ><a target=\"_blank\" aria-label=\"Compartir en Facebook\" href='https:\/\/www.facebook.com\/sharer.php?u=https:\/\/radiorevelacionfm.cl\/?p=40757&#038;t=Habitantes%20de%20Islas%20Huichas%20se%20capacitan%20en%20compostaje%20y%20vermicompostaje%20gracias%20alianza%20p%C3%BAblico-privada' aria-hidden='false' data-av_icon='\ue8f3' data-av_iconfont='entypo-fontello' title='' data-avia-related-tooltip='Compartir en Facebook' rel=\"noopener\"><span class='avia_hidden_link_text'>Compartir en Facebook<\/span><\/a><\/li><li class='av-share-link av-social-link-twitter' ><a target=\"_blank\" aria-label=\"Compartir en Twitter\" href='https:\/\/twitter.com\/share?text=Habitantes%20de%20Islas%20Huichas%20se%20capacitan%20en%20compostaje%20y%20vermicompostaje%20gracias%20alianza%20p%C3%BAblico-privada&#038;url=https:\/\/radiorevelacionfm.cl\/?p=40757' aria-hidden='false' data-av_icon='\ue8f1' data-av_iconfont='entypo-fontello' title='' data-avia-related-tooltip='Compartir en Twitter' rel=\"noopener\"><span class='avia_hidden_link_text'>Compartir en Twitter<\/span><\/a><\/li><li class='av-share-link av-social-link-whatsapp' ><a target=\"_blank\" aria-label=\"Compartir en Whatsapp\" href='https:\/\/api.whatsapp.com\/send?text=https:\/\/radiorevelacionfm.cl\/?p=40757' aria-hidden='false' data-av_icon='\uf232' data-av_iconfont='entypo-fontello' title='' data-avia-related-tooltip='Compartir en Whatsapp' rel=\"noopener\"><span class='avia_hidden_link_text'>Compartir en Whatsapp<\/span><\/a><\/li><li class='av-share-link av-social-link-linkedin' ><a target=\"_blank\" aria-label=\"Compartir en LinkedIn\" href='https:\/\/linkedin.com\/shareArticle?mini=true&#038;title=Habitantes%20de%20Islas%20Huichas%20se%20capacitan%20en%20compostaje%20y%20vermicompostaje%20gracias%20alianza%20p%C3%BAblico-privada&#038;url=https:\/\/radiorevelacionfm.cl\/?p=40757' aria-hidden='false' data-av_icon='\ue8fc' data-av_iconfont='entypo-fontello' title='' data-avia-related-tooltip='Compartir en LinkedIn' rel=\"noopener\"><span class='avia_hidden_link_text'>Compartir en LinkedIn<\/span><\/a><\/li><li class='av-share-link av-social-link-mail' ><a  aria-label=\"Compartir por correo\" href='mailto:?subject=Habitantes%20de%20Islas%20Huichas%20se%20capacitan%20en%20compostaje%20y%20vermicompostaje%20gracias%20alianza%20p%C3%BAblico-privada&#038;body=https:\/\/radiorevelacionfm.cl\/?p=40757' aria-hidden='false' data-av_icon='\ue805' data-av_iconfont='entypo-fontello' title='' data-avia-related-tooltip='Compartir por correo'><span class='avia_hidden_link_text'>Compartir por correo<\/span><\/a><\/li><\/ul><\/div><\/div>\n<div  style='height:50px' class='hr hr-invisible   avia-builder-el-8  el_after_av_social_share  el_before_av_comments_list '><span class='hr-inner ' ><span class='hr-inner-style'><\/span><\/span><\/div>\n<div  class='av-buildercomment  av-blog-meta-html-info-disabled av-blog-meta-tag-disabled  '><\/div>\n","protected":false},"excerpt":{"rendered":"","protected":false},"author":1,"featured_media":40758,"comment_status":"open","ping_status":"open","sticky":false,"template":"","format":"standard","meta":{"footnotes":""},"categories":[38],"tags":[],"class_list":["post-40757","post","type-post","status-publish","format-standard","has-post-thumbnail","hentry","category-regional"],"jetpack_featured_media_url":"https:\/\/radiorevelacionfm.cl\/wp-content\/uploads\/2024\/03\/img-islashuichas-bh3-1_optimized.jpeg","_links":{"self":[{"href":"https:\/\/radiorevelacionfm.cl\/index.php?rest_route=\/wp\/v2\/posts\/40757","targetHints":{"allow":["GET"]}}],"collection":[{"href":"https:\/\/radiorevelacionfm.cl\/index.php?rest_route=\/wp\/v2\/posts"}],"about":[{"href":"https:\/\/radiorevelacionfm.cl\/index.php?rest_route=\/wp\/v2\/types\/post"}],"author":[{"embeddable":true,"href":"https:\/\/radiorevelacionfm.cl\/index.php?rest_route=\/wp\/v2\/users\/1"}],"replies":[{"embeddable":true,"href":"https:\/\/radiorevelacionfm.cl\/index.php?rest_route=%2Fwp%2Fv2%2Fcomments&post=40757"}],"version-history":[{"count":1,"href":"https:\/\/radiorevelacionfm.cl\/index.php?rest_route=\/wp\/v2\/posts\/40757\/revisions"}],"predecessor-version":[{"id":40759,"href":"https:\/\/radiorevelacionfm.cl\/index.php?rest_route=\/wp\/v2\/posts\/40757\/revisions\/40759"}],"wp:featuredmedia":[{"embeddable":true,"href":"https:\/\/radiorevelacionfm.cl\/index.php?rest_route=\/wp\/v2\/media\/40758"}],"wp:attachment":[{"href":"https:\/\/radiorevelacionfm.cl\/index.php?rest_route=%2Fwp%2Fv2%2Fmedia&parent=40757"}],"wp:term":[{"taxonomy":"category","embeddable":true,"href":"https:\/\/radiorevelacionfm.cl\/index.php?rest_route=%2Fwp%2Fv2%2Fcategories&post=40757"},{"taxonomy":"post_tag","embeddable":true,"href":"https:\/\/radiorevelacionfm.cl\/index.php?rest_route=%2Fwp%2Fv2%2Ftags&post=40757"}],"curies":[{"name":"wp","href":"https:\/\/api.w.org\/{rel}","templated":true}]}}