{"id":40753,"date":"2024-03-27T14:46:11","date_gmt":"2024-03-27T17:46:11","guid":{"rendered":"https:\/\/radiorevelacionfm.cl\/?p=40753"},"modified":"2024-03-27T14:46:11","modified_gmt":"2024-03-27T17:46:11","slug":"con-foco-en-los-avances-legislativos-se-realizo-conversatorio-con-dirigentas-sindicales-en-el-mes-de-la-mujer","status":"publish","type":"post","link":"https:\/\/radiorevelacionfm.cl\/?p=40753","title":{"rendered":"Con foco en los avances legislativos se realiz\u00f3 conversatorio con dirigentas sindicales en el Mes de la Mujer"},"content":{"rendered":"<div class=\"flex_column av_one_full  flex_column_div av-zero-column-padding first  avia-builder-el-0  el_before_av_one_full  avia-builder-el-first  \" style='border-radius:0px; '><div  class='avia-image-container  av-styling-    avia-builder-el-1  avia-builder-el-no-sibling  avia-align-center '  itemprop=\"image\" itemscope=\"itemscope\" itemtype=\"https:\/\/schema.org\/ImageObject\"  ><div class='avia-image-container-inner'><div class='avia-image-overlay-wrap'><img decoding=\"async\" class='wp-image-40754 avia-img-lazy-loading-not-40754 avia_image' src=\"https:\/\/radiorevelacionfm.cl\/wp-content\/uploads\/2024\/03\/dirigentas-8m-2024-3-1_optimized.jpeg\" alt='' title='dirigentas-8m-2024-(3)-(1)_optimized' height=\"600\" width=\"901\"  itemprop=\"thumbnailUrl\" srcset=\"https:\/\/radiorevelacionfm.cl\/wp-content\/uploads\/2024\/03\/dirigentas-8m-2024-3-1_optimized.jpeg 901w, https:\/\/radiorevelacionfm.cl\/wp-content\/uploads\/2024\/03\/dirigentas-8m-2024-3-1_optimized-300x200.jpeg 300w, https:\/\/radiorevelacionfm.cl\/wp-content\/uploads\/2024\/03\/dirigentas-8m-2024-3-1_optimized-768x511.jpeg 768w, https:\/\/radiorevelacionfm.cl\/wp-content\/uploads\/2024\/03\/dirigentas-8m-2024-3-1_optimized-705x469.jpeg 705w, https:\/\/radiorevelacionfm.cl\/wp-content\/uploads\/2024\/03\/dirigentas-8m-2024-3-1_optimized-450x300.jpeg 450w, https:\/\/radiorevelacionfm.cl\/wp-content\/uploads\/2024\/03\/dirigentas-8m-2024-3-1_optimized-600x400.jpeg 600w\" sizes=\"(max-width: 901px) 100vw, 901px\" \/><\/div><\/div><\/div><\/div><div class=\"flex_column av_one_full  flex_column_div av-zero-column-padding first  avia-builder-el-2  el_after_av_one_full  el_before_av_one_full  column-top-margin\" style='border-radius:0px; '><section class=\"av_textblock_section \"  itemscope=\"itemscope\" itemtype=\"https:\/\/schema.org\/BlogPosting\" itemprop=\"blogPost\" ><div class='avia_textblock  '   itemprop=\"text\" ><p class=\"v1gmail-xmsonormal\" style=\"text-align: center;\" align=\"center\"><span style=\"font-size: 18pt;\"><b>Con foco en los avances legislativos se <\/b><b>realiz\u00f3 conversatorio con dirigentas sindicales en el Mes de la Mujer<\/b><\/span><\/p>\n<p class=\"v1gmail-xmsonormal\" align=\"center\"><b>\u00a0<\/b><\/p>\n<div id=\"gtx-trans\" style=\"position: absolute; left: -50px; top: 4.31534px;\">\n<div class=\"gtx-trans-icon\"><\/div>\n<\/div>\n<\/div><\/section><\/div><div class=\"flex_column av_one_full  flex_column_div av-zero-column-padding first  avia-builder-el-4  el_after_av_one_full  el_before_av_hr  column-top-margin\" style='border-radius:0px; '><section class=\"av_textblock_section \"  itemscope=\"itemscope\" itemtype=\"https:\/\/schema.org\/BlogPosting\" itemprop=\"blogPost\" ><div class='avia_textblock  '   itemprop=\"text\" ><p class=\"v1MsoNormal\" style=\"text-align: justify;\">Una conversaci\u00f3n abierta y sincera entre dirigentas sindicales organiz\u00f3 el Seremi de Trabajo y Previsi\u00f3n Social, en el contexto del 8M, D\u00eda Internacional de la Mujer Trabajadora y del Mes Internacional de la Mujer. En la instancia se abord\u00f3 el rol de las dirigentes, ser mujer trabajadora hoy y los \u00faltimos avances legislativos, adem\u00e1s de compartir experiencias.<\/p>\n<p class=\"v1gmail-xmsonormal\" style=\"text-align: justify;\">El Delegado Presidencial Regional, Rodrigo Araya, destac\u00f3 el rol que han tenido para lograr avances como las leyes de conciliaci\u00f3n de la vida familiar y laboral, 40 horas y ley integral contra la ley de violencia hacia las mujeres. \u00abEl trabajo que hacen dirigentas donde los sindicatos son en su mayor\u00eda conformados por mujeres, ha sido trascendental para lograr avances legislativos que van en pos de lograr una equidad de trato, social, laboral y econ\u00f3mica, entre hombres y mujeres en nuestro pa\u00eds\u00bb, se\u00f1al\u00f3.<\/p>\n<p class=\"v1gmail-xmsonormal\" style=\"text-align: justify;\">Reforzando este tema, el Seremi Rodrigo D\u00edaz Cordaro, de Trabajo y Previsi\u00f3n Social, mencion\u00f3 el prop\u00f3sito de este conversatorio, \u00abQuisimos relevar el rol de la mujer trabajadora y de las dirigentes en el contexto del 8M, donde adem\u00e1s de ser el Mes de la Mujer, estamos cumpliendo 2 a\u00f1os de Gobierno del Presidente Gabriel Boric, donde hemos avanzado significativamente con foco en las mujeres: ley de 40 Horas que comienza ahora su implementaci\u00f3n concreta con la reducci\u00f3n de 1 hora, la Ley de Conciliaci\u00f3n de la vida personal, familiar y laboral, que desde el 30 de enero est\u00e1 vigente, apoyando la corresponsabilidad, los cuidados de personas con dependencia severa y el teletrabajo, en ciertos casos. Y por supuesto, la ley Karin, parte del Convenio 190 de la OIT y que a mediados de a\u00f1o se implementar\u00e1 a cabalidad, buscando prevenir, investigar y sancionar el acoso sexual y laboral\u00bb, detall\u00f3.<\/p>\n<p class=\"v1gmail-xmsonormal\" style=\"text-align: justify;\">\u00abEn este mes queremos destacar los avances, pero tambi\u00e9n los desaf\u00edos, donde hay una deuda pendiente con respecto a la Reforma de Pensiones, donde son las mujeres las m\u00e1s postergadas, donde todav\u00eda en el mundo laboral hay brechas de g\u00e9nero, brechas de remuneraciones y desaf\u00edos en inserci\u00f3n laboral. Quiero destacar este espacio que construimos con las dirigentas, donde pudieron compartir experiencias y hablar desde el ser mujer trabajadora y dirigenta hoy, un rol que no es f\u00e1cil y que tiene obst\u00e1culos, pero donde se ve que lo realizan con mucha fuerza por sus compa\u00f1eras y compa\u00f1eros\u00bb, agreg\u00f3 el Seremi Rodrigo D\u00edaz Cordaro.<\/p>\n<p class=\"v1gmail-xmsonormal\" style=\"text-align: justify;\">El 8 de marzo es el D\u00eda Internacional de la Mujer Trabajadora y se extiende a todo el mes de marzo, donde se recuerdan grandes marchas de trabajadoras textiles en 1857 en Estados Unidos, donde miles de mujeres marcharon en protesta por los bajos salarios y las largas jornadas de trabajo. Junto a ello, conmemora los incendios en Nueva York de las f\u00e1bricas Cotton Textile Factory en 1908 donde murieron 129 mujeres luego de una huelga y de la f\u00e1brica Triangle Shirtwaist en 1911 donde fallecieron trabajadores y trabajadoras, en su mayor\u00eda mujeres migrantes.<\/p>\n<p class=\"v1gmail-xmsonormal\" style=\"text-align: justify;\">En este sentido, la Seremi de Mujer y equidad de G\u00e9nero, Andrea M\u00e9ndez, coment\u00f3, \u00abEl 8 de marzo, D\u00eda Internacional de la Mujer Trabajadora, nos recuerda todas las reivindicaciones sindicales que han generado las mujeres a lo largo de la historia, valoramos esta iniciativa del Ministerio del Trabajo junto a dirigentas de distintos sindicatos, para hablar justamente de los avances en materia legislativa en t\u00e9rminos laborales con foco prioritario en las mujeres. Agradecemos la buena disposici\u00f3n de las dirigentas que participaron el d\u00eda de hoy, as\u00ed como las distintas directivas de servicios\u00bb.<\/p>\n<p class=\"v1gmail-xmsonormal\" style=\"text-align: justify;\">Las dirigentas agradecieron el encuentro y el espacio de confianza generado, Silvia Hueitra, presidenta del Sindicato de Trabajadores y Trabajadoras Gastron\u00f3micos afirm\u00f3 sobre el camino recorrido, \u00abEs importante reconocer que esto m\u00e1s all\u00e1 de una celebraci\u00f3n es una conmemoraci\u00f3n en memoria de las mujeres que murieron quemadas por reivindicaciones y derechos laborales. Hoy en d\u00eda como mujeres queremos resaltar que muchas cosas han sucedido para poder lograr derechos como mujeres en el \u00e1mbito laboral. Hoy recordamos a todas esas personas y mujeres que nos ayudaron a lograr llegar al momento en que estamos, cuando se han logrado derechos y leyes contra el acoso laboral, que nos cuidan y nos protegen en nuestros lugares de trabajo. Leyes como las 40 horas que tambi\u00e9n nos ayudan para estar con nuestras familias en casa, as\u00ed que todos esos derechos ganados tienen que ver con el sacrificio muchas veces de nuestras propias mujeres, que hemos luchado para poder llegar a este punto\u00bb.<\/p>\n<p class=\"v1gmail-xmsonormal\" style=\"text-align: justify;\">Por su parte, Rosa Saldivia junto a su compa\u00f1era del Sindicato Ra\u00edces Obras Unidos, de \u00e1reas verdes, Carmen Qui\u00f1el, agradeci\u00f3 conocer a otras dirigentas, \u00abFue realmente productivo, intercambiar idea, interactuar, pensar y tirar para lo mismo. Fue una buena y linda reuni\u00f3n, porque te sirve para sacar ideas. Nosotras estamos reci\u00e9n empezando este sindicato y como dirigentas tomar ideas de las otras personas, que de paso tambi\u00e9n son mujeres, se agradece\u00bb, expres\u00f3 Rosa.<\/p>\n<p class=\"v1gmail-xmsonormal\" style=\"text-align: justify;\">En la actividad participaron el Delegado Presidencial Regional, Rodrigo Araya, los Seremis de Trabajo y Previsi\u00f3n Social, Rodrigo D\u00edaz Cordaro y de Mujer y Equidad de G\u00e9nero, Andrea M\u00e9ndez y el coordinador inspectivo de la Direcci\u00f3n del Trabajo, Manuel Lillo, sum\u00e1ndose luego los directores\/as regionales de Sence, Nelson Garrido, del Instituto de Seguridad Laboral, ISL, Claudia Vald\u00e9s y subrogante del Instituto de Previsi\u00f3n Social, Maximiliano \u00c1lvarez, adem\u00e1s del coordinador regional de ChileValora, Rodrigo Moreno.<\/p>\n<\/div><\/section><\/div><div  style='height:50px' class='hr hr-invisible   avia-builder-el-6  el_after_av_one_full  el_before_av_social_share '><span class='hr-inner ' ><span class='hr-inner-style'><\/span><\/span><\/div><\/p>\n<div  class='av-social-sharing-box  avia-builder-el-7  el_after_av_hr  el_before_av_hr  '><div class='av-share-box'><h5 class='av-share-link-description av-no-toc '>Compartir esta noticia<\/h5><ul class='av-share-box-list noLightbox'><li class='av-share-link av-social-link-facebook' ><a target=\"_blank\" aria-label=\"Compartir en Facebook\" href='https:\/\/www.facebook.com\/sharer.php?u=https:\/\/radiorevelacionfm.cl\/?p=40753&#038;t=Con%20foco%20en%20los%20avances%20legislativos%20se%20realiz%C3%B3%20conversatorio%20con%20dirigentas%20sindicales%20en%20el%20Mes%20de%20la%20Mujer' aria-hidden='false' data-av_icon='\ue8f3' data-av_iconfont='entypo-fontello' title='' data-avia-related-tooltip='Compartir en Facebook' rel=\"noopener\"><span class='avia_hidden_link_text'>Compartir en Facebook<\/span><\/a><\/li><li class='av-share-link av-social-link-twitter' ><a target=\"_blank\" aria-label=\"Compartir en Twitter\" href='https:\/\/twitter.com\/share?text=Con%20foco%20en%20los%20avances%20legislativos%20se%20realiz%C3%B3%20conversatorio%20con%20dirigentas%20sindicales%20en%20el%20Mes%20de%20la%20Mujer&#038;url=https:\/\/radiorevelacionfm.cl\/?p=40753' aria-hidden='false' data-av_icon='\ue8f1' data-av_iconfont='entypo-fontello' title='' data-avia-related-tooltip='Compartir en Twitter' rel=\"noopener\"><span class='avia_hidden_link_text'>Compartir en Twitter<\/span><\/a><\/li><li class='av-share-link av-social-link-whatsapp' ><a target=\"_blank\" aria-label=\"Compartir en Whatsapp\" href='https:\/\/api.whatsapp.com\/send?text=https:\/\/radiorevelacionfm.cl\/?p=40753' aria-hidden='false' data-av_icon='\uf232' data-av_iconfont='entypo-fontello' title='' data-avia-related-tooltip='Compartir en Whatsapp' rel=\"noopener\"><span class='avia_hidden_link_text'>Compartir en Whatsapp<\/span><\/a><\/li><li class='av-share-link av-social-link-linkedin' ><a target=\"_blank\" aria-label=\"Compartir en LinkedIn\" href='https:\/\/linkedin.com\/shareArticle?mini=true&#038;title=Con%20foco%20en%20los%20avances%20legislativos%20se%20realiz%C3%B3%20conversatorio%20con%20dirigentas%20sindicales%20en%20el%20Mes%20de%20la%20Mujer&#038;url=https:\/\/radiorevelacionfm.cl\/?p=40753' aria-hidden='false' data-av_icon='\ue8fc' data-av_iconfont='entypo-fontello' title='' data-avia-related-tooltip='Compartir en LinkedIn' rel=\"noopener\"><span class='avia_hidden_link_text'>Compartir en LinkedIn<\/span><\/a><\/li><li class='av-share-link av-social-link-mail' ><a  aria-label=\"Compartir por correo\" href='mailto:?subject=Con%20foco%20en%20los%20avances%20legislativos%20se%20realiz%C3%B3%20conversatorio%20con%20dirigentas%20sindicales%20en%20el%20Mes%20de%20la%20Mujer&#038;body=https:\/\/radiorevelacionfm.cl\/?p=40753' aria-hidden='false' data-av_icon='\ue805' data-av_iconfont='entypo-fontello' title='' data-avia-related-tooltip='Compartir por correo'><span class='avia_hidden_link_text'>Compartir por correo<\/span><\/a><\/li><\/ul><\/div><\/div>\n<div  style='height:50px' class='hr hr-invisible   avia-builder-el-8  el_after_av_social_share  el_before_av_comments_list '><span class='hr-inner ' ><span class='hr-inner-style'><\/span><\/span><\/div>\n<div  class='av-buildercomment  av-blog-meta-html-info-disabled av-blog-meta-tag-disabled  '><\/div>\n","protected":false},"excerpt":{"rendered":"","protected":false},"author":1,"featured_media":40754,"comment_status":"open","ping_status":"open","sticky":false,"template":"","format":"standard","meta":{"footnotes":""},"categories":[56],"tags":[],"class_list":["post-40753","post","type-post","status-publish","format-standard","has-post-thumbnail","hentry","category-trabajo"],"jetpack_featured_media_url":"https:\/\/radiorevelacionfm.cl\/wp-content\/uploads\/2024\/03\/dirigentas-8m-2024-3-1_optimized.jpeg","_links":{"self":[{"href":"https:\/\/radiorevelacionfm.cl\/index.php?rest_route=\/wp\/v2\/posts\/40753","targetHints":{"allow":["GET"]}}],"collection":[{"href":"https:\/\/radiorevelacionfm.cl\/index.php?rest_route=\/wp\/v2\/posts"}],"about":[{"href":"https:\/\/radiorevelacionfm.cl\/index.php?rest_route=\/wp\/v2\/types\/post"}],"author":[{"embeddable":true,"href":"https:\/\/radiorevelacionfm.cl\/index.php?rest_route=\/wp\/v2\/users\/1"}],"replies":[{"embeddable":true,"href":"https:\/\/radiorevelacionfm.cl\/index.php?rest_route=%2Fwp%2Fv2%2Fcomments&post=40753"}],"version-history":[{"count":1,"href":"https:\/\/radiorevelacionfm.cl\/index.php?rest_route=\/wp\/v2\/posts\/40753\/revisions"}],"predecessor-version":[{"id":40755,"href":"https:\/\/radiorevelacionfm.cl\/index.php?rest_route=\/wp\/v2\/posts\/40753\/revisions\/40755"}],"wp:featuredmedia":[{"embeddable":true,"href":"https:\/\/radiorevelacionfm.cl\/index.php?rest_route=\/wp\/v2\/media\/40754"}],"wp:attachment":[{"href":"https:\/\/radiorevelacionfm.cl\/index.php?rest_route=%2Fwp%2Fv2%2Fmedia&parent=40753"}],"wp:term":[{"taxonomy":"category","embeddable":true,"href":"https:\/\/radiorevelacionfm.cl\/index.php?rest_route=%2Fwp%2Fv2%2Fcategories&post=40753"},{"taxonomy":"post_tag","embeddable":true,"href":"https:\/\/radiorevelacionfm.cl\/index.php?rest_route=%2Fwp%2Fv2%2Ftags&post=40753"}],"curies":[{"name":"wp","href":"https:\/\/api.w.org\/{rel}","templated":true}]}}