{"id":40750,"date":"2024-03-27T10:16:48","date_gmt":"2024-03-27T13:16:48","guid":{"rendered":"https:\/\/radiorevelacionfm.cl\/?p=40750"},"modified":"2024-03-27T10:16:48","modified_gmt":"2024-03-27T13:16:48","slug":"en-puerto-aysen-invitan-a-ninos-y-ninas-a-la-actividad-esperando-al-conejito","status":"publish","type":"post","link":"https:\/\/radiorevelacionfm.cl\/?p=40750","title":{"rendered":"En Puerto Ays\u00e9n invitan a ni\u00f1os y ni\u00f1as a la actividad \u201cEsperando al Conejito\u201d"},"content":{"rendered":"<div class=\"flex_column av_one_full  flex_column_div av-zero-column-padding first  avia-builder-el-0  el_before_av_one_full  avia-builder-el-first  \" style='border-radius:0px; '><div  class='avia-image-container  av-styling-    avia-builder-el-1  avia-builder-el-no-sibling  avia-align-center '  itemprop=\"image\" itemscope=\"itemscope\" itemtype=\"https:\/\/schema.org\/ImageObject\"  ><div class='avia-image-container-inner'><div class='avia-image-overlay-wrap'><img decoding=\"async\" class='wp-image-40751 avia-img-lazy-loading-not-40751 avia_image' src=\"https:\/\/radiorevelacionfm.cl\/wp-content\/uploads\/2024\/03\/esperando-al-conejito-1_optimized.jpg\" alt='' title='esperando-al-conejito-(1)_optimized' height=\"990\" width=\"792\"  itemprop=\"thumbnailUrl\" srcset=\"https:\/\/radiorevelacionfm.cl\/wp-content\/uploads\/2024\/03\/esperando-al-conejito-1_optimized.jpg 792w, https:\/\/radiorevelacionfm.cl\/wp-content\/uploads\/2024\/03\/esperando-al-conejito-1_optimized-240x300.jpg 240w, https:\/\/radiorevelacionfm.cl\/wp-content\/uploads\/2024\/03\/esperando-al-conejito-1_optimized-768x960.jpg 768w, https:\/\/radiorevelacionfm.cl\/wp-content\/uploads\/2024\/03\/esperando-al-conejito-1_optimized-564x705.jpg 564w, https:\/\/radiorevelacionfm.cl\/wp-content\/uploads\/2024\/03\/esperando-al-conejito-1_optimized-450x563.jpg 450w, https:\/\/radiorevelacionfm.cl\/wp-content\/uploads\/2024\/03\/esperando-al-conejito-1_optimized-600x750.jpg 600w\" sizes=\"(max-width: 792px) 100vw, 792px\" \/><\/div><\/div><\/div><\/div><div class=\"flex_column av_one_full  flex_column_div av-zero-column-padding first  avia-builder-el-2  el_after_av_one_full  el_before_av_one_full  column-top-margin\" style='border-radius:0px; '><section class=\"av_textblock_section \"  itemscope=\"itemscope\" itemtype=\"https:\/\/schema.org\/BlogPosting\" itemprop=\"blogPost\" ><div class='avia_textblock  '   itemprop=\"text\" ><p style=\"text-align: center;\"><strong><span style=\"font-size: 18pt;\">En Puerto Ays\u00e9n invitan a ni\u00f1os y ni\u00f1as a la actividad \u201cEsperando al Conejito\u201d<\/span><\/strong><\/p>\n<div id=\"gtx-trans\" style=\"position: absolute; left: -50px; top: 4.31534px;\">\n<div class=\"gtx-trans-icon\"><\/div>\n<\/div>\n<\/div><\/section><\/div><div class=\"flex_column av_one_full  flex_column_div av-zero-column-padding first  avia-builder-el-4  el_after_av_one_full  el_before_av_hr  column-top-margin\" style='border-radius:0px; '><section class=\"av_textblock_section \"  itemscope=\"itemscope\" itemtype=\"https:\/\/schema.org\/BlogPosting\" itemprop=\"blogPost\" ><div class='avia_textblock  '   itemprop=\"text\" ><p style=\"text-align: justify;\">Una de las actividades m\u00e1s esperadas por los ni\u00f1os y ni\u00f1as es la conocida \u201cPascua del Conejo\u201d, instancia que permite a los m\u00e1s peque\u00f1os compartir entre ellos, buscar los huevitos y sorpresas de chocolate. Precisamente, con la idea de llevar a cabo una instancia de encuentro y donde los peque\u00f1os puedan asistir junto a sus padres, la Ilustre Municipalidad de Ays\u00e9n a trav\u00e9s de la Direcci\u00f3n de Desarrollo Comunitario, su \u00e1rea de Cultura y los programas de infancia, llevar\u00e1n a cabo la jornada \u201cesperando al Conejito\u201d.<\/p>\n<p style=\"text-align: justify;\">Edith Villarroel, integra el equipo de Cultura Municipal, fue la encargada de invitar a los m\u00e1s peque\u00f1os del hogar a sumarse a esta actividad que, inicialmente se piensa realizar en la Plaza de Armas de Puerto Ays\u00e9n y si las condiciones clim\u00e1ticas no son favorables, se cambiara la Casa de la Cultura.<\/p>\n<p style=\"text-align: justify;\">\u201cLa Ilustre Municipalidad de Ays\u00e9n a trav\u00e9s de la Direcci\u00f3n de Desarrollo Comunitario, la Unidad de Cultura y los programas de infancia, hemos organizado una actividad familiar y recreativa. Queremos invitar a todos los ni\u00f1os, ni\u00f1as y adolescentes, a una actividad entretenida de juegos, pinta carita, baile entretenido y lo m\u00e1s importante esperar al conejito de pascua. Vamos a tener algunos circuitos de juegos entretenidos y finalizaremos con la entrega de los huevitos. Esta actividad se va a realizar en primera instancia en la Plaza de Armas y en caso de lluvia o mal tiempo, nos vamos a mover al primer piso de la casa de la cultura. La actividad va a comenzar a las 15 horas y se va a extender aproximadamente hasta las 18 horas de este jueves 28 de marzo, est\u00e1n todos invitados\u201d.<\/p>\n<p style=\"text-align: justify;\">Ser\u00e1 una actividad entretenida, din\u00e1mica y pensada en los m\u00e1s peque\u00f1os del hogar, este jueves 28 de marzo, desde las 3 de la tarde, en la Plaza de Armas de Puerto Ays\u00e9n \u201cesperando al Conejito\u201d.<\/p>\n<\/div><\/section><\/div><div  style='height:50px' class='hr hr-invisible   avia-builder-el-6  el_after_av_one_full  el_before_av_social_share '><span class='hr-inner ' ><span class='hr-inner-style'><\/span><\/span><\/div><\/p>\n<div  class='av-social-sharing-box  avia-builder-el-7  el_after_av_hr  el_before_av_hr  '><div class='av-share-box'><h5 class='av-share-link-description av-no-toc '>Compartir esta noticia<\/h5><ul class='av-share-box-list noLightbox'><li class='av-share-link av-social-link-facebook' ><a target=\"_blank\" aria-label=\"Compartir en Facebook\" href='https:\/\/www.facebook.com\/sharer.php?u=https:\/\/radiorevelacionfm.cl\/?p=40750&#038;t=En%20Puerto%20Ays%C3%A9n%20invitan%20a%20ni%C3%B1os%20y%20ni%C3%B1as%20a%20la%20actividad%20%E2%80%9CEsperando%20al%20Conejito%E2%80%9D' aria-hidden='false' data-av_icon='\ue8f3' data-av_iconfont='entypo-fontello' title='' data-avia-related-tooltip='Compartir en Facebook' rel=\"noopener\"><span class='avia_hidden_link_text'>Compartir en Facebook<\/span><\/a><\/li><li class='av-share-link av-social-link-twitter' ><a target=\"_blank\" aria-label=\"Compartir en Twitter\" href='https:\/\/twitter.com\/share?text=En%20Puerto%20Ays%C3%A9n%20invitan%20a%20ni%C3%B1os%20y%20ni%C3%B1as%20a%20la%20actividad%20%E2%80%9CEsperando%20al%20Conejito%E2%80%9D&#038;url=https:\/\/radiorevelacionfm.cl\/?p=40750' aria-hidden='false' data-av_icon='\ue8f1' data-av_iconfont='entypo-fontello' title='' data-avia-related-tooltip='Compartir en Twitter' rel=\"noopener\"><span class='avia_hidden_link_text'>Compartir en Twitter<\/span><\/a><\/li><li class='av-share-link av-social-link-whatsapp' ><a target=\"_blank\" aria-label=\"Compartir en Whatsapp\" href='https:\/\/api.whatsapp.com\/send?text=https:\/\/radiorevelacionfm.cl\/?p=40750' aria-hidden='false' data-av_icon='\uf232' data-av_iconfont='entypo-fontello' title='' data-avia-related-tooltip='Compartir en Whatsapp' rel=\"noopener\"><span class='avia_hidden_link_text'>Compartir en Whatsapp<\/span><\/a><\/li><li class='av-share-link av-social-link-linkedin' ><a target=\"_blank\" aria-label=\"Compartir en LinkedIn\" href='https:\/\/linkedin.com\/shareArticle?mini=true&#038;title=En%20Puerto%20Ays%C3%A9n%20invitan%20a%20ni%C3%B1os%20y%20ni%C3%B1as%20a%20la%20actividad%20%E2%80%9CEsperando%20al%20Conejito%E2%80%9D&#038;url=https:\/\/radiorevelacionfm.cl\/?p=40750' aria-hidden='false' data-av_icon='\ue8fc' data-av_iconfont='entypo-fontello' title='' data-avia-related-tooltip='Compartir en LinkedIn' rel=\"noopener\"><span class='avia_hidden_link_text'>Compartir en LinkedIn<\/span><\/a><\/li><li class='av-share-link av-social-link-mail' ><a  aria-label=\"Compartir por correo\" href='mailto:?subject=En%20Puerto%20Ays%C3%A9n%20invitan%20a%20ni%C3%B1os%20y%20ni%C3%B1as%20a%20la%20actividad%20%E2%80%9CEsperando%20al%20Conejito%E2%80%9D&#038;body=https:\/\/radiorevelacionfm.cl\/?p=40750' aria-hidden='false' data-av_icon='\ue805' data-av_iconfont='entypo-fontello' title='' data-avia-related-tooltip='Compartir por correo'><span class='avia_hidden_link_text'>Compartir por correo<\/span><\/a><\/li><\/ul><\/div><\/div>\n<div  style='height:50px' class='hr hr-invisible   avia-builder-el-8  el_after_av_social_share  el_before_av_comments_list '><span class='hr-inner ' ><span class='hr-inner-style'><\/span><\/span><\/div>\n<div  class='av-buildercomment  av-blog-meta-html-info-disabled av-blog-meta-tag-disabled  '><\/div>\n","protected":false},"excerpt":{"rendered":"","protected":false},"author":1,"featured_media":40751,"comment_status":"open","ping_status":"open","sticky":false,"template":"","format":"standard","meta":{"footnotes":""},"categories":[38],"tags":[],"class_list":["post-40750","post","type-post","status-publish","format-standard","has-post-thumbnail","hentry","category-regional"],"jetpack_featured_media_url":"https:\/\/radiorevelacionfm.cl\/wp-content\/uploads\/2024\/03\/esperando-al-conejito-1_optimized.jpg","_links":{"self":[{"href":"https:\/\/radiorevelacionfm.cl\/index.php?rest_route=\/wp\/v2\/posts\/40750","targetHints":{"allow":["GET"]}}],"collection":[{"href":"https:\/\/radiorevelacionfm.cl\/index.php?rest_route=\/wp\/v2\/posts"}],"about":[{"href":"https:\/\/radiorevelacionfm.cl\/index.php?rest_route=\/wp\/v2\/types\/post"}],"author":[{"embeddable":true,"href":"https:\/\/radiorevelacionfm.cl\/index.php?rest_route=\/wp\/v2\/users\/1"}],"replies":[{"embeddable":true,"href":"https:\/\/radiorevelacionfm.cl\/index.php?rest_route=%2Fwp%2Fv2%2Fcomments&post=40750"}],"version-history":[{"count":1,"href":"https:\/\/radiorevelacionfm.cl\/index.php?rest_route=\/wp\/v2\/posts\/40750\/revisions"}],"predecessor-version":[{"id":40752,"href":"https:\/\/radiorevelacionfm.cl\/index.php?rest_route=\/wp\/v2\/posts\/40750\/revisions\/40752"}],"wp:featuredmedia":[{"embeddable":true,"href":"https:\/\/radiorevelacionfm.cl\/index.php?rest_route=\/wp\/v2\/media\/40751"}],"wp:attachment":[{"href":"https:\/\/radiorevelacionfm.cl\/index.php?rest_route=%2Fwp%2Fv2%2Fmedia&parent=40750"}],"wp:term":[{"taxonomy":"category","embeddable":true,"href":"https:\/\/radiorevelacionfm.cl\/index.php?rest_route=%2Fwp%2Fv2%2Fcategories&post=40750"},{"taxonomy":"post_tag","embeddable":true,"href":"https:\/\/radiorevelacionfm.cl\/index.php?rest_route=%2Fwp%2Fv2%2Ftags&post=40750"}],"curies":[{"name":"wp","href":"https:\/\/api.w.org\/{rel}","templated":true}]}}