{"id":40747,"date":"2024-03-27T10:44:00","date_gmt":"2024-03-27T13:44:00","guid":{"rendered":"https:\/\/radiorevelacionfm.cl\/?p=40747"},"modified":"2024-03-27T10:44:00","modified_gmt":"2024-03-27T13:44:00","slug":"dan-inicio-al-periodo-de-gestion-de-episodios-criticos-2024-en-coyhaique","status":"publish","type":"post","link":"https:\/\/radiorevelacionfm.cl\/?p=40747","title":{"rendered":"Dan inicio al per\u00edodo de gesti\u00f3n de episodios cr\u00edticos 2024 en Coyhaique"},"content":{"rendered":"<div class=\"flex_column av_one_full  flex_column_div av-zero-column-padding first  avia-builder-el-0  el_before_av_one_full  avia-builder-el-first  \" style='border-radius:0px; '><div  class='avia-image-container  av-styling-    avia-builder-el-1  avia-builder-el-no-sibling  avia-align-center '  itemprop=\"image\" itemscope=\"itemscope\" itemtype=\"https:\/\/schema.org\/ImageObject\"  ><div class='avia-image-container-inner'><div class='avia-image-overlay-wrap'><img decoding=\"async\" class='wp-image-40763 avia-img-lazy-loading-not-40763 avia_image' src=\"https:\/\/radiorevelacionfm.cl\/wp-content\/uploads\/2024\/03\/contaminacion_coyhaique-1_optimized.jpg\" alt='' title='contaminacion_coyhaique-(1)_optimized' height=\"600\" width=\"882\"  itemprop=\"thumbnailUrl\" srcset=\"https:\/\/radiorevelacionfm.cl\/wp-content\/uploads\/2024\/03\/contaminacion_coyhaique-1_optimized.jpg 882w, https:\/\/radiorevelacionfm.cl\/wp-content\/uploads\/2024\/03\/contaminacion_coyhaique-1_optimized-300x204.jpg 300w, https:\/\/radiorevelacionfm.cl\/wp-content\/uploads\/2024\/03\/contaminacion_coyhaique-1_optimized-768x522.jpg 768w, https:\/\/radiorevelacionfm.cl\/wp-content\/uploads\/2024\/03\/contaminacion_coyhaique-1_optimized-705x480.jpg 705w, https:\/\/radiorevelacionfm.cl\/wp-content\/uploads\/2024\/03\/contaminacion_coyhaique-1_optimized-450x306.jpg 450w, https:\/\/radiorevelacionfm.cl\/wp-content\/uploads\/2024\/03\/contaminacion_coyhaique-1_optimized-600x408.jpg 600w\" sizes=\"(max-width: 882px) 100vw, 882px\" \/><\/div><\/div><\/div><\/div><div class=\"flex_column av_one_full  flex_column_div av-zero-column-padding first  avia-builder-el-2  el_after_av_one_full  el_before_av_one_full  column-top-margin\" style='border-radius:0px; '><section class=\"av_textblock_section \"  itemscope=\"itemscope\" itemtype=\"https:\/\/schema.org\/BlogPosting\" itemprop=\"blogPost\" ><div class='avia_textblock  '   itemprop=\"text\" ><p style=\"text-align: center;\"><strong><span style=\"font-size: 18pt;\">Dan inicio al per\u00edodo de gesti\u00f3n de episodios cr\u00edticos 2024 en Coyhaique<\/span><\/strong><\/p>\n<div id=\"gtx-trans\" style=\"position: absolute; left: -50px; top: 4.31534px;\">\n<div class=\"gtx-trans-icon\"><\/div>\n<\/div>\n<\/div><\/section><\/div><\/p>\n<div class=\"flex_column av_one_full  flex_column_div av-zero-column-padding first  avia-builder-el-4  el_after_av_one_full  el_before_av_hr  column-top-margin\" style='border-radius:0px; '><section class=\"av_textblock_section \"  itemscope=\"itemscope\" itemtype=\"https:\/\/schema.org\/BlogPosting\" itemprop=\"blogPost\" ><div class='avia_textblock  '   itemprop=\"text\" ><p style=\"text-align: justify;\">Autoridades regionales encabezadas por el delegado presidencial Rodrigo Araya, dieron inicio al periodo de Gesti\u00f3n de Episodios Cr\u00edticos para la zona saturada de Coyhaique.<\/p>\n<p style=\"text-align: justify;\">El anuncio fue realizado durante la ma\u00f1ana del martes 26, en el sitio de funcionamiento de la estaci\u00f3n de monitoreo \u201cCoyhaique 2\u201d y cont\u00f3 con la participaci\u00f3n del seremi de Medio Ambiente, Yoal D\u00edaz y el jefe de la Oficina Regional de la Superintendencia del Medio Ambiente, Oscar Leal.<\/p>\n<p style=\"text-align: justify;\">En la ocasi\u00f3n, se inform\u00f3 que este per\u00edodo est\u00e1 estipulado en el Plan de Descontaminaci\u00f3n (PDA) de Coyhaique y se extiende desde el 1 de abril y hasta el 30 de septiembre. Se se\u00f1al\u00f3 asimismo que en el marco de este proceso, se entregar\u00e1 diariamente informaci\u00f3n sobre la calidad del aire, a trav\u00e9s de redes sociales de la Seremi de Medio Ambiente, tanto en Facebook como en X, as\u00ed como en la p\u00e1gina web\u00a0<a href=\"http:\/\/www.airecoyhaique.mma.gob.cl\/\">www.airecoyhaique.mma.gob.cl<\/a>\u00a0Durante la actividad, las autoridades valoraron los avances registrados a partir del Plan de Descontaminaci\u00f3n de Coyhaique.<\/p>\n<p style=\"text-align: justify;\">El delegado regional se\u00f1al\u00f3 que este instrumento ha generado un impacto m\u00e1s all\u00e1 del recambio de calefactores. \u201cEl Plan de Descontaminaci\u00f3n de Coyhaique, que ya cumple varios a\u00f1os, ha mostrado eficacia con respecto a los 4 principales temas que abordaba, que son el recambio de calefactores, el aislamiento t\u00e9rmico de las viviendas donde llevamos m\u00e1s de 5.000 con este mejoramiento, la educaci\u00f3n y la vigilancia de los episodios. Por lo tanto queremos comentarles que estamos en un a\u00f1o en que tenemos que iniciar un proceso de evaluaci\u00f3n del Plan de Descontaminaci\u00f3n\u201d, indic\u00f3 el representante de gobierno.<\/p>\n<p style=\"text-align: justify;\">En la misma l\u00ednea, el seremi Yoal D\u00edaz mencion\u00f3 que la capital regional de Ays\u00e9n ha avanzado en descontaminaci\u00f3n de forma destacada. \u201cEs importante mencionar que somos la ciudad que m\u00e1s ha avanzado en descontaminaci\u00f3n a nivel sudamericano. Y eso tambi\u00e9n tiene que ser una se\u00f1al.<\/p>\n<p style=\"text-align: justify;\">\u00bfTenemos que dar pasos?, s\u00ed. \u00bfTenemos una urgencia?, s\u00ed. Pero tambi\u00e9n tenemos que ser capaces de leer que tenemos que avanzar y todas y todos vamos a lograr este objetivo\u201d, indic\u00f3 el secretario ministerial. Durante per\u00edodo de gesti\u00f3n de episodios cr\u00edticos la ciudadan\u00eda debe mantenerse atenta a las recomendaciones y restricciones estipuladas. Para los d\u00edas de alerta, existe prohibici\u00f3n de uso de m\u00e1s de un artefacto a le\u00f1a por vivienda, durante 24 horas.<\/p>\n<p style=\"text-align: justify;\">En este sentido, se except\u00faan los calefactores que cumplen con la Norma de Emisi\u00f3n, as\u00ed como aquellos que son parte del Programa de Recambio de Calefactores. En los d\u00edas de preemergencia, existe igualmente prohibici\u00f3n de uso de m\u00e1s de un artefacto a le\u00f1a por vivienda, durante 24 horas, con las mismas excepciones que rigen para el caso anterior.<\/p>\n<p style=\"text-align: justify;\">A esto se suma la prohibici\u00f3n de funcionamiento entre las 18:00 y las 06:00 horas, de calderas industriales y de calefacci\u00f3n, que presenten emisiones iguales o superiores a 50 mg\/m3N de material particulado, exceptuando las que utilicen combustible gaseoso en forma exclusiva y permanente. Las prohibiciones para los d\u00edas de emergencia son similares a las que aplican para las preemergencias, pero con una restricci\u00f3n mayor para el funcionamiento de calderas industriales y de calefacci\u00f3n, la que se extiende en este caso por 24 horas.<\/p>\n<p style=\"text-align: justify;\">Sobre la aplicaci\u00f3n de estas medidas, el Jefe de la oficina Regional de la Superintendencia del Medio Ambiente, Oscar Leal, asegur\u00f3 que el proceso de fiscalizaci\u00f3n requiere de la acci\u00f3n complementaria de una comunidad consciente. \u201cContinuaremos el proceso de fiscalizaci\u00f3n que hemos realizado todos estos a\u00f1os. En este proceso hay dos aportes muy importantes. Por una parte, los servicios p\u00fablicos y por otra, la colaboraci\u00f3n de la comunidad, sobre todo aquellos hogares que puedan utilizar un combustible distinto a la le\u00f1a, el llamado es a que lo hagan, por el bien de la familia y los vecinos, y tambi\u00e9n un llamado muy importante a consumir le\u00f1a seca\u201d, indic\u00f3 el representante de la Superintendencia.<\/p>\n<p style=\"text-align: justify;\">La Gesti\u00f3n de Episodios Cr\u00edticos tiene como finalidad proteger la salud de la poblaci\u00f3n disminuyendo su exposici\u00f3n a la contaminaci\u00f3n del aire por material particulado y que adem\u00e1s de las medidas ya mencionadas incorpora otras como la prohibici\u00f3n permanente del uso del fuego para la quema de rastrojos, y de cualquier tipo de vegetaci\u00f3n viva o muerta en terrenos agr\u00edcolas, ganaderos o de aptitud preferentemente forestal, dentro de la zona suscrita al plan, as\u00ed como la prohibici\u00f3n de quema de neum\u00e1ticos, hojas secas, ramas y\/o todo tipo de residuos al aire libre, en la v\u00eda p\u00fablica o recintos privados.<\/p>\n<\/div><\/section><\/div>\n<div  style='height:50px' class='hr hr-invisible   avia-builder-el-6  el_after_av_one_full  el_before_av_social_share '><span class='hr-inner ' ><span class='hr-inner-style'><\/span><\/span><\/div>\n<div  class='av-social-sharing-box  avia-builder-el-7  el_after_av_hr  el_before_av_hr  '><div class='av-share-box'><h5 class='av-share-link-description av-no-toc '>Compartir esta noticia<\/h5><ul class='av-share-box-list noLightbox'><li class='av-share-link av-social-link-facebook' ><a target=\"_blank\" aria-label=\"Compartir en Facebook\" href='https:\/\/www.facebook.com\/sharer.php?u=https:\/\/radiorevelacionfm.cl\/?p=40747&#038;t=Dan%20inicio%20al%20per%C3%ADodo%20de%20gesti%C3%B3n%20de%20episodios%20cr%C3%ADticos%202024%20en%20Coyhaique' aria-hidden='false' data-av_icon='\ue8f3' data-av_iconfont='entypo-fontello' title='' data-avia-related-tooltip='Compartir en Facebook' rel=\"noopener\"><span class='avia_hidden_link_text'>Compartir en Facebook<\/span><\/a><\/li><li class='av-share-link av-social-link-twitter' ><a target=\"_blank\" aria-label=\"Compartir en Twitter\" href='https:\/\/twitter.com\/share?text=Dan%20inicio%20al%20per%C3%ADodo%20de%20gesti%C3%B3n%20de%20episodios%20cr%C3%ADticos%202024%20en%20Coyhaique&#038;url=https:\/\/radiorevelacionfm.cl\/?p=40747' aria-hidden='false' data-av_icon='\ue8f1' data-av_iconfont='entypo-fontello' title='' data-avia-related-tooltip='Compartir en Twitter' rel=\"noopener\"><span class='avia_hidden_link_text'>Compartir en Twitter<\/span><\/a><\/li><li class='av-share-link av-social-link-whatsapp' ><a target=\"_blank\" aria-label=\"Compartir en Whatsapp\" href='https:\/\/api.whatsapp.com\/send?text=https:\/\/radiorevelacionfm.cl\/?p=40747' aria-hidden='false' data-av_icon='\uf232' data-av_iconfont='entypo-fontello' title='' data-avia-related-tooltip='Compartir en Whatsapp' rel=\"noopener\"><span class='avia_hidden_link_text'>Compartir en Whatsapp<\/span><\/a><\/li><li class='av-share-link av-social-link-linkedin' ><a target=\"_blank\" aria-label=\"Compartir en LinkedIn\" href='https:\/\/linkedin.com\/shareArticle?mini=true&#038;title=Dan%20inicio%20al%20per%C3%ADodo%20de%20gesti%C3%B3n%20de%20episodios%20cr%C3%ADticos%202024%20en%20Coyhaique&#038;url=https:\/\/radiorevelacionfm.cl\/?p=40747' aria-hidden='false' data-av_icon='\ue8fc' data-av_iconfont='entypo-fontello' title='' data-avia-related-tooltip='Compartir en LinkedIn' rel=\"noopener\"><span class='avia_hidden_link_text'>Compartir en LinkedIn<\/span><\/a><\/li><li class='av-share-link av-social-link-mail' ><a  aria-label=\"Compartir por correo\" href='mailto:?subject=Dan%20inicio%20al%20per%C3%ADodo%20de%20gesti%C3%B3n%20de%20episodios%20cr%C3%ADticos%202024%20en%20Coyhaique&#038;body=https:\/\/radiorevelacionfm.cl\/?p=40747' aria-hidden='false' data-av_icon='\ue805' data-av_iconfont='entypo-fontello' title='' data-avia-related-tooltip='Compartir por correo'><span class='avia_hidden_link_text'>Compartir por correo<\/span><\/a><\/li><\/ul><\/div><\/div>\n<div  style='height:50px' class='hr hr-invisible   avia-builder-el-8  el_after_av_social_share  el_before_av_comments_list '><span class='hr-inner ' ><span class='hr-inner-style'><\/span><\/span><\/div>\n<div  class='av-buildercomment  av-blog-meta-html-info-disabled av-blog-meta-tag-disabled  '><\/div>\n","protected":false},"excerpt":{"rendered":"","protected":false},"author":1,"featured_media":40763,"comment_status":"open","ping_status":"open","sticky":false,"template":"","format":"standard","meta":{"footnotes":""},"categories":[39],"tags":[],"class_list":["post-40747","post","type-post","status-publish","format-standard","has-post-thumbnail","hentry","category-medio-ambiente"],"jetpack_featured_media_url":"https:\/\/radiorevelacionfm.cl\/wp-content\/uploads\/2024\/03\/contaminacion_coyhaique-1_optimized.jpg","_links":{"self":[{"href":"https:\/\/radiorevelacionfm.cl\/index.php?rest_route=\/wp\/v2\/posts\/40747","targetHints":{"allow":["GET"]}}],"collection":[{"href":"https:\/\/radiorevelacionfm.cl\/index.php?rest_route=\/wp\/v2\/posts"}],"about":[{"href":"https:\/\/radiorevelacionfm.cl\/index.php?rest_route=\/wp\/v2\/types\/post"}],"author":[{"embeddable":true,"href":"https:\/\/radiorevelacionfm.cl\/index.php?rest_route=\/wp\/v2\/users\/1"}],"replies":[{"embeddable":true,"href":"https:\/\/radiorevelacionfm.cl\/index.php?rest_route=%2Fwp%2Fv2%2Fcomments&post=40747"}],"version-history":[{"count":2,"href":"https:\/\/radiorevelacionfm.cl\/index.php?rest_route=\/wp\/v2\/posts\/40747\/revisions"}],"predecessor-version":[{"id":40764,"href":"https:\/\/radiorevelacionfm.cl\/index.php?rest_route=\/wp\/v2\/posts\/40747\/revisions\/40764"}],"wp:featuredmedia":[{"embeddable":true,"href":"https:\/\/radiorevelacionfm.cl\/index.php?rest_route=\/wp\/v2\/media\/40763"}],"wp:attachment":[{"href":"https:\/\/radiorevelacionfm.cl\/index.php?rest_route=%2Fwp%2Fv2%2Fmedia&parent=40747"}],"wp:term":[{"taxonomy":"category","embeddable":true,"href":"https:\/\/radiorevelacionfm.cl\/index.php?rest_route=%2Fwp%2Fv2%2Fcategories&post=40747"},{"taxonomy":"post_tag","embeddable":true,"href":"https:\/\/radiorevelacionfm.cl\/index.php?rest_route=%2Fwp%2Fv2%2Ftags&post=40747"}],"curies":[{"name":"wp","href":"https:\/\/api.w.org\/{rel}","templated":true}]}}