{"id":40744,"date":"2024-03-27T09:57:47","date_gmt":"2024-03-27T12:57:47","guid":{"rendered":"https:\/\/radiorevelacionfm.cl\/?p=40744"},"modified":"2024-03-27T09:57:47","modified_gmt":"2024-03-27T12:57:47","slug":"impulsan-jornadas-educativas-en-escuelas-publicas-para-el-cuidado-de-los-bosques-en-la-region","status":"publish","type":"post","link":"https:\/\/radiorevelacionfm.cl\/?p=40744","title":{"rendered":"Impulsan jornadas educativas en escuelas p\u00fablicas para el cuidado de los bosques en la regi\u00f3n"},"content":{"rendered":"<div class=\"flex_column av_one_full  flex_column_div av-zero-column-padding first  avia-builder-el-0  el_before_av_one_full  avia-builder-el-first  \" style='border-radius:0px; '><div  class='avia-image-container  av-styling-    avia-builder-el-1  avia-builder-el-no-sibling  avia-align-center '  itemprop=\"image\" itemscope=\"itemscope\" itemtype=\"https:\/\/schema.org\/ImageObject\"  ><div class='avia-image-container-inner'><div class='avia-image-overlay-wrap'><img decoding=\"async\" class='wp-image-40745 avia-img-lazy-loading-not-40745 avia_image' src=\"https:\/\/radiorevelacionfm.cl\/wp-content\/uploads\/2024\/03\/DDBosques-Escuela-Victor-Domingo-Silva-02-1-1.jpeg\" alt='' title='DDBosques - Escuela V\u00edctor Domingo Silva 02 (1) (1)' height=\"600\" width=\"800\"  itemprop=\"thumbnailUrl\" srcset=\"https:\/\/radiorevelacionfm.cl\/wp-content\/uploads\/2024\/03\/DDBosques-Escuela-Victor-Domingo-Silva-02-1-1.jpeg 800w, https:\/\/radiorevelacionfm.cl\/wp-content\/uploads\/2024\/03\/DDBosques-Escuela-Victor-Domingo-Silva-02-1-1-300x225.jpeg 300w, https:\/\/radiorevelacionfm.cl\/wp-content\/uploads\/2024\/03\/DDBosques-Escuela-Victor-Domingo-Silva-02-1-1-768x576.jpeg 768w, https:\/\/radiorevelacionfm.cl\/wp-content\/uploads\/2024\/03\/DDBosques-Escuela-Victor-Domingo-Silva-02-1-1-705x529.jpeg 705w, https:\/\/radiorevelacionfm.cl\/wp-content\/uploads\/2024\/03\/DDBosques-Escuela-Victor-Domingo-Silva-02-1-1-450x338.jpeg 450w, https:\/\/radiorevelacionfm.cl\/wp-content\/uploads\/2024\/03\/DDBosques-Escuela-Victor-Domingo-Silva-02-1-1-600x450.jpeg 600w\" sizes=\"(max-width: 800px) 100vw, 800px\" \/><\/div><\/div><\/div><\/div><div class=\"flex_column av_one_full  flex_column_div av-zero-column-padding first  avia-builder-el-2  el_after_av_one_full  el_before_av_one_full  column-top-margin\" style='border-radius:0px; '><section class=\"av_textblock_section \"  itemscope=\"itemscope\" itemtype=\"https:\/\/schema.org\/BlogPosting\" itemprop=\"blogPost\" ><div class='avia_textblock  '   itemprop=\"text\" ><p style=\"text-align: center;\"><strong><span style=\"font-size: 18pt;\">Impulsan jornadas educativas en escuelas p\u00fablicas para el cuidado de los bosques en la regi\u00f3n<\/span><\/strong><\/p>\n<div id=\"gtx-trans\" style=\"position: absolute; left: -50px; top: 4.31534px;\">\n<div class=\"gtx-trans-icon\"><\/div>\n<\/div>\n<\/div><\/section><\/div><div class=\"flex_column av_one_full  flex_column_div av-zero-column-padding first  avia-builder-el-4  el_after_av_one_full  el_before_av_hr  column-top-margin\" style='border-radius:0px; '><section class=\"av_textblock_section \"  itemscope=\"itemscope\" itemtype=\"https:\/\/schema.org\/BlogPosting\" itemprop=\"blogPost\" ><div class='avia_textblock  '   itemprop=\"text\" ><p style=\"text-align: justify;\"><i>Las instancias desarrolladas entre el jueves 21 y el viernes 22 de marzo beneficiaron a m\u00e1s de 200 ni\u00f1as y ni\u00f1os, entre primero b\u00e1sico a cuarto medio.<\/i><\/p>\n<p style=\"text-align: justify;\">El seremi Eugenio Ruiz, junto a CONAF Ays\u00e9n y a trav\u00e9s del Servicio Local de Educaci\u00f3n P\u00fablica de Ays\u00e9n (SLEP), desarrollaron ciclos educativos a ni\u00f1as y ni\u00f1os de escuelas p\u00fablicas en dos provincias de la regi\u00f3n, de cara al D\u00eda Internacional de los Bosques y con el objetivo de concientizar sobre su cuidado y protecci\u00f3n.<\/p>\n<p style=\"text-align: justify;\">En este sentido, el seremi Eugenio Ruiz destac\u00f3 que \u00abel 41% del territorio en la regi\u00f3n de Ays\u00e9n forma parte del bosque nativo, lo que consideramos valioso para impulsar su cuidado de forma integral. Es por esto que como Secretar\u00eda Regional del Ministerio de Agricultura, activamos un ciclo de charlas en escuelas p\u00fablicas de La Junta, Puerto Ays\u00e9n y Coyhaique, con el prop\u00f3sito de impulsar desde la infancia y de una manera l\u00fadica, como la plantaci\u00f3n de \u00e1rboles nativos, el promover una mejor y m\u00e1s respetuosa convivencia con nuestro entorno natural\u00bb.<\/p>\n<p style=\"text-align: justify;\">En Coyhaique, ni\u00f1as y ni\u00f1os de la Escuela Nieves del Sur y V\u00edctor Domingo Silva fueron part\u00edcipes de las jornadas. En tanto, las y los guardaparques y personal t\u00e9cnico de Conaf Ays\u00e9n tambi\u00e9n estuvieron presentes en la Escuela Eusebio Ibar Scheppeller, de La Junta, y la Escuela B\u00e1sica Ribera Sur, de Puerto Ays\u00e9n.<\/p>\n<p style=\"text-align: justify;\">Asimismo, el director (I) regional de CONAF, Ronald Valenzuela, se\u00f1al\u00f3 que \u00abcreemos que hoy es un d\u00eda para relevar el compromiso de CONAF con la restauraci\u00f3n, recuperaci\u00f3n y protecci\u00f3n de los ecosistemas boscosos y xerof\u00edticos, el que es un trabajo de suma importancia para la regulaci\u00f3n del agua en los distintos territorios de nuestro pa\u00eds\u00bb.<\/p>\n<p class=\"v1elementToProof\" style=\"text-align: justify;\">\u00abEn Chile existen m\u00e1s de 18 millones de hect\u00e1reas de bosques, de las cuales 14,7 millones corresponden a bosque nativo, y a prop\u00f3sito de estas cifras tambi\u00e9n es relevante socializar los programas de pol\u00edtica p\u00fablica que como instituci\u00f3n estamos desarrollando desde CONAF, como el Programa de Restauraci\u00f3n de Bosque Nativo a Gran Escala; Siembra por Chile; proyecto +Bosques, junto a Fao, y el Fondo de Conservaci\u00f3n, Recuperaci\u00f3n y Manejo Sustentable del Bosque Nativo. Todas son iniciativas fundamentales para la mejora de nuestros ecosistemas boscosos y xerof\u00edticas en su relaci\u00f3n con los ciclos h\u00eddricos que coexisten en cada uno de ellos\u00bb, finaliz\u00f3 Valenzuela<b>.<\/b><\/p>\n<\/div><\/section><\/div><div  style='height:50px' class='hr hr-invisible   avia-builder-el-6  el_after_av_one_full  el_before_av_social_share '><span class='hr-inner ' ><span class='hr-inner-style'><\/span><\/span><\/div><\/p>\n<div  class='av-social-sharing-box  avia-builder-el-7  el_after_av_hr  el_before_av_hr  '><div class='av-share-box'><h5 class='av-share-link-description av-no-toc '>Compartir esta noticia<\/h5><ul class='av-share-box-list noLightbox'><li class='av-share-link av-social-link-facebook' ><a target=\"_blank\" aria-label=\"Compartir en Facebook\" href='https:\/\/www.facebook.com\/sharer.php?u=https:\/\/radiorevelacionfm.cl\/?p=40744&#038;t=Impulsan%20jornadas%20educativas%20en%20escuelas%20p%C3%BAblicas%20para%20el%20cuidado%20de%20los%20bosques%20en%20la%20regi%C3%B3n' aria-hidden='false' data-av_icon='\ue8f3' data-av_iconfont='entypo-fontello' title='' data-avia-related-tooltip='Compartir en Facebook' rel=\"noopener\"><span class='avia_hidden_link_text'>Compartir en Facebook<\/span><\/a><\/li><li class='av-share-link av-social-link-twitter' ><a target=\"_blank\" aria-label=\"Compartir en Twitter\" href='https:\/\/twitter.com\/share?text=Impulsan%20jornadas%20educativas%20en%20escuelas%20p%C3%BAblicas%20para%20el%20cuidado%20de%20los%20bosques%20en%20la%20regi%C3%B3n&#038;url=https:\/\/radiorevelacionfm.cl\/?p=40744' aria-hidden='false' data-av_icon='\ue8f1' data-av_iconfont='entypo-fontello' title='' data-avia-related-tooltip='Compartir en Twitter' rel=\"noopener\"><span class='avia_hidden_link_text'>Compartir en Twitter<\/span><\/a><\/li><li class='av-share-link av-social-link-whatsapp' ><a target=\"_blank\" aria-label=\"Compartir en Whatsapp\" href='https:\/\/api.whatsapp.com\/send?text=https:\/\/radiorevelacionfm.cl\/?p=40744' aria-hidden='false' data-av_icon='\uf232' data-av_iconfont='entypo-fontello' title='' data-avia-related-tooltip='Compartir en Whatsapp' rel=\"noopener\"><span class='avia_hidden_link_text'>Compartir en Whatsapp<\/span><\/a><\/li><li class='av-share-link av-social-link-linkedin' ><a target=\"_blank\" aria-label=\"Compartir en LinkedIn\" href='https:\/\/linkedin.com\/shareArticle?mini=true&#038;title=Impulsan%20jornadas%20educativas%20en%20escuelas%20p%C3%BAblicas%20para%20el%20cuidado%20de%20los%20bosques%20en%20la%20regi%C3%B3n&#038;url=https:\/\/radiorevelacionfm.cl\/?p=40744' aria-hidden='false' data-av_icon='\ue8fc' data-av_iconfont='entypo-fontello' title='' data-avia-related-tooltip='Compartir en LinkedIn' rel=\"noopener\"><span class='avia_hidden_link_text'>Compartir en LinkedIn<\/span><\/a><\/li><li class='av-share-link av-social-link-mail' ><a  aria-label=\"Compartir por correo\" href='mailto:?subject=Impulsan%20jornadas%20educativas%20en%20escuelas%20p%C3%BAblicas%20para%20el%20cuidado%20de%20los%20bosques%20en%20la%20regi%C3%B3n&#038;body=https:\/\/radiorevelacionfm.cl\/?p=40744' aria-hidden='false' data-av_icon='\ue805' data-av_iconfont='entypo-fontello' title='' data-avia-related-tooltip='Compartir por correo'><span class='avia_hidden_link_text'>Compartir por correo<\/span><\/a><\/li><\/ul><\/div><\/div>\n<div  style='height:50px' class='hr hr-invisible   avia-builder-el-8  el_after_av_social_share  el_before_av_comments_list '><span class='hr-inner ' ><span class='hr-inner-style'><\/span><\/span><\/div>\n<div  class='av-buildercomment  av-blog-meta-html-info-disabled av-blog-meta-tag-disabled  '><\/div>\n","protected":false},"excerpt":{"rendered":"","protected":false},"author":1,"featured_media":40745,"comment_status":"open","ping_status":"open","sticky":false,"template":"","format":"standard","meta":{"footnotes":""},"categories":[38],"tags":[],"class_list":["post-40744","post","type-post","status-publish","format-standard","has-post-thumbnail","hentry","category-regional"],"jetpack_featured_media_url":"https:\/\/radiorevelacionfm.cl\/wp-content\/uploads\/2024\/03\/DDBosques-Escuela-Victor-Domingo-Silva-02-1-1.jpeg","_links":{"self":[{"href":"https:\/\/radiorevelacionfm.cl\/index.php?rest_route=\/wp\/v2\/posts\/40744","targetHints":{"allow":["GET"]}}],"collection":[{"href":"https:\/\/radiorevelacionfm.cl\/index.php?rest_route=\/wp\/v2\/posts"}],"about":[{"href":"https:\/\/radiorevelacionfm.cl\/index.php?rest_route=\/wp\/v2\/types\/post"}],"author":[{"embeddable":true,"href":"https:\/\/radiorevelacionfm.cl\/index.php?rest_route=\/wp\/v2\/users\/1"}],"replies":[{"embeddable":true,"href":"https:\/\/radiorevelacionfm.cl\/index.php?rest_route=%2Fwp%2Fv2%2Fcomments&post=40744"}],"version-history":[{"count":1,"href":"https:\/\/radiorevelacionfm.cl\/index.php?rest_route=\/wp\/v2\/posts\/40744\/revisions"}],"predecessor-version":[{"id":40746,"href":"https:\/\/radiorevelacionfm.cl\/index.php?rest_route=\/wp\/v2\/posts\/40744\/revisions\/40746"}],"wp:featuredmedia":[{"embeddable":true,"href":"https:\/\/radiorevelacionfm.cl\/index.php?rest_route=\/wp\/v2\/media\/40745"}],"wp:attachment":[{"href":"https:\/\/radiorevelacionfm.cl\/index.php?rest_route=%2Fwp%2Fv2%2Fmedia&parent=40744"}],"wp:term":[{"taxonomy":"category","embeddable":true,"href":"https:\/\/radiorevelacionfm.cl\/index.php?rest_route=%2Fwp%2Fv2%2Fcategories&post=40744"},{"taxonomy":"post_tag","embeddable":true,"href":"https:\/\/radiorevelacionfm.cl\/index.php?rest_route=%2Fwp%2Fv2%2Ftags&post=40744"}],"curies":[{"name":"wp","href":"https:\/\/api.w.org\/{rel}","templated":true}]}}