{"id":40741,"date":"2024-03-26T20:13:37","date_gmt":"2024-03-26T23:13:37","guid":{"rendered":"https:\/\/radiorevelacionfm.cl\/?p=40741"},"modified":"2024-03-26T20:13:37","modified_gmt":"2024-03-26T23:13:37","slug":"cchc-coyhaique-reconocio-a-estudiantes-con-premio-mejores-alumnos-y-beca-excelencia-academica","status":"publish","type":"post","link":"https:\/\/radiorevelacionfm.cl\/?p=40741","title":{"rendered":"CChC Coyhaique reconoci\u00f3 a estudiantes con Premio Mejores Alumnos y Beca Excelencia Acad\u00e9mica"},"content":{"rendered":"<div class=\"flex_column av_one_full  flex_column_div av-zero-column-padding first  avia-builder-el-0  el_before_av_one_full  avia-builder-el-first  \" style='border-radius:0px; '><div  class='avia-image-container  av-styling-    avia-builder-el-1  avia-builder-el-no-sibling  avia-align-center '  itemprop=\"image\" itemscope=\"itemscope\" itemtype=\"https:\/\/schema.org\/ImageObject\"  ><div class='avia-image-container-inner'><div class='avia-image-overlay-wrap'><img decoding=\"async\" class='wp-image-40742 avia-img-lazy-loading-not-40742 avia_image' src=\"https:\/\/radiorevelacionfm.cl\/wp-content\/uploads\/2024\/03\/Entrega-de-Becas-1-1.jpeg\" alt='' title='Entrega de Becas (1) (1)' height=\"600\" width=\"968\"  itemprop=\"thumbnailUrl\" srcset=\"https:\/\/radiorevelacionfm.cl\/wp-content\/uploads\/2024\/03\/Entrega-de-Becas-1-1.jpeg 968w, https:\/\/radiorevelacionfm.cl\/wp-content\/uploads\/2024\/03\/Entrega-de-Becas-1-1-300x186.jpeg 300w, https:\/\/radiorevelacionfm.cl\/wp-content\/uploads\/2024\/03\/Entrega-de-Becas-1-1-768x476.jpeg 768w, https:\/\/radiorevelacionfm.cl\/wp-content\/uploads\/2024\/03\/Entrega-de-Becas-1-1-705x437.jpeg 705w, https:\/\/radiorevelacionfm.cl\/wp-content\/uploads\/2024\/03\/Entrega-de-Becas-1-1-450x279.jpeg 450w, https:\/\/radiorevelacionfm.cl\/wp-content\/uploads\/2024\/03\/Entrega-de-Becas-1-1-600x372.jpeg 600w\" sizes=\"(max-width: 968px) 100vw, 968px\" \/><\/div><\/div><\/div><\/div><div class=\"flex_column av_one_full  flex_column_div av-zero-column-padding first  avia-builder-el-2  el_after_av_one_full  el_before_av_one_full  column-top-margin\" style='border-radius:0px; '><section class=\"av_textblock_section \"  itemscope=\"itemscope\" itemtype=\"https:\/\/schema.org\/BlogPosting\" itemprop=\"blogPost\" ><div class='avia_textblock  '   itemprop=\"text\" ><p style=\"text-align: center;\"><span style=\"font-size: 18pt;\"><b>CChC Coyhaique reconoci\u00f3 a estudiantes con Premio Mejores Alumnos y Beca Excelencia Acad\u00e9mica<\/b><\/span><\/p>\n<div id=\"gtx-trans\" style=\"position: absolute; left: -50px; top: 4.31534px;\">\n<div class=\"gtx-trans-icon\"><\/div>\n<\/div>\n<\/div><\/section><\/div><div class=\"flex_column av_one_full  flex_column_div av-zero-column-padding first  avia-builder-el-4  el_after_av_one_full  el_before_av_hr  column-top-margin\" style='border-radius:0px; '><section class=\"av_textblock_section \"  itemscope=\"itemscope\" itemtype=\"https:\/\/schema.org\/BlogPosting\" itemprop=\"blogPost\" ><div class='avia_textblock  '   itemprop=\"text\" ><p class=\"v1MsoNormal\" style=\"text-align: justify;\"><i>Los estudiantes reconocidos en el Lanzamiento de sus Programas Sociales 2024 por el Gremio de la Construcci\u00f3n son hijos de trabajadores de empresas asociadas y se encuentran cursando su ense\u00f1anza b\u00e1sica y media en Coyhaique.<\/i><\/p>\n<p class=\"v1MsoNormal\" style=\"text-align: justify;\">En el contexto del lanzamiento de los Programas Sociales 2024 del \u00c1rea Social, la C\u00e1mara Chilena de la Construcci\u00f3n sede Coyhaique, otorg\u00f3 este reconocimiento a 6 estudiantes y tambi\u00e9n present\u00f3 a sus asociados las novedades de sus programas \u00abManos a la Obra\u00bb y \u00abConstruye Tranquilo\u00bb, que permiten otorgar beneficios de bienestar, educaci\u00f3n y salud a los trabajadores y sus familias.<\/p>\n<p class=\"v1MsoNormal\" style=\"text-align: justify;\">\u00abTras la actividad, la presidenta de la C\u00e1mara Chilena de la Construcci\u00f3n, Alejandra Alert, expres\u00f3 que la entrega de estas becas y premio mejores alumnos, representan para nuestro Gremio el compromiso constante con el bienestar de quienes est\u00e1n en el coraz\u00f3n de cada empresa, los trabajadores. No son s\u00f3lo un reconocimiento a los logros pasados, sino tambi\u00e9n su futuro. Creemos firmemente en el poder transformador de la educaci\u00f3n y en su capacidad para abrir puertas y crear oportunidades\u00bb.<\/p>\n<p class=\"v1MsoNormal\" style=\"text-align: justify;\">\u00abDe igual manera, agradecemos al \u00c1rea Social de la C\u00e1mara y nuestras entidades, Fundaci\u00f3n Social CChC y la Corporaci\u00f3n de Salud Laboral, por la bajada que nos han entregado de los programas y beneficios que pueden incorporar las empresas en su gesti\u00f3n, que van en directo beneficio de los trabajadores y adem\u00e1s sus familias, inst\u00e1ndonos tambi\u00e9n a asumir con responsabilidad el compromiso social que es parte del sello de nuestros asociados\u00bb, Agreg\u00f3 Alert.<\/p>\n<p class=\"v1MsoNormal\" style=\"text-align: justify;\">Por su parte, el presidente del \u00c1rea Social CChC Coyhaique, Manuel Suazo, enfatiz\u00f3 que \u00abeste Rol Social, que estamos promoviendo con nuestras empresas asociadas es la capacidad que tenemos para contribuir al desarrollo y bienestar de nuestros trabajadores en los aspectos m\u00e1s amplios que puedan abarcar y que tenga un impacto con en los equipos. Aspectos tales como; salud, bienestar social o la capacitaci\u00f3n, otorg\u00e1ndose estas herramientas\u00bb.<\/p>\n<p class=\"v1MsoNormal\" style=\"text-align: justify;\">\u00abEstas instancias, para nosotros como gremio son importantes para ir precisamente fortaleciendo ese rol social y esperamos que este a\u00f1o sean muchas m\u00e1s las que se sumen y usen los recursos que se ponen a disposici\u00f3n a trav\u00e9s del Manos a la Obra y los Programas Sociales\u00bb, concluy\u00f3 el dirigente gremial.<\/p>\n<\/div><\/section><\/div><div  style='height:50px' class='hr hr-invisible   avia-builder-el-6  el_after_av_one_full  el_before_av_social_share '><span class='hr-inner ' ><span class='hr-inner-style'><\/span><\/span><\/div><\/p>\n<div  class='av-social-sharing-box  avia-builder-el-7  el_after_av_hr  el_before_av_hr  '><div class='av-share-box'><h5 class='av-share-link-description av-no-toc '>Compartir esta noticia<\/h5><ul class='av-share-box-list noLightbox'><li class='av-share-link av-social-link-facebook' ><a target=\"_blank\" aria-label=\"Compartir en Facebook\" href='https:\/\/www.facebook.com\/sharer.php?u=https:\/\/radiorevelacionfm.cl\/?p=40741&#038;t=CChC%20Coyhaique%20reconoci%C3%B3%20a%20estudiantes%20con%20Premio%20Mejores%20Alumnos%20y%20Beca%20Excelencia%20Acad%C3%A9mica' aria-hidden='false' data-av_icon='\ue8f3' data-av_iconfont='entypo-fontello' title='' data-avia-related-tooltip='Compartir en Facebook' rel=\"noopener\"><span class='avia_hidden_link_text'>Compartir en Facebook<\/span><\/a><\/li><li class='av-share-link av-social-link-twitter' ><a target=\"_blank\" aria-label=\"Compartir en Twitter\" href='https:\/\/twitter.com\/share?text=CChC%20Coyhaique%20reconoci%C3%B3%20a%20estudiantes%20con%20Premio%20Mejores%20Alumnos%20y%20Beca%20Excelencia%20Acad%C3%A9mica&#038;url=https:\/\/radiorevelacionfm.cl\/?p=40741' aria-hidden='false' data-av_icon='\ue8f1' data-av_iconfont='entypo-fontello' title='' data-avia-related-tooltip='Compartir en Twitter' rel=\"noopener\"><span class='avia_hidden_link_text'>Compartir en Twitter<\/span><\/a><\/li><li class='av-share-link av-social-link-whatsapp' ><a target=\"_blank\" aria-label=\"Compartir en Whatsapp\" href='https:\/\/api.whatsapp.com\/send?text=https:\/\/radiorevelacionfm.cl\/?p=40741' aria-hidden='false' data-av_icon='\uf232' data-av_iconfont='entypo-fontello' title='' data-avia-related-tooltip='Compartir en Whatsapp' rel=\"noopener\"><span class='avia_hidden_link_text'>Compartir en Whatsapp<\/span><\/a><\/li><li class='av-share-link av-social-link-linkedin' ><a target=\"_blank\" aria-label=\"Compartir en LinkedIn\" href='https:\/\/linkedin.com\/shareArticle?mini=true&#038;title=CChC%20Coyhaique%20reconoci%C3%B3%20a%20estudiantes%20con%20Premio%20Mejores%20Alumnos%20y%20Beca%20Excelencia%20Acad%C3%A9mica&#038;url=https:\/\/radiorevelacionfm.cl\/?p=40741' aria-hidden='false' data-av_icon='\ue8fc' data-av_iconfont='entypo-fontello' title='' data-avia-related-tooltip='Compartir en LinkedIn' rel=\"noopener\"><span class='avia_hidden_link_text'>Compartir en LinkedIn<\/span><\/a><\/li><li class='av-share-link av-social-link-mail' ><a  aria-label=\"Compartir por correo\" href='mailto:?subject=CChC%20Coyhaique%20reconoci%C3%B3%20a%20estudiantes%20con%20Premio%20Mejores%20Alumnos%20y%20Beca%20Excelencia%20Acad%C3%A9mica&#038;body=https:\/\/radiorevelacionfm.cl\/?p=40741' aria-hidden='false' data-av_icon='\ue805' data-av_iconfont='entypo-fontello' title='' data-avia-related-tooltip='Compartir por correo'><span class='avia_hidden_link_text'>Compartir por correo<\/span><\/a><\/li><\/ul><\/div><\/div>\n<div  style='height:50px' class='hr hr-invisible   avia-builder-el-8  el_after_av_social_share  el_before_av_comments_list '><span class='hr-inner ' ><span class='hr-inner-style'><\/span><\/span><\/div>\n<div  class='av-buildercomment  av-blog-meta-html-info-disabled av-blog-meta-tag-disabled  '><\/div>\n","protected":false},"excerpt":{"rendered":"","protected":false},"author":1,"featured_media":40742,"comment_status":"open","ping_status":"open","sticky":false,"template":"","format":"standard","meta":{"footnotes":""},"categories":[38],"tags":[],"class_list":["post-40741","post","type-post","status-publish","format-standard","has-post-thumbnail","hentry","category-regional"],"jetpack_featured_media_url":"https:\/\/radiorevelacionfm.cl\/wp-content\/uploads\/2024\/03\/Entrega-de-Becas-1-1.jpeg","_links":{"self":[{"href":"https:\/\/radiorevelacionfm.cl\/index.php?rest_route=\/wp\/v2\/posts\/40741","targetHints":{"allow":["GET"]}}],"collection":[{"href":"https:\/\/radiorevelacionfm.cl\/index.php?rest_route=\/wp\/v2\/posts"}],"about":[{"href":"https:\/\/radiorevelacionfm.cl\/index.php?rest_route=\/wp\/v2\/types\/post"}],"author":[{"embeddable":true,"href":"https:\/\/radiorevelacionfm.cl\/index.php?rest_route=\/wp\/v2\/users\/1"}],"replies":[{"embeddable":true,"href":"https:\/\/radiorevelacionfm.cl\/index.php?rest_route=%2Fwp%2Fv2%2Fcomments&post=40741"}],"version-history":[{"count":1,"href":"https:\/\/radiorevelacionfm.cl\/index.php?rest_route=\/wp\/v2\/posts\/40741\/revisions"}],"predecessor-version":[{"id":40743,"href":"https:\/\/radiorevelacionfm.cl\/index.php?rest_route=\/wp\/v2\/posts\/40741\/revisions\/40743"}],"wp:featuredmedia":[{"embeddable":true,"href":"https:\/\/radiorevelacionfm.cl\/index.php?rest_route=\/wp\/v2\/media\/40742"}],"wp:attachment":[{"href":"https:\/\/radiorevelacionfm.cl\/index.php?rest_route=%2Fwp%2Fv2%2Fmedia&parent=40741"}],"wp:term":[{"taxonomy":"category","embeddable":true,"href":"https:\/\/radiorevelacionfm.cl\/index.php?rest_route=%2Fwp%2Fv2%2Fcategories&post=40741"},{"taxonomy":"post_tag","embeddable":true,"href":"https:\/\/radiorevelacionfm.cl\/index.php?rest_route=%2Fwp%2Fv2%2Ftags&post=40741"}],"curies":[{"name":"wp","href":"https:\/\/api.w.org\/{rel}","templated":true}]}}