{"id":40735,"date":"2024-03-26T21:06:08","date_gmt":"2024-03-27T00:06:08","guid":{"rendered":"https:\/\/radiorevelacionfm.cl\/?p=40735"},"modified":"2024-03-26T21:06:08","modified_gmt":"2024-03-27T00:06:08","slug":"a-traves-de-acciones-educativas-comite-de-marea-roja-refuerza-autocuidado-en-semana-santa","status":"publish","type":"post","link":"https:\/\/radiorevelacionfm.cl\/?p=40735","title":{"rendered":"A trav\u00e9s de acciones educativas Comit\u00e9 de Marea Roja refuerza autocuidado en Semana Santa"},"content":{"rendered":"<div class=\"flex_column av_one_full  flex_column_div av-zero-column-padding first  avia-builder-el-0  el_before_av_one_full  avia-builder-el-first  \" style='border-radius:0px; '><div  class='avia-image-container  av-styling-    avia-builder-el-1  avia-builder-el-no-sibling  avia-align-center '  itemprop=\"image\" itemscope=\"itemscope\" itemtype=\"https:\/\/schema.org\/ImageObject\"  ><div class='avia-image-container-inner'><div class='avia-image-overlay-wrap'><img decoding=\"async\" class='wp-image-40736 avia-img-lazy-loading-not-40736 avia_image' src=\"https:\/\/radiorevelacionfm.cl\/wp-content\/uploads\/2024\/03\/grupal-educacion-1-1.jpeg\" alt='' title='grupal educaci\u00f3n (1) (1)' height=\"600\" width=\"800\"  itemprop=\"thumbnailUrl\" srcset=\"https:\/\/radiorevelacionfm.cl\/wp-content\/uploads\/2024\/03\/grupal-educacion-1-1.jpeg 800w, https:\/\/radiorevelacionfm.cl\/wp-content\/uploads\/2024\/03\/grupal-educacion-1-1-300x225.jpeg 300w, https:\/\/radiorevelacionfm.cl\/wp-content\/uploads\/2024\/03\/grupal-educacion-1-1-768x576.jpeg 768w, https:\/\/radiorevelacionfm.cl\/wp-content\/uploads\/2024\/03\/grupal-educacion-1-1-705x529.jpeg 705w, https:\/\/radiorevelacionfm.cl\/wp-content\/uploads\/2024\/03\/grupal-educacion-1-1-450x338.jpeg 450w, https:\/\/radiorevelacionfm.cl\/wp-content\/uploads\/2024\/03\/grupal-educacion-1-1-600x450.jpeg 600w\" sizes=\"(max-width: 800px) 100vw, 800px\" \/><\/div><\/div><\/div><\/div><div class=\"flex_column av_one_full  flex_column_div av-zero-column-padding first  avia-builder-el-2  el_after_av_one_full  el_before_av_one_full  column-top-margin\" style='border-radius:0px; '><section class=\"av_textblock_section \"  itemscope=\"itemscope\" itemtype=\"https:\/\/schema.org\/BlogPosting\" itemprop=\"blogPost\" ><div class='avia_textblock  '   itemprop=\"text\" ><p style=\"text-align: center;\"><strong><span style=\"font-size: 18pt;\">A trav\u00e9s de acciones educativas Comit\u00e9 de Marea Roja refuerza autocuidado en Semana Santa <\/span><\/strong><\/p>\n<div id=\"gtx-trans\" style=\"position: absolute; left: -50px; top: 4.31534px;\">\n<div class=\"gtx-trans-icon\"><\/div>\n<\/div>\n<\/div><\/section><\/div><div class=\"flex_column av_one_full  flex_column_div av-zero-column-padding first  avia-builder-el-4  el_after_av_one_full  el_before_av_hr  column-top-margin\" style='border-radius:0px; '><section class=\"av_textblock_section \"  itemscope=\"itemscope\" itemtype=\"https:\/\/schema.org\/BlogPosting\" itemprop=\"blogPost\" ><div class='avia_textblock  '   itemprop=\"text\" ><p style=\"text-align: justify;\"><em>Estudiantes participaron de una exposici\u00f3n did\u00e1ctica sobre los riesgos de consumir mariscos de locales no autorizados, adem\u00e1s de un c\u00f3mic que educa y promociona la importancia de prevenir esta enfermedad en Ays\u00e9n.<\/em><\/p>\n<p style=\"text-align: justify;\"><em>Asimismo, con la finalidad de evitar y prevenir comercio ilegal de mariscos, se reforzar\u00e1n controles en barreras terrestres y fiscalizaciones mar\u00edtimas, entre otras acciones.<\/em><\/p>\n<p style=\"text-align: justify;\">A trav\u00e9s de una charla educativa, estudiantes de la escuela V\u00edctor Domingo Silva de Coyhaique pudieron conocer algo m\u00e1s sobre los riegos que presenta la Marea Roja para los habitantes de la regi\u00f3n; fen\u00f3meno natural del litoral aisenino que se caracteriza por el florecimiento de microalgas nocivas de alta intensidad, tanto para Veneno Diarreico, Amn\u00e9sico y Paralizante de los mariscos, generando graves consecuencias para la salud de las personas que consume estos productos.<\/p>\n<p style=\"text-align: justify;\">Tal como lo explic\u00f3 la Seremi de Salud Carmen Monsalve G\u00f3mez. \u201cEn nuestra regi\u00f3n, tenemos presencia de veneno paralizante y diarreico en gran medida, donde los monitoreos del Instituto de Fomento Pesquero (IFOP) han arrojado incluso la presencia de hasta 400 microgramos de presencia de estas toxinas en los mariscos de nuestro litoral, por lo tanto, es relevante consumir estos productos en lugares autorizados. Lo cual estamos reforzando en este establecimiento educacional, informando y educando a la poblaci\u00f3n m\u00e1s peque\u00f1a para que sean la caja de resonancia en sus casas sobre la importancia del autocuidado frente a la Marea Roja\u201d.<\/p>\n<p style=\"text-align: justify;\">Trabajo del Comit\u00e9 de Marea Roja que adem\u00e1s se ve reflejado en el resto de las instituciones que la componen, donde el Gobernador Mar\u00edtimo de Ays\u00e9n, Capit\u00e1n de Nav\u00edo LT. Mario Besoain Fuentes, detall\u00f3 parte de la labor realizada por la Armada. \u201cDurante este proceso, en sus capitan\u00edas de puerto, la Armada ha desarrollado un fuerte trabajo preventivo frente a la Marea Roja, desplegando adem\u00e1s sus unidades mar\u00edtimas a lo largo de todo el litoral con la finalidad de contribuir en un trabajo de control, y dar la tranquilidad \u2013 junto a otros servicios- que los productos marinos que hoy se comercializan en los locales establecidos resguarden la salud de la comunidad. Adem\u00e1s, participamos en este tipo de actividades donde compartimos con escolares que m\u00e1s tarde se transformar\u00e1n en el motor de conocimiento dentro de sus hogares para prevenir la Marea Roja\u201d.<\/p>\n<p style=\"text-align: justify;\">Durante la actividad educativa, donde se respondieron consultas y se entreg\u00f3 material informativo adaptado para ni\u00f1os respecto a medidas preventivas frente al consumo de mariscos y la Marea Roja, la Jefe T\u00e9cnico de la Escuela V\u00edctor Domingo Silva, Elizabeth Prat, manifest\u00f3 su satisfacci\u00f3n por el desarrollo de esta iniciativa. \u201cEstamos muy agradecidos por la actividad, que nuestros ni\u00f1os puedan aprender algo m\u00e1s sobre la importancia de prevenir la Marea Roja, y que ellos puedan llevar a sus casas este conocimiento y compartirlo con sus familias, lo que igual nos ayuda a enriquecer el curriculum de nuestro establecimiento, por lo que esperamos otras actividades de esta naturaleza para seguir educando a nuestros alumnos\u201d.<\/p>\n<p style=\"text-align: justify;\">Finalmente, el Delegado Presidencial Regional de Ays\u00e9n, Rodrigo Araya Morales, hizo un fuerte llamado a la comunidad para que a trav\u00e9s del autocuidado cuide a su familia durante las festividades de Semana Santa. \u201cEstamos reforzando la informaci\u00f3n para que la comunidad tenga la certeza que estamos realizando todos los resguardos para vigilar que los mariscos que se consumen en locales establecidos est\u00e9n libres de Marea Roja. Es importante que los mariscos se adquieran en locales autorizados, porque el riesgo de enfermar por mariscos que contengan toxinas paralizantes, diarreicas o amn\u00e9sicas por Marea Roja es alto en nuestra regi\u00f3n\u201d.<\/p>\n<p style=\"text-align: justify;\">Cabe se\u00f1alar que en la regi\u00f3n, el \u00faltimo deceso de una persona por las toxinas de Marea Roja ocurri\u00f3 el a\u00f1o 2022, se trat\u00f3 de un tripulante de una embarcaci\u00f3n de Calbuco, quien consumi\u00f3 almejas en el sector del litoral, las cuales arrojaron la presencia de toxina paralizante a trav\u00e9s de un an\u00e1lisis efectuado por el Laboratorio de Salud P\u00fablica Ambiental y Laboral en Puerto Ays\u00e9n. Actualmente, es prioridad del Comit\u00e9 Regional de Marea Roja que esta situaci\u00f3n no vuelva a ocurrir, por lo que constantemente a lo largo de todo el a\u00f1o \u2013 y con mayor refuerzo en Semana Santa- diversas instituciones como la Delegaci\u00f3n Provincial de Ays\u00e9n, la Seremi de Salud, Carabineros, SERNAPESCA, Armada de Chile, Aduana y el Servicio de Impuestos Internos, entre otros, desarrollan acciones de control terrestre, a\u00e9reo y mar\u00edtimo para el resguardo de la salud de toda la poblaci\u00f3n.<\/p>\n<p style=\"text-align: justify;\">Finalmente, se reitera a la poblaci\u00f3n que si luego de consumir mariscos, comienza a presentar algunas caracter\u00edsticas asociadas a: hormigueo en los labios, lengua, boca y cara, p\u00e9rdida de fuerza muscular, deshidrataci\u00f3n, v\u00f3mito y diarrea; puede acudir al centro de salud m\u00e1s cercano para recibir un diagn\u00f3stico y atenci\u00f3n de salud adecuada.<\/p>\n<\/div><\/section><\/div><div  style='height:50px' class='hr hr-invisible   avia-builder-el-6  el_after_av_one_full  el_before_av_social_share '><span class='hr-inner ' ><span class='hr-inner-style'><\/span><\/span><\/div><\/p>\n<div  class='av-social-sharing-box  avia-builder-el-7  el_after_av_hr  el_before_av_hr  '><div class='av-share-box'><h5 class='av-share-link-description av-no-toc '>Compartir esta noticia<\/h5><ul class='av-share-box-list noLightbox'><li class='av-share-link av-social-link-facebook' ><a target=\"_blank\" aria-label=\"Compartir en Facebook\" href='https:\/\/www.facebook.com\/sharer.php?u=https:\/\/radiorevelacionfm.cl\/?p=40735&#038;t=A%20trav%C3%A9s%20de%20acciones%20educativas%20Comit%C3%A9%20de%20Marea%20Roja%20refuerza%20autocuidado%20en%20Semana%20Santa' aria-hidden='false' data-av_icon='\ue8f3' data-av_iconfont='entypo-fontello' title='' data-avia-related-tooltip='Compartir en Facebook' rel=\"noopener\"><span class='avia_hidden_link_text'>Compartir en Facebook<\/span><\/a><\/li><li class='av-share-link av-social-link-twitter' ><a target=\"_blank\" aria-label=\"Compartir en Twitter\" href='https:\/\/twitter.com\/share?text=A%20trav%C3%A9s%20de%20acciones%20educativas%20Comit%C3%A9%20de%20Marea%20Roja%20refuerza%20autocuidado%20en%20Semana%20Santa&#038;url=https:\/\/radiorevelacionfm.cl\/?p=40735' aria-hidden='false' data-av_icon='\ue8f1' data-av_iconfont='entypo-fontello' title='' data-avia-related-tooltip='Compartir en Twitter' rel=\"noopener\"><span class='avia_hidden_link_text'>Compartir en Twitter<\/span><\/a><\/li><li class='av-share-link av-social-link-whatsapp' ><a target=\"_blank\" aria-label=\"Compartir en Whatsapp\" href='https:\/\/api.whatsapp.com\/send?text=https:\/\/radiorevelacionfm.cl\/?p=40735' aria-hidden='false' data-av_icon='\uf232' data-av_iconfont='entypo-fontello' title='' data-avia-related-tooltip='Compartir en Whatsapp' rel=\"noopener\"><span class='avia_hidden_link_text'>Compartir en Whatsapp<\/span><\/a><\/li><li class='av-share-link av-social-link-linkedin' ><a target=\"_blank\" aria-label=\"Compartir en LinkedIn\" href='https:\/\/linkedin.com\/shareArticle?mini=true&#038;title=A%20trav%C3%A9s%20de%20acciones%20educativas%20Comit%C3%A9%20de%20Marea%20Roja%20refuerza%20autocuidado%20en%20Semana%20Santa&#038;url=https:\/\/radiorevelacionfm.cl\/?p=40735' aria-hidden='false' data-av_icon='\ue8fc' data-av_iconfont='entypo-fontello' title='' data-avia-related-tooltip='Compartir en LinkedIn' rel=\"noopener\"><span class='avia_hidden_link_text'>Compartir en LinkedIn<\/span><\/a><\/li><li class='av-share-link av-social-link-mail' ><a  aria-label=\"Compartir por correo\" href='mailto:?subject=A%20trav%C3%A9s%20de%20acciones%20educativas%20Comit%C3%A9%20de%20Marea%20Roja%20refuerza%20autocuidado%20en%20Semana%20Santa&#038;body=https:\/\/radiorevelacionfm.cl\/?p=40735' aria-hidden='false' data-av_icon='\ue805' data-av_iconfont='entypo-fontello' title='' data-avia-related-tooltip='Compartir por correo'><span class='avia_hidden_link_text'>Compartir por correo<\/span><\/a><\/li><\/ul><\/div><\/div>\n<div  style='height:50px' class='hr hr-invisible   avia-builder-el-8  el_after_av_social_share  el_before_av_comments_list '><span class='hr-inner ' ><span class='hr-inner-style'><\/span><\/span><\/div>\n<div  class='av-buildercomment  av-blog-meta-html-info-disabled av-blog-meta-tag-disabled  '><\/div>\n","protected":false},"excerpt":{"rendered":"","protected":false},"author":1,"featured_media":40736,"comment_status":"open","ping_status":"open","sticky":false,"template":"","format":"standard","meta":{"footnotes":""},"categories":[46],"tags":[],"class_list":["post-40735","post","type-post","status-publish","format-standard","has-post-thumbnail","hentry","category-salud"],"jetpack_featured_media_url":"https:\/\/radiorevelacionfm.cl\/wp-content\/uploads\/2024\/03\/grupal-educacion-1-1.jpeg","_links":{"self":[{"href":"https:\/\/radiorevelacionfm.cl\/index.php?rest_route=\/wp\/v2\/posts\/40735","targetHints":{"allow":["GET"]}}],"collection":[{"href":"https:\/\/radiorevelacionfm.cl\/index.php?rest_route=\/wp\/v2\/posts"}],"about":[{"href":"https:\/\/radiorevelacionfm.cl\/index.php?rest_route=\/wp\/v2\/types\/post"}],"author":[{"embeddable":true,"href":"https:\/\/radiorevelacionfm.cl\/index.php?rest_route=\/wp\/v2\/users\/1"}],"replies":[{"embeddable":true,"href":"https:\/\/radiorevelacionfm.cl\/index.php?rest_route=%2Fwp%2Fv2%2Fcomments&post=40735"}],"version-history":[{"count":1,"href":"https:\/\/radiorevelacionfm.cl\/index.php?rest_route=\/wp\/v2\/posts\/40735\/revisions"}],"predecessor-version":[{"id":40737,"href":"https:\/\/radiorevelacionfm.cl\/index.php?rest_route=\/wp\/v2\/posts\/40735\/revisions\/40737"}],"wp:featuredmedia":[{"embeddable":true,"href":"https:\/\/radiorevelacionfm.cl\/index.php?rest_route=\/wp\/v2\/media\/40736"}],"wp:attachment":[{"href":"https:\/\/radiorevelacionfm.cl\/index.php?rest_route=%2Fwp%2Fv2%2Fmedia&parent=40735"}],"wp:term":[{"taxonomy":"category","embeddable":true,"href":"https:\/\/radiorevelacionfm.cl\/index.php?rest_route=%2Fwp%2Fv2%2Fcategories&post=40735"},{"taxonomy":"post_tag","embeddable":true,"href":"https:\/\/radiorevelacionfm.cl\/index.php?rest_route=%2Fwp%2Fv2%2Ftags&post=40735"}],"curies":[{"name":"wp","href":"https:\/\/api.w.org\/{rel}","templated":true}]}}