{"id":40732,"date":"2024-03-26T18:09:24","date_gmt":"2024-03-26T21:09:24","guid":{"rendered":"https:\/\/radiorevelacionfm.cl\/?p=40732"},"modified":"2024-03-26T18:09:24","modified_gmt":"2024-03-26T21:09:24","slug":"puntos-de-cultura-despliega-trabajo-comunitario-en-aysen","status":"publish","type":"post","link":"https:\/\/radiorevelacionfm.cl\/?p=40732","title":{"rendered":"Puntos de Cultura despliega trabajo comunitario en Ays\u00e9n"},"content":{"rendered":"<div class=\"flex_column av_one_full  flex_column_div av-zero-column-padding first  avia-builder-el-0  el_before_av_one_full  avia-builder-el-first  \" style='border-radius:0px; '><div  class='avia-image-container  av-styling-    avia-builder-el-1  avia-builder-el-no-sibling  avia-align-center '  itemprop=\"image\" itemscope=\"itemscope\" itemtype=\"https:\/\/schema.org\/ImageObject\"  ><div class='avia-image-container-inner'><div class='avia-image-overlay-wrap'><img decoding=\"async\" class='wp-image-40733 avia-img-lazy-loading-not-40733 avia_image' src=\"https:\/\/radiorevelacionfm.cl\/wp-content\/uploads\/2024\/03\/madereros1-1-1.jpg\" alt='' title='madereros1 (1) (1)' height=\"600\" width=\"899\"  itemprop=\"thumbnailUrl\" srcset=\"https:\/\/radiorevelacionfm.cl\/wp-content\/uploads\/2024\/03\/madereros1-1-1.jpg 899w, https:\/\/radiorevelacionfm.cl\/wp-content\/uploads\/2024\/03\/madereros1-1-1-300x200.jpg 300w, https:\/\/radiorevelacionfm.cl\/wp-content\/uploads\/2024\/03\/madereros1-1-1-768x513.jpg 768w, https:\/\/radiorevelacionfm.cl\/wp-content\/uploads\/2024\/03\/madereros1-1-1-705x471.jpg 705w, https:\/\/radiorevelacionfm.cl\/wp-content\/uploads\/2024\/03\/madereros1-1-1-450x300.jpg 450w, https:\/\/radiorevelacionfm.cl\/wp-content\/uploads\/2024\/03\/madereros1-1-1-600x400.jpg 600w\" sizes=\"(max-width: 899px) 100vw, 899px\" \/><\/div><\/div><\/div><\/div><div class=\"flex_column av_one_full  flex_column_div av-zero-column-padding first  avia-builder-el-2  el_after_av_one_full  el_before_av_one_full  column-top-margin\" style='border-radius:0px; '><section class=\"av_textblock_section \"  itemscope=\"itemscope\" itemtype=\"https:\/\/schema.org\/BlogPosting\" itemprop=\"blogPost\" ><div class='avia_textblock  '   itemprop=\"text\" ><p style=\"text-align: center;\"><span style=\"font-size: 18pt;\"><b>Puntos de Cultura despliega trabajo comunitario en Ays\u00e9n<\/b><\/span><\/p>\n<div id=\"gtx-trans\" style=\"position: absolute; left: -50px; top: 4.31534px;\">\n<div class=\"gtx-trans-icon\"><\/div>\n<\/div>\n<\/div><\/section><\/div><div class=\"flex_column av_one_full  flex_column_div av-zero-column-padding first  avia-builder-el-4  el_after_av_one_full  el_before_av_hr  column-top-margin\" style='border-radius:0px; '><section class=\"av_textblock_section \"  itemscope=\"itemscope\" itemtype=\"https:\/\/schema.org\/BlogPosting\" itemprop=\"blogPost\" ><div class='avia_textblock  '   itemprop=\"text\" ><p style=\"text-align: justify;\">En cinco comunas de la Regi\u00f3n de Aysen ya est\u00e1n instalados los Puntos de Cultura Comunitaria que trabajar\u00e1n en los Planes de Fortalecimiento en sus respectivos territorios.<\/p>\n<p style=\"text-align: justify;\">El programa Puntos de Cultura Comunitaria del Ministerio de las Culturas, las Artes y el Patrimonio persigue fortalecer a las organizaciones de base comunitaria a trav\u00e9s del reconocimiento y apoyo al desarrollo de pr\u00e1cticas socioculturales y art\u00edsticas.<\/p>\n<p style=\"text-align: justify;\">En la Regi\u00f3n de Ays\u00e9n, el programa est\u00e1 financiando al Colectivo de Madereros de Tortel, a la Organizaci\u00f3n Cultural Comunitaria de Bah\u00eda Murta, a Atelakoya Tribal de Coyhaique, a la Agrupaci\u00f3n Artesanos y Productores de Chile Chico y a la Agrupaci\u00f3n Urdimbre Cultural de la misma localidad, adem\u00e1s de la Agrupaci\u00f3n Cultural Arte y Mate de Puerto Cisnes.<\/p>\n<p style=\"text-align: justify;\">Los Madereros de Tortel ya est\u00e1n instalados entre las pasarelas de la remota localidad aysenina con sus herramientas y maderas, mostr\u00e1ndole a la comunidad como se construye un proyecto de embarcaci\u00f3n, c\u00f3mo se trabaja la madera y c\u00f3mo el trabajo colectivo permite sostener la identidad del territorio en un oficio tan necesario como patrimonial.<\/p>\n<p style=\"text-align: justify;\">Francisca Ram\u00edrez, integrante del Colectivo de Madereros de Tortel, destaca el car\u00e1cter comunitario de la iniciativa: \u201cComo colectivo, nosotros definimos que uno de nuestros principales objetivos es demostrar que la madera es un material supervers\u00e1til, que en Tortel habitualmente est\u00e1 asociado a la le\u00f1a o a la madera tipo tabl\u00f3n. Entonces, la idea ha sido demostrar que la madera tiene m\u00faltiples opciones y es mucho m\u00e1s vers\u00e1til de lo que uno habitualmente cree. Y dentro de eso nos pareci\u00f3 que para este primer a\u00f1o del Plan de Fortalecimiento de Puntos de Cultura Comunitaria era importante revisar las tradiciones madereras m\u00e1s importantes como la carpinter\u00eda de ribera en una perspectiva un poco m\u00e1s contempor\u00e1nea. Sacar el taller hacia la pasarela, literalmente, y que todos participen en el proceso, vean c\u00f3mo se construye y vayan siendo parte de la rutina de quienes transitan por las pasarelas ha sido una forma superefectiva de demostrar que todos sabemos. Porque la gente pasa a conversar, cuenta historias sobre navegaci\u00f3n\u201d.<\/p>\n<p style=\"text-align: justify;\">Francisca espera que ocurra algo similar con la segunda parte del proyecto de Puntos de Cultura en Tortel, que abordar\u00e1 la tejueler\u00eda a partir de junio.<\/p>\n<p style=\"text-align: justify;\">Para el seremi de Culturas Ays\u00e9n, Felipe Quiroz, los Puntos de Cultura Comunitaria son \u201cuna oportunidad que brinda el Ministerio de las Culturas a organizaciones de base comunitaria que est\u00e1n avanzando en su desarrollo y requieren recursos para una etapa de mayor consolidaci\u00f3n en sus planes. Nuestro equipo est\u00e1 acompa\u00f1ando a los siete proyectos que se est\u00e1n desarrollando en la regi\u00f3n para coordinar las acciones que permitan que las comunidades se enriquezcan en el transcurso de estas experiencias. Estuvimos en Murta, por ejemplo, conociendo un proceso de reconstrucci\u00f3n hist\u00f3rica que est\u00e1n haciendo vecinas y vecinos a trav\u00e9s del poder de la palabra, del testimonio, del recuerdo. Estas reuniones han sido un \u00e9xito y han servido para recuperar voces que son protagonistas en la historia de los pueblos\u201d.<\/p>\n<p style=\"text-align: justify;\">\u00a0Roc\u00edo Miranda es parte del equipo del Punto de Cultura Comunitaria en Bah\u00eda Murta y cree que \u201csi bien hay un trabajo detr\u00e1s con peque\u00f1os agentes culturales que han hecho esfuerzos superimportantes en la consolidaci\u00f3n de este Punto de Cultura, generando que nos reunamos en base a objetivos. Creo que cuando uno le da una estructura un poco mayor, con una distribuci\u00f3n y objetivos y estrategias para lograr darle una constancia y una valoraci\u00f3n por parte de la gente del territorio y de la comunidad en general, es mejor. Estamos desarrollando mateadas culturales que en total van a ser cinco y la convocatoria ha sido bastante buena. Hemos hecho un trabajo uno a uno, con entrega de invitaciones directamente en sus casas, que es una de las formas en que ellas han retribuido para poder participar en este espacio\u201d.<\/p>\n<p style=\"text-align: justify;\">Una de las participantes es Gabriela Enatarriaga, quien dice que se ha dado un di\u00e1logo excelente: \u201cYo soy nacida y criada aqu\u00ed. Nac\u00ed el a\u00f1o 38 y soy nativa. Todo esto me sirve para recordar y verme con los otros vecinos, esto ha sido un placer\u201d.<\/p>\n<p style=\"text-align: justify;\">Mar\u00eda Vel\u00e1squez, vecina de Murta, piensa que es fant\u00e1stico porque, \u201cpor ejemplo, yo llegu\u00e9 en el a\u00f1o 91 y\u00a0 escuchar la historia que hay de la se\u00f1ora Clotilde que tiene una memoria enorme y recordar a tantos pobladores que nosotros no conocimos, lo encuentro espectacular. Hay que valorar a las personas que llegaron primero a estos lugares y que gracias a ellos se forj\u00f3 este lugar\u201d.<\/p>\n<\/div><\/section><\/div><div  style='height:50px' class='hr hr-invisible   avia-builder-el-6  el_after_av_one_full  el_before_av_social_share '><span class='hr-inner ' ><span class='hr-inner-style'><\/span><\/span><\/div><\/p>\n<div  class='av-social-sharing-box  avia-builder-el-7  el_after_av_hr  el_before_av_hr  '><div class='av-share-box'><h5 class='av-share-link-description av-no-toc '>Compartir esta noticia<\/h5><ul class='av-share-box-list noLightbox'><li class='av-share-link av-social-link-facebook' ><a target=\"_blank\" aria-label=\"Compartir en Facebook\" href='https:\/\/www.facebook.com\/sharer.php?u=https:\/\/radiorevelacionfm.cl\/?p=40732&#038;t=Puntos%20de%20Cultura%20despliega%20trabajo%20comunitario%20en%20Ays%C3%A9n' aria-hidden='false' data-av_icon='\ue8f3' data-av_iconfont='entypo-fontello' title='' data-avia-related-tooltip='Compartir en Facebook' rel=\"noopener\"><span class='avia_hidden_link_text'>Compartir en Facebook<\/span><\/a><\/li><li class='av-share-link av-social-link-twitter' ><a target=\"_blank\" aria-label=\"Compartir en Twitter\" href='https:\/\/twitter.com\/share?text=Puntos%20de%20Cultura%20despliega%20trabajo%20comunitario%20en%20Ays%C3%A9n&#038;url=https:\/\/radiorevelacionfm.cl\/?p=40732' aria-hidden='false' data-av_icon='\ue8f1' data-av_iconfont='entypo-fontello' title='' data-avia-related-tooltip='Compartir en Twitter' rel=\"noopener\"><span class='avia_hidden_link_text'>Compartir en Twitter<\/span><\/a><\/li><li class='av-share-link av-social-link-whatsapp' ><a target=\"_blank\" aria-label=\"Compartir en Whatsapp\" href='https:\/\/api.whatsapp.com\/send?text=https:\/\/radiorevelacionfm.cl\/?p=40732' aria-hidden='false' data-av_icon='\uf232' data-av_iconfont='entypo-fontello' title='' data-avia-related-tooltip='Compartir en Whatsapp' rel=\"noopener\"><span class='avia_hidden_link_text'>Compartir en Whatsapp<\/span><\/a><\/li><li class='av-share-link av-social-link-linkedin' ><a target=\"_blank\" aria-label=\"Compartir en LinkedIn\" href='https:\/\/linkedin.com\/shareArticle?mini=true&#038;title=Puntos%20de%20Cultura%20despliega%20trabajo%20comunitario%20en%20Ays%C3%A9n&#038;url=https:\/\/radiorevelacionfm.cl\/?p=40732' aria-hidden='false' data-av_icon='\ue8fc' data-av_iconfont='entypo-fontello' title='' data-avia-related-tooltip='Compartir en LinkedIn' rel=\"noopener\"><span class='avia_hidden_link_text'>Compartir en LinkedIn<\/span><\/a><\/li><li class='av-share-link av-social-link-mail' ><a  aria-label=\"Compartir por correo\" href='mailto:?subject=Puntos%20de%20Cultura%20despliega%20trabajo%20comunitario%20en%20Ays%C3%A9n&#038;body=https:\/\/radiorevelacionfm.cl\/?p=40732' aria-hidden='false' data-av_icon='\ue805' data-av_iconfont='entypo-fontello' title='' data-avia-related-tooltip='Compartir por correo'><span class='avia_hidden_link_text'>Compartir por correo<\/span><\/a><\/li><\/ul><\/div><\/div>\n<div  style='height:50px' class='hr hr-invisible   avia-builder-el-8  el_after_av_social_share  el_before_av_comments_list '><span class='hr-inner ' ><span class='hr-inner-style'><\/span><\/span><\/div>\n<div  class='av-buildercomment  av-blog-meta-html-info-disabled av-blog-meta-tag-disabled  '><\/div>\n","protected":false},"excerpt":{"rendered":"","protected":false},"author":1,"featured_media":40733,"comment_status":"open","ping_status":"open","sticky":false,"template":"","format":"standard","meta":{"footnotes":""},"categories":[52],"tags":[],"class_list":["post-40732","post","type-post","status-publish","format-standard","has-post-thumbnail","hentry","category-cultura"],"jetpack_featured_media_url":"https:\/\/radiorevelacionfm.cl\/wp-content\/uploads\/2024\/03\/madereros1-1-1.jpg","_links":{"self":[{"href":"https:\/\/radiorevelacionfm.cl\/index.php?rest_route=\/wp\/v2\/posts\/40732","targetHints":{"allow":["GET"]}}],"collection":[{"href":"https:\/\/radiorevelacionfm.cl\/index.php?rest_route=\/wp\/v2\/posts"}],"about":[{"href":"https:\/\/radiorevelacionfm.cl\/index.php?rest_route=\/wp\/v2\/types\/post"}],"author":[{"embeddable":true,"href":"https:\/\/radiorevelacionfm.cl\/index.php?rest_route=\/wp\/v2\/users\/1"}],"replies":[{"embeddable":true,"href":"https:\/\/radiorevelacionfm.cl\/index.php?rest_route=%2Fwp%2Fv2%2Fcomments&post=40732"}],"version-history":[{"count":1,"href":"https:\/\/radiorevelacionfm.cl\/index.php?rest_route=\/wp\/v2\/posts\/40732\/revisions"}],"predecessor-version":[{"id":40734,"href":"https:\/\/radiorevelacionfm.cl\/index.php?rest_route=\/wp\/v2\/posts\/40732\/revisions\/40734"}],"wp:featuredmedia":[{"embeddable":true,"href":"https:\/\/radiorevelacionfm.cl\/index.php?rest_route=\/wp\/v2\/media\/40733"}],"wp:attachment":[{"href":"https:\/\/radiorevelacionfm.cl\/index.php?rest_route=%2Fwp%2Fv2%2Fmedia&parent=40732"}],"wp:term":[{"taxonomy":"category","embeddable":true,"href":"https:\/\/radiorevelacionfm.cl\/index.php?rest_route=%2Fwp%2Fv2%2Fcategories&post=40732"},{"taxonomy":"post_tag","embeddable":true,"href":"https:\/\/radiorevelacionfm.cl\/index.php?rest_route=%2Fwp%2Fv2%2Ftags&post=40732"}],"curies":[{"name":"wp","href":"https:\/\/api.w.org\/{rel}","templated":true}]}}