{"id":40729,"date":"2024-03-27T14:28:29","date_gmt":"2024-03-27T17:28:29","guid":{"rendered":"https:\/\/radiorevelacionfm.cl\/?p=40729"},"modified":"2024-03-27T14:28:29","modified_gmt":"2024-03-27T17:28:29","slug":"invitan-a-familias-consultar-por-cupos-para-jardines-infantiles-de-fundacion-integra","status":"publish","type":"post","link":"https:\/\/radiorevelacionfm.cl\/?p=40729","title":{"rendered":"Invitan a familias consultar por cupos para jardines infantiles de Fundaci\u00f3n Integra"},"content":{"rendered":"<div class=\"flex_column av_one_full  flex_column_div av-zero-column-padding first  avia-builder-el-0  el_before_av_one_full  avia-builder-el-first  \" style='border-radius:0px; '><div  class='avia-image-container  av-styling-    avia-builder-el-1  avia-builder-el-no-sibling  avia-align-center '  itemprop=\"image\" itemscope=\"itemscope\" itemtype=\"https:\/\/schema.org\/ImageObject\"  ><div class='avia-image-container-inner'><div class='avia-image-overlay-wrap'><img decoding=\"async\" class='wp-image-40730 avia-img-lazy-loading-not-40730 avia_image' src=\"https:\/\/radiorevelacionfm.cl\/wp-content\/uploads\/2024\/03\/IMG_0757-min-1-1.jpg\" alt='' title='IMG_0757-min (1) (1)' height=\"600\" width=\"902\"  itemprop=\"thumbnailUrl\" srcset=\"https:\/\/radiorevelacionfm.cl\/wp-content\/uploads\/2024\/03\/IMG_0757-min-1-1.jpg 902w, https:\/\/radiorevelacionfm.cl\/wp-content\/uploads\/2024\/03\/IMG_0757-min-1-1-300x200.jpg 300w, https:\/\/radiorevelacionfm.cl\/wp-content\/uploads\/2024\/03\/IMG_0757-min-1-1-768x511.jpg 768w, https:\/\/radiorevelacionfm.cl\/wp-content\/uploads\/2024\/03\/IMG_0757-min-1-1-705x469.jpg 705w, https:\/\/radiorevelacionfm.cl\/wp-content\/uploads\/2024\/03\/IMG_0757-min-1-1-450x299.jpg 450w, https:\/\/radiorevelacionfm.cl\/wp-content\/uploads\/2024\/03\/IMG_0757-min-1-1-600x399.jpg 600w\" sizes=\"(max-width: 902px) 100vw, 902px\" \/><\/div><\/div><\/div><\/div><div class=\"flex_column av_one_full  flex_column_div av-zero-column-padding first  avia-builder-el-2  el_after_av_one_full  el_before_av_one_full  column-top-margin\" style='border-radius:0px; '><section class=\"av_textblock_section \"  itemscope=\"itemscope\" itemtype=\"https:\/\/schema.org\/BlogPosting\" itemprop=\"blogPost\" ><div class='avia_textblock  '   itemprop=\"text\" ><p style=\"text-align: center;\"><strong><span style=\"font-size: 18pt;\">Invitan a familias consultar por cupos para jardines infantiles de Fundaci\u00f3n Integra <\/span><\/strong><\/p>\n<div id=\"gtx-trans\" style=\"position: absolute; left: -50px; top: 4.31534px;\">\n<div class=\"gtx-trans-icon\"><\/div>\n<\/div>\n<\/div><\/section><\/div><div class=\"flex_column av_one_full  flex_column_div av-zero-column-padding first  avia-builder-el-4  el_after_av_one_full  el_before_av_hr  column-top-margin\" style='border-radius:0px; '><section class=\"av_textblock_section \"  itemscope=\"itemscope\" itemtype=\"https:\/\/schema.org\/BlogPosting\" itemprop=\"blogPost\" ><div class='avia_textblock  '   itemprop=\"text\" ><p class=\"v1MsoNormal\" style=\"text-align: justify;\">Fundaci\u00f3n Integra refuerza a las familias que pueden consultar directamente en las salas cuna y jardines infantiles, que la instituci\u00f3n posee a lo largo del pa\u00eds, la disponibilidad de cupos para ni\u00f1as y ni\u00f1os, en el contexto del a\u00f1o parvulario 2024 en curso.<\/p>\n<p class=\"v1MsoNormal\" style=\"text-align: justify;\">A trav\u00e9s del sitio web\u00a0<a href=\"https:\/\/geobuscador.integra.cl\/\" target=\"_blank\" rel=\"noopener noreferrer\">https:\/\/geobuscador.integra.cl\/<\/a>\u00a0\u2500al que se puede acceder desde tel\u00e9fonos celulares y computadores\u2500, las y los interesados encontrar\u00e1n el establecimiento m\u00e1s cercano a su domicilio o lugar de trabajo, adem\u00e1s de datos como su proyecto pedag\u00f3gico y medios de contacto.<\/p>\n<p class=\"v1MsoNormal\" style=\"text-align: justify;\">La directora regional de Fundaci\u00f3n Integra, Leticia Araya Norambuena, refuerza que \u00ablas familias pueden ingresar a la p\u00e1gina web de la instituci\u00f3n y conocer donde est\u00e1n ubicados los jardines infantiles o acercarse a la Oficina regional para saber en qu\u00e9 jardines a\u00fan hay cupos y formar parte de la instituci\u00f3n\u00bb.<\/p>\n<p class=\"v1MsoNormal\" style=\"text-align: justify;\">\u00a0\u00bfA QU\u00c9 NIVEL DEBE ASISTIR MI HIJA O HIJO SEG\u00daN SU EDAD?<\/p>\n<p class=\"v1gmail-MsoListParagraphCxSpFirst\" style=\"text-align: justify;\">\u2022\u00a0\u00a0\u00a0\u00a0\u00a0\u00a0\u00a0\u00a0\u00a0\u00a0\u00a0\u00a0\u00a0\u00a0\u00a0\u00a0\u00a0\u00a0\u00a0\u00a0Sala Cuna Menor: 0 a 1 a\u00f1o.<\/p>\n<p class=\"v1gmail-MsoListParagraphCxSpMiddle\" style=\"text-align: justify;\">\u2022\u00a0\u00a0\u00a0\u00a0\u00a0\u00a0\u00a0\u00a0\u00a0\u00a0\u00a0\u00a0\u00a0\u00a0\u00a0\u00a0\u00a0\u00a0\u00a0\u00a0Sala Cuna Mayor: 1 a 2 a\u00f1os (edad cumplida a marzo 2024, 1 a\u00f1o).<\/p>\n<p class=\"v1gmail-MsoListParagraphCxSpMiddle\" style=\"text-align: justify;\">\u2022\u00a0\u00a0\u00a0\u00a0\u00a0\u00a0\u00a0\u00a0\u00a0\u00a0\u00a0\u00a0\u00a0\u00a0\u00a0\u00a0\u00a0\u00a0\u00a0\u00a0Nivel Medio Menor: 2 a 3 a\u00f1os (edad cumplida a marzo 2024, 2 a\u00f1os).<\/p>\n<p class=\"v1gmail-MsoListParagraphCxSpLast\" style=\"text-align: justify;\">\u2022\u00a0\u00a0\u00a0\u00a0\u00a0\u00a0\u00a0\u00a0\u00a0\u00a0\u00a0\u00a0\u00a0\u00a0\u00a0\u00a0\u00a0\u00a0\u00a0\u00a0Nivel Medio Mayor: 3 a 4 a\u00f1os (edad cumplida a marzo 2024, 3 a\u00f1os).<\/p>\n<p class=\"v1MsoNormal\" style=\"text-align: justify;\">Para localizar la sala cuna o jard\u00edn infantil m\u00e1s cercano, las familias pueden digitar directamente en el navegador del computador o dispositivo m\u00f3vil la URL\u00a0<a href=\"https:\/\/geobuscador.integra.cl\/\" target=\"_blank\" rel=\"noopener noreferrer\">https:\/\/geobuscador.integra.cl\/<\/a>\u00a0o ingresar a\u00a0<a href=\"http:\/\/www.integra.cl\/\" target=\"_blank\" rel=\"noopener noreferrer\">www.integra.cl<\/a>\u00a0y seleccionar la opci\u00f3n \u00abBusca tu jard\u00edn infantil\u00bb. Al presionarla, se desplegar\u00e1 el geo buscador, el que permite personalizar la b\u00fasqueda por regi\u00f3n y comuna.<\/p>\n<p class=\"v1MsoNormal\" style=\"text-align: justify;\">La directora regional de Integra destaca la importancia de la educaci\u00f3n inicial ya \u00abque no basta que los ni\u00f1os y ni\u00f1as est\u00e9n matriculados o que vayan un (1) d\u00eda a la semana al jard\u00edn, necesitamos que ellos vayan de manera regular, con el objetivo de que todo lo que queramos desarrollar en relaci\u00f3n a sus aprendizajes sea efectivo\u00bb.<\/p>\n<p class=\"v1MsoNormal\" style=\"text-align: justify;\">Quienes requieran mayor informaci\u00f3n, pueden consultar en el sitio web\u00a0<a href=\"http:\/\/www.integra.cl\/\" target=\"_blank\" rel=\"noopener noreferrer\">www.integra.cl<\/a>, al tel\u00e9fono 800 540 011 o las redes sociales oficiales de Fundaci\u00f3n Integra.<\/p>\n<p class=\"v1MsoNormal\" style=\"text-align: justify;\">\u00abVayan a los jardines infantiles, conozcan nuestros establecimientos, son espacios de puertas abiertas en la que se encontraran con personas y equipos amables quienes les mostraran el trabajo que ah\u00ed se desarrolla y les informar\u00e1n si tienen a\u00fan cupos disponibles, permitiendo con esto poder generar las confianzas de saber en qu\u00e9 lugar estar\u00e1n sus hijos\u00bb, reforz\u00f3 la directora regional de Integra.<\/p>\n<p class=\"v1MsoNormal\" style=\"text-align: justify;\">Con 33 a\u00f1os de experiencia y m\u00e1s de 1.200 salas cuna y jardines infantiles gratuitos en todo el pa\u00eds, Fundaci\u00f3n Integra trabaja para lograr el desarrollo integral, bienestar y aprendizajes significativos de ni\u00f1os y ni\u00f1as, poniendo a su disposici\u00f3n espacios educativos diversos, estimulantes y de calidad.<\/p>\n<\/div><\/section><\/div><div  style='height:50px' class='hr hr-invisible   avia-builder-el-6  el_after_av_one_full  el_before_av_social_share '><span class='hr-inner ' ><span class='hr-inner-style'><\/span><\/span><\/div><\/p>\n<div  class='av-social-sharing-box  avia-builder-el-7  el_after_av_hr  el_before_av_hr  '><div class='av-share-box'><h5 class='av-share-link-description av-no-toc '>Compartir esta noticia<\/h5><ul class='av-share-box-list noLightbox'><li class='av-share-link av-social-link-facebook' ><a target=\"_blank\" aria-label=\"Compartir en Facebook\" href='https:\/\/www.facebook.com\/sharer.php?u=https:\/\/radiorevelacionfm.cl\/?p=40729&#038;t=Invitan%20a%20familias%20consultar%20por%20cupos%20para%20jardines%20infantiles%20de%20Fundaci%C3%B3n%20Integra' aria-hidden='false' data-av_icon='\ue8f3' data-av_iconfont='entypo-fontello' title='' data-avia-related-tooltip='Compartir en Facebook' rel=\"noopener\"><span class='avia_hidden_link_text'>Compartir en Facebook<\/span><\/a><\/li><li class='av-share-link av-social-link-twitter' ><a target=\"_blank\" aria-label=\"Compartir en Twitter\" href='https:\/\/twitter.com\/share?text=Invitan%20a%20familias%20consultar%20por%20cupos%20para%20jardines%20infantiles%20de%20Fundaci%C3%B3n%20Integra&#038;url=https:\/\/radiorevelacionfm.cl\/?p=40729' aria-hidden='false' data-av_icon='\ue8f1' data-av_iconfont='entypo-fontello' title='' data-avia-related-tooltip='Compartir en Twitter' rel=\"noopener\"><span class='avia_hidden_link_text'>Compartir en Twitter<\/span><\/a><\/li><li class='av-share-link av-social-link-whatsapp' ><a target=\"_blank\" aria-label=\"Compartir en Whatsapp\" href='https:\/\/api.whatsapp.com\/send?text=https:\/\/radiorevelacionfm.cl\/?p=40729' aria-hidden='false' data-av_icon='\uf232' data-av_iconfont='entypo-fontello' title='' data-avia-related-tooltip='Compartir en Whatsapp' rel=\"noopener\"><span class='avia_hidden_link_text'>Compartir en Whatsapp<\/span><\/a><\/li><li class='av-share-link av-social-link-linkedin' ><a target=\"_blank\" aria-label=\"Compartir en LinkedIn\" href='https:\/\/linkedin.com\/shareArticle?mini=true&#038;title=Invitan%20a%20familias%20consultar%20por%20cupos%20para%20jardines%20infantiles%20de%20Fundaci%C3%B3n%20Integra&#038;url=https:\/\/radiorevelacionfm.cl\/?p=40729' aria-hidden='false' data-av_icon='\ue8fc' data-av_iconfont='entypo-fontello' title='' data-avia-related-tooltip='Compartir en LinkedIn' rel=\"noopener\"><span class='avia_hidden_link_text'>Compartir en LinkedIn<\/span><\/a><\/li><li class='av-share-link av-social-link-mail' ><a  aria-label=\"Compartir por correo\" href='mailto:?subject=Invitan%20a%20familias%20consultar%20por%20cupos%20para%20jardines%20infantiles%20de%20Fundaci%C3%B3n%20Integra&#038;body=https:\/\/radiorevelacionfm.cl\/?p=40729' aria-hidden='false' data-av_icon='\ue805' data-av_iconfont='entypo-fontello' title='' data-avia-related-tooltip='Compartir por correo'><span class='avia_hidden_link_text'>Compartir por correo<\/span><\/a><\/li><\/ul><\/div><\/div>\n<div  style='height:50px' class='hr hr-invisible   avia-builder-el-8  el_after_av_social_share  el_before_av_comments_list '><span class='hr-inner ' ><span class='hr-inner-style'><\/span><\/span><\/div>\n<div  class='av-buildercomment  av-blog-meta-html-info-disabled av-blog-meta-tag-disabled  '><\/div>\n","protected":false},"excerpt":{"rendered":"","protected":false},"author":1,"featured_media":40730,"comment_status":"open","ping_status":"open","sticky":false,"template":"","format":"standard","meta":{"footnotes":""},"categories":[49],"tags":[],"class_list":["post-40729","post","type-post","status-publish","format-standard","has-post-thumbnail","hentry","category-educacion"],"jetpack_featured_media_url":"https:\/\/radiorevelacionfm.cl\/wp-content\/uploads\/2024\/03\/IMG_0757-min-1-1.jpg","_links":{"self":[{"href":"https:\/\/radiorevelacionfm.cl\/index.php?rest_route=\/wp\/v2\/posts\/40729","targetHints":{"allow":["GET"]}}],"collection":[{"href":"https:\/\/radiorevelacionfm.cl\/index.php?rest_route=\/wp\/v2\/posts"}],"about":[{"href":"https:\/\/radiorevelacionfm.cl\/index.php?rest_route=\/wp\/v2\/types\/post"}],"author":[{"embeddable":true,"href":"https:\/\/radiorevelacionfm.cl\/index.php?rest_route=\/wp\/v2\/users\/1"}],"replies":[{"embeddable":true,"href":"https:\/\/radiorevelacionfm.cl\/index.php?rest_route=%2Fwp%2Fv2%2Fcomments&post=40729"}],"version-history":[{"count":1,"href":"https:\/\/radiorevelacionfm.cl\/index.php?rest_route=\/wp\/v2\/posts\/40729\/revisions"}],"predecessor-version":[{"id":40731,"href":"https:\/\/radiorevelacionfm.cl\/index.php?rest_route=\/wp\/v2\/posts\/40729\/revisions\/40731"}],"wp:featuredmedia":[{"embeddable":true,"href":"https:\/\/radiorevelacionfm.cl\/index.php?rest_route=\/wp\/v2\/media\/40730"}],"wp:attachment":[{"href":"https:\/\/radiorevelacionfm.cl\/index.php?rest_route=%2Fwp%2Fv2%2Fmedia&parent=40729"}],"wp:term":[{"taxonomy":"category","embeddable":true,"href":"https:\/\/radiorevelacionfm.cl\/index.php?rest_route=%2Fwp%2Fv2%2Fcategories&post=40729"},{"taxonomy":"post_tag","embeddable":true,"href":"https:\/\/radiorevelacionfm.cl\/index.php?rest_route=%2Fwp%2Fv2%2Ftags&post=40729"}],"curies":[{"name":"wp","href":"https:\/\/api.w.org\/{rel}","templated":true}]}}