{"id":40726,"date":"2024-03-26T19:05:12","date_gmt":"2024-03-26T22:05:12","guid":{"rendered":"https:\/\/radiorevelacionfm.cl\/?p=40726"},"modified":"2024-03-26T19:05:12","modified_gmt":"2024-03-26T22:05:12","slug":"confirman-nuevas-transferencias-gratuitas-para-futuros-proyectos-habitacionales-en-la-region","status":"publish","type":"post","link":"https:\/\/radiorevelacionfm.cl\/?p=40726","title":{"rendered":"Confirman nuevas transferencias gratuitas para futuros proyectos habitacionales en la regi\u00f3n"},"content":{"rendered":"<div class=\"flex_column av_one_full  flex_column_div av-zero-column-padding first  avia-builder-el-0  el_before_av_one_full  avia-builder-el-first  \" style='border-radius:0px; '><div  class='avia-image-container  av-styling-    avia-builder-el-1  avia-builder-el-no-sibling  avia-align-center '  itemprop=\"image\" itemscope=\"itemscope\" itemtype=\"https:\/\/schema.org\/ImageObject\"  ><div class='avia-image-container-inner'><div class='avia-image-overlay-wrap'><img decoding=\"async\" class='wp-image-40727 avia-img-lazy-loading-not-40727 avia_image' src=\"https:\/\/radiorevelacionfm.cl\/wp-content\/uploads\/2024\/03\/IMG_4941-1-1.jpg\" alt='' title='IMG_4941 (1) (1)' height=\"600\" width=\"1067\"  itemprop=\"thumbnailUrl\" srcset=\"https:\/\/radiorevelacionfm.cl\/wp-content\/uploads\/2024\/03\/IMG_4941-1-1.jpg 1067w, https:\/\/radiorevelacionfm.cl\/wp-content\/uploads\/2024\/03\/IMG_4941-1-1-300x169.jpg 300w, https:\/\/radiorevelacionfm.cl\/wp-content\/uploads\/2024\/03\/IMG_4941-1-1-1030x579.jpg 1030w, https:\/\/radiorevelacionfm.cl\/wp-content\/uploads\/2024\/03\/IMG_4941-1-1-768x432.jpg 768w, https:\/\/radiorevelacionfm.cl\/wp-content\/uploads\/2024\/03\/IMG_4941-1-1-705x396.jpg 705w, https:\/\/radiorevelacionfm.cl\/wp-content\/uploads\/2024\/03\/IMG_4941-1-1-450x253.jpg 450w, https:\/\/radiorevelacionfm.cl\/wp-content\/uploads\/2024\/03\/IMG_4941-1-1-600x337.jpg 600w\" sizes=\"(max-width: 1067px) 100vw, 1067px\" \/><\/div><\/div><\/div><\/div><div class=\"flex_column av_one_full  flex_column_div av-zero-column-padding first  avia-builder-el-2  el_after_av_one_full  el_before_av_one_full  column-top-margin\" style='border-radius:0px; '><section class=\"av_textblock_section \"  itemscope=\"itemscope\" itemtype=\"https:\/\/schema.org\/BlogPosting\" itemprop=\"blogPost\" ><div class='avia_textblock  '   itemprop=\"text\" ><p style=\"text-align: center;\"><strong><span style=\"font-size: 18pt;\">Confirman nuevas transferencias gratuitas para futuros proyectos habitacionales en la regi\u00f3n<\/span><\/strong><\/p>\n<div id=\"gtx-trans\" style=\"position: absolute; left: -50px; top: 4.31534px;\">\n<div class=\"gtx-trans-icon\"><\/div>\n<\/div>\n<\/div><\/section><\/div><div class=\"flex_column av_one_full  flex_column_div av-zero-column-padding first  avia-builder-el-4  el_after_av_one_full  el_before_av_hr  column-top-margin\" style='border-radius:0px; '><section class=\"av_textblock_section \"  itemscope=\"itemscope\" itemtype=\"https:\/\/schema.org\/BlogPosting\" itemprop=\"blogPost\" ><div class='avia_textblock  '   itemprop=\"text\" ><p style=\"text-align: justify;\">Cumpliendo con el mandato del Presidente Gabriel Boric respecto de agilizar los procesos de transferencia de inmuebles fiscales hacia el Ministerio de Vivienda y Urbanismo para avanzar en el Plan de Emergencia Habitacional a nivel pa\u00eds, desde la Seremi de Bienes Nacionales de Ays\u00e9n, hace poco se concret\u00f3 la firma de tres escrituras que confirman el traspaso de terrenos en Coyhaique y Cochrane.<\/p>\n<p style=\"text-align: justify;\">En la ocasi\u00f3n, la Seremi Irina Morend junto al Director Regional de Serviu, V\u00edctor Contreras, plasmaron sus firmas en la Primera Notar\u00eda de Coyhaique, confirmando as\u00ed el trabajo coordinado que ambas entidades han establecido para dar prioridad al compromiso adquirido en el marco del PEH. En ese sentido, la Seremi dio la bienvenida al director de Serviu, con quien sostuvo la primera reuni\u00f3n de coordinaci\u00f3n interinstitucional en la que se\u00f1al\u00f3 \u201cestamos estableciendo los mecanismos y formas de trabajar hacia adelante, de forma articulada y unida, de manera que podamos avanzar con toda la cerelidad que hemos puesto en este Gobierno con el Plan de Emergencia Habitacional y desde nuestro rol con la disposici\u00f3n de inmuebles fiscales para que a futuro se puedan concretar soluciones habitacionales en distintos lugares de la regi\u00f3n\u201d, se\u00f1al\u00f3, agregando que de las tres transferencias de terreno, dos se suman a la Chacra G2 de Coyhaique y otra corresponde a la ciudad de Cochrane.<\/p>\n<p style=\"text-align: justify;\">Por su parte, el director de Serviu Ays\u00e9n, enfatiz\u00f3 en que la apertura de trabajo con Bienes Nacionales ha permitido avanzar en tr\u00e1mites que antiguamente no eran priorizados, o en su defecto, no exist\u00edan, como la disposici\u00f3n gratuita de los inmuebles fiscales. \u201cAntes se hablaba de a\u00f1os, actualmente estamos hablando de algunos meses de tramitaci\u00f3n, as\u00ed que se agradece la disposici\u00f3n\u201d, afirm\u00f3 V\u00edctor Contreras.<\/p>\n<p style=\"text-align: justify;\">Asimismo, desde Serviu se resalt\u00f3 que con la implementaci\u00f3n del PEH, \u201chay que reconocer que esto no contribuye solo a las familias, sino que tambi\u00e9n a la regi\u00f3n en el sentido de que este es un programa, nuestro Presidente nos ha dado el \u00e9nfasis de que el Plan de Emergencia Habitacional es importante y con esto la regi\u00f3n se puede posicionar dentro de las que m\u00e1s avanza\u201d, sostuvo el director regional a\u00f1adiendo que \u201ccualquier gesti\u00f3n que se pueda intencionar entre los servicios p\u00fablicos que mejore los tiempos de tramitaci\u00f3n, hace que los vecinos puedan acceder m\u00e1s pronto a estos programas\u201d.<\/p>\n<p style=\"text-align: justify;\">Cabe mencionar que, en 2023, se concret\u00f3 el traspaso de once inmuebles fiscales ubicados en siete de diez comunas de la regi\u00f3n de Ays\u00e9n, ceremonia que fue encabezada por la ministra de Bienes Nacionales, Marcela Sandoval Osorio.<\/p>\n<\/div><\/section><\/div><div  style='height:50px' class='hr hr-invisible   avia-builder-el-6  el_after_av_one_full  el_before_av_social_share '><span class='hr-inner ' ><span class='hr-inner-style'><\/span><\/span><\/div><\/p>\n<div  class='av-social-sharing-box  avia-builder-el-7  el_after_av_hr  el_before_av_hr  '><div class='av-share-box'><h5 class='av-share-link-description av-no-toc '>Compartir esta noticia<\/h5><ul class='av-share-box-list noLightbox'><li class='av-share-link av-social-link-facebook' ><a target=\"_blank\" aria-label=\"Compartir en Facebook\" href='https:\/\/www.facebook.com\/sharer.php?u=https:\/\/radiorevelacionfm.cl\/?p=40726&#038;t=Confirman%20nuevas%20transferencias%20gratuitas%20para%20futuros%20proyectos%20habitacionales%20en%20la%20regi%C3%B3n' aria-hidden='false' data-av_icon='\ue8f3' data-av_iconfont='entypo-fontello' title='' data-avia-related-tooltip='Compartir en Facebook' rel=\"noopener\"><span class='avia_hidden_link_text'>Compartir en Facebook<\/span><\/a><\/li><li class='av-share-link av-social-link-twitter' ><a target=\"_blank\" aria-label=\"Compartir en Twitter\" href='https:\/\/twitter.com\/share?text=Confirman%20nuevas%20transferencias%20gratuitas%20para%20futuros%20proyectos%20habitacionales%20en%20la%20regi%C3%B3n&#038;url=https:\/\/radiorevelacionfm.cl\/?p=40726' aria-hidden='false' data-av_icon='\ue8f1' data-av_iconfont='entypo-fontello' title='' data-avia-related-tooltip='Compartir en Twitter' rel=\"noopener\"><span class='avia_hidden_link_text'>Compartir en Twitter<\/span><\/a><\/li><li class='av-share-link av-social-link-whatsapp' ><a target=\"_blank\" aria-label=\"Compartir en Whatsapp\" href='https:\/\/api.whatsapp.com\/send?text=https:\/\/radiorevelacionfm.cl\/?p=40726' aria-hidden='false' data-av_icon='\uf232' data-av_iconfont='entypo-fontello' title='' data-avia-related-tooltip='Compartir en Whatsapp' rel=\"noopener\"><span class='avia_hidden_link_text'>Compartir en Whatsapp<\/span><\/a><\/li><li class='av-share-link av-social-link-linkedin' ><a target=\"_blank\" aria-label=\"Compartir en LinkedIn\" href='https:\/\/linkedin.com\/shareArticle?mini=true&#038;title=Confirman%20nuevas%20transferencias%20gratuitas%20para%20futuros%20proyectos%20habitacionales%20en%20la%20regi%C3%B3n&#038;url=https:\/\/radiorevelacionfm.cl\/?p=40726' aria-hidden='false' data-av_icon='\ue8fc' data-av_iconfont='entypo-fontello' title='' data-avia-related-tooltip='Compartir en LinkedIn' rel=\"noopener\"><span class='avia_hidden_link_text'>Compartir en LinkedIn<\/span><\/a><\/li><li class='av-share-link av-social-link-mail' ><a  aria-label=\"Compartir por correo\" href='mailto:?subject=Confirman%20nuevas%20transferencias%20gratuitas%20para%20futuros%20proyectos%20habitacionales%20en%20la%20regi%C3%B3n&#038;body=https:\/\/radiorevelacionfm.cl\/?p=40726' aria-hidden='false' data-av_icon='\ue805' data-av_iconfont='entypo-fontello' title='' data-avia-related-tooltip='Compartir por correo'><span class='avia_hidden_link_text'>Compartir por correo<\/span><\/a><\/li><\/ul><\/div><\/div>\n<div  style='height:50px' class='hr hr-invisible   avia-builder-el-8  el_after_av_social_share  el_before_av_comments_list '><span class='hr-inner ' ><span class='hr-inner-style'><\/span><\/span><\/div>\n<div  class='av-buildercomment  av-blog-meta-html-info-disabled av-blog-meta-tag-disabled  '><\/div>\n","protected":false},"excerpt":{"rendered":"","protected":false},"author":1,"featured_media":40727,"comment_status":"open","ping_status":"open","sticky":false,"template":"","format":"standard","meta":{"footnotes":""},"categories":[38],"tags":[],"class_list":["post-40726","post","type-post","status-publish","format-standard","has-post-thumbnail","hentry","category-regional"],"jetpack_featured_media_url":"https:\/\/radiorevelacionfm.cl\/wp-content\/uploads\/2024\/03\/IMG_4941-1-1.jpg","_links":{"self":[{"href":"https:\/\/radiorevelacionfm.cl\/index.php?rest_route=\/wp\/v2\/posts\/40726","targetHints":{"allow":["GET"]}}],"collection":[{"href":"https:\/\/radiorevelacionfm.cl\/index.php?rest_route=\/wp\/v2\/posts"}],"about":[{"href":"https:\/\/radiorevelacionfm.cl\/index.php?rest_route=\/wp\/v2\/types\/post"}],"author":[{"embeddable":true,"href":"https:\/\/radiorevelacionfm.cl\/index.php?rest_route=\/wp\/v2\/users\/1"}],"replies":[{"embeddable":true,"href":"https:\/\/radiorevelacionfm.cl\/index.php?rest_route=%2Fwp%2Fv2%2Fcomments&post=40726"}],"version-history":[{"count":1,"href":"https:\/\/radiorevelacionfm.cl\/index.php?rest_route=\/wp\/v2\/posts\/40726\/revisions"}],"predecessor-version":[{"id":40728,"href":"https:\/\/radiorevelacionfm.cl\/index.php?rest_route=\/wp\/v2\/posts\/40726\/revisions\/40728"}],"wp:featuredmedia":[{"embeddable":true,"href":"https:\/\/radiorevelacionfm.cl\/index.php?rest_route=\/wp\/v2\/media\/40727"}],"wp:attachment":[{"href":"https:\/\/radiorevelacionfm.cl\/index.php?rest_route=%2Fwp%2Fv2%2Fmedia&parent=40726"}],"wp:term":[{"taxonomy":"category","embeddable":true,"href":"https:\/\/radiorevelacionfm.cl\/index.php?rest_route=%2Fwp%2Fv2%2Fcategories&post=40726"},{"taxonomy":"post_tag","embeddable":true,"href":"https:\/\/radiorevelacionfm.cl\/index.php?rest_route=%2Fwp%2Fv2%2Ftags&post=40726"}],"curies":[{"name":"wp","href":"https:\/\/api.w.org\/{rel}","templated":true}]}}