{"id":40720,"date":"2024-03-30T15:10:13","date_gmt":"2024-03-30T18:10:13","guid":{"rendered":"https:\/\/radiorevelacionfm.cl\/?p=40720"},"modified":"2024-03-30T15:10:13","modified_gmt":"2024-03-30T18:10:13","slug":"interoperabilidad-de-fichas-clinicas-senadora-ordenes-destaco-la-iniciativa-que-tiene-por-objetivo-un-sistema-integrado-de-salud","status":"publish","type":"post","link":"https:\/\/radiorevelacionfm.cl\/?p=40720","title":{"rendered":"Interoperabilidad de Fichas Cl\u00ednicas: Senadora \u00d3rdenes destac\u00f3 la iniciativa que tiene por objetivo un sistema integrado de salud"},"content":{"rendered":"<div class=\"flex_column av_one_full  flex_column_div av-zero-column-padding first  avia-builder-el-0  el_before_av_one_full  avia-builder-el-first  \" style='border-radius:0px; '><div  class='avia-image-container  av-styling-    avia-builder-el-1  avia-builder-el-no-sibling  avia-align-center '  itemprop=\"image\" itemscope=\"itemscope\" itemtype=\"https:\/\/schema.org\/ImageObject\"  ><div class='avia-image-container-inner'><div class='avia-image-overlay-wrap'><img decoding=\"async\" class='wp-image-40721 avia-img-lazy-loading-not-40721 avia_image' src=\"https:\/\/radiorevelacionfm.cl\/wp-content\/uploads\/2024\/03\/Senadora-Ordenes_7iv1553-enhanced-nr-1_optimized.jpg\" alt='' title='Senadora Ordenes_7iv1553-enhanced-nr-(1)_optimized' height=\"600\" width=\"900\"  itemprop=\"thumbnailUrl\" srcset=\"https:\/\/radiorevelacionfm.cl\/wp-content\/uploads\/2024\/03\/Senadora-Ordenes_7iv1553-enhanced-nr-1_optimized.jpg 900w, https:\/\/radiorevelacionfm.cl\/wp-content\/uploads\/2024\/03\/Senadora-Ordenes_7iv1553-enhanced-nr-1_optimized-300x200.jpg 300w, https:\/\/radiorevelacionfm.cl\/wp-content\/uploads\/2024\/03\/Senadora-Ordenes_7iv1553-enhanced-nr-1_optimized-768x512.jpg 768w, https:\/\/radiorevelacionfm.cl\/wp-content\/uploads\/2024\/03\/Senadora-Ordenes_7iv1553-enhanced-nr-1_optimized-705x470.jpg 705w, https:\/\/radiorevelacionfm.cl\/wp-content\/uploads\/2024\/03\/Senadora-Ordenes_7iv1553-enhanced-nr-1_optimized-450x300.jpg 450w, https:\/\/radiorevelacionfm.cl\/wp-content\/uploads\/2024\/03\/Senadora-Ordenes_7iv1553-enhanced-nr-1_optimized-600x400.jpg 600w\" sizes=\"(max-width: 900px) 100vw, 900px\" \/><\/div><\/div><\/div><\/div><div class=\"flex_column av_one_full  flex_column_div av-zero-column-padding first  avia-builder-el-2  el_after_av_one_full  el_before_av_one_full  column-top-margin\" style='border-radius:0px; '><section class=\"av_textblock_section \"  itemscope=\"itemscope\" itemtype=\"https:\/\/schema.org\/BlogPosting\" itemprop=\"blogPost\" ><div class='avia_textblock  '   itemprop=\"text\" ><p style=\"text-align: center;\"><span style=\"font-size: 18pt;\"><strong>Interoperabilidad de Fichas Cl\u00ednicas: Senadora \u00d3rdenes destac\u00f3 la iniciativa que tiene por objetivo un sistema integrado de salud<\/strong><\/span><\/p>\n<div id=\"gtx-trans\" style=\"position: absolute; left: -50px; top: 4.31534px;\">\n<div class=\"gtx-trans-icon\"><\/div>\n<\/div>\n<\/div><\/section><\/div><div class=\"flex_column av_one_full  flex_column_div av-zero-column-padding first  avia-builder-el-4  el_after_av_one_full  el_before_av_hr  column-top-margin\" style='border-radius:0px; '><section class=\"av_textblock_section \"  itemscope=\"itemscope\" itemtype=\"https:\/\/schema.org\/BlogPosting\" itemprop=\"blogPost\" ><div class='avia_textblock  '   itemprop=\"text\" ><p style=\"text-align: justify;\">Ante el evidente problema que presenta actualmente el Sistema de Salud chileno, debido, tanto a la disgregaci\u00f3n de la informaci\u00f3n cl\u00ednica de los pacientes en los sistemas de distintos prestadores de salud, como el que no existan formatos consultables en l\u00ednea, la Comisi\u00f3n de Salud del Senado est\u00e1 analizando un proyecto de ley que tiene como objetivo la gesti\u00f3n integral de las fichas cl\u00ednicas, permitiendo tener un sistema integrado de salud, m\u00e1s eficiente y que evitar\u00eda tener repetir ex\u00e1menes de laboratorio e im\u00e1genes que ya constan en sistemas de distintos prestadores. Tambi\u00e9n, permitir\u00eda minimizar el riesgo de efectos adversos derivados del desconocimiento de la informaci\u00f3n sobre f\u00e1rmacos o condiciones preexistentes del paciente.<\/p>\n<p style=\"text-align: justify;\">La senadora por la regi\u00f3n de Ays\u00e9n, Ximena \u00d3rdenes Neira, quien integra la Comisi\u00f3n de Salud, dio cuenta de esta preocupaci\u00f3n y del trabajo que se est\u00e1 realizando en el Senado. \u201cUn problema actual que tenemos en el sistema de salud chileno es la disgregaci\u00f3n de la informaci\u00f3n cl\u00ednica de los pacientes, por eso en la Comisi\u00f3n de Salud del Senado estamos trabajando en un proyecto de ley que establece la interoperabilidad de las fichas cl\u00ednicas\u201d, sostuvo la parlamentaria, quien mostr\u00f3 las ventajas de un sistema integrado, refri\u00e9ndose a una realidad que viven muchos pacientes de la regi\u00f3n de Ays\u00e9n.<\/p>\n<p style=\"text-align: justify;\">\u201cEsto significa, por ejemplo, que un paciente de la regi\u00f3n de Ays\u00e9n, que se atiende en el sistema p\u00fablico, si tiene que viajar por razones m\u00e9dicas a otra regi\u00f3n y atenderse en el sistema privado, toda su informaci\u00f3n va a estar a disposici\u00f3n, por lo tanto se va a conocer cu\u00e1les son los medicamentos que est\u00e1 utilizando y los ex\u00e1menes que se ha realizado\u201d, ejemplific\u00f3 la senadora \u00d3rdenes, afirmando que \u201cun sistema integrado va a permitir que este sea mucho m\u00e1s eficiente y que se garantice el derecho a la salud.\u201d<\/p>\n<p style=\"text-align: justify;\">En lo fundamental, el objetivo de este proyecto es lograr que la informaci\u00f3n sea m\u00e1s accesible, trazable y reutilizable, dando mayor libertad de elecci\u00f3n a los pacientes, de transitar por todo el Sistema de Salud, sin que haya riesgo de que la falta de informaci\u00f3n precisa sobre antecedentes m\u00e9dicos redunde en afectaciones graves para la salud. Adem\u00e1s, tambi\u00e9n se estar\u00eda reduciendo la carga administrativa del sistema sanitario, donde el Estado requiere de m\u00faltiples formularios para recoger informaci\u00f3n relevante, entre otras ventajas que se han manifestado en medio del an\u00e1lisis y debate en torno a esta iniciativa.<\/p>\n<\/div><\/section><\/div><div  style='height:50px' class='hr hr-invisible   avia-builder-el-6  el_after_av_one_full  el_before_av_social_share '><span class='hr-inner ' ><span class='hr-inner-style'><\/span><\/span><\/div><\/p>\n<div  class='av-social-sharing-box  avia-builder-el-7  el_after_av_hr  el_before_av_hr  '><div class='av-share-box'><h5 class='av-share-link-description av-no-toc '>Compartir esta noticia<\/h5><ul class='av-share-box-list noLightbox'><li class='av-share-link av-social-link-facebook' ><a target=\"_blank\" aria-label=\"Compartir en Facebook\" href='https:\/\/www.facebook.com\/sharer.php?u=https:\/\/radiorevelacionfm.cl\/?p=40720&#038;t=Interoperabilidad%20de%20Fichas%20Cl%C3%ADnicas%3A%20Senadora%20%C3%93rdenes%20destac%C3%B3%20la%20iniciativa%20que%20tiene%20por%20objetivo%20un%20sistema%20integrado%20de%20salud' aria-hidden='false' data-av_icon='\ue8f3' data-av_iconfont='entypo-fontello' title='' data-avia-related-tooltip='Compartir en Facebook' rel=\"noopener\"><span class='avia_hidden_link_text'>Compartir en Facebook<\/span><\/a><\/li><li class='av-share-link av-social-link-twitter' ><a target=\"_blank\" aria-label=\"Compartir en Twitter\" href='https:\/\/twitter.com\/share?text=Interoperabilidad%20de%20Fichas%20Cl%C3%ADnicas%3A%20Senadora%20%C3%93rdenes%20destac%C3%B3%20la%20iniciativa%20que%20tiene%20por%20objetivo%20un%20sistema%20integrado%20de%20salud&#038;url=https:\/\/radiorevelacionfm.cl\/?p=40720' aria-hidden='false' data-av_icon='\ue8f1' data-av_iconfont='entypo-fontello' title='' data-avia-related-tooltip='Compartir en Twitter' rel=\"noopener\"><span class='avia_hidden_link_text'>Compartir en Twitter<\/span><\/a><\/li><li class='av-share-link av-social-link-whatsapp' ><a target=\"_blank\" aria-label=\"Compartir en Whatsapp\" href='https:\/\/api.whatsapp.com\/send?text=https:\/\/radiorevelacionfm.cl\/?p=40720' aria-hidden='false' data-av_icon='\uf232' data-av_iconfont='entypo-fontello' title='' data-avia-related-tooltip='Compartir en Whatsapp' rel=\"noopener\"><span class='avia_hidden_link_text'>Compartir en Whatsapp<\/span><\/a><\/li><li class='av-share-link av-social-link-linkedin' ><a target=\"_blank\" aria-label=\"Compartir en LinkedIn\" href='https:\/\/linkedin.com\/shareArticle?mini=true&#038;title=Interoperabilidad%20de%20Fichas%20Cl%C3%ADnicas%3A%20Senadora%20%C3%93rdenes%20destac%C3%B3%20la%20iniciativa%20que%20tiene%20por%20objetivo%20un%20sistema%20integrado%20de%20salud&#038;url=https:\/\/radiorevelacionfm.cl\/?p=40720' aria-hidden='false' data-av_icon='\ue8fc' data-av_iconfont='entypo-fontello' title='' data-avia-related-tooltip='Compartir en LinkedIn' rel=\"noopener\"><span class='avia_hidden_link_text'>Compartir en LinkedIn<\/span><\/a><\/li><li class='av-share-link av-social-link-mail' ><a  aria-label=\"Compartir por correo\" href='mailto:?subject=Interoperabilidad%20de%20Fichas%20Cl%C3%ADnicas%3A%20Senadora%20%C3%93rdenes%20destac%C3%B3%20la%20iniciativa%20que%20tiene%20por%20objetivo%20un%20sistema%20integrado%20de%20salud&#038;body=https:\/\/radiorevelacionfm.cl\/?p=40720' aria-hidden='false' data-av_icon='\ue805' data-av_iconfont='entypo-fontello' title='' data-avia-related-tooltip='Compartir por correo'><span class='avia_hidden_link_text'>Compartir por correo<\/span><\/a><\/li><\/ul><\/div><\/div>\n<div  style='height:50px' class='hr hr-invisible   avia-builder-el-8  el_after_av_social_share  el_before_av_comments_list '><span class='hr-inner ' ><span class='hr-inner-style'><\/span><\/span><\/div>\n<div  class='av-buildercomment  av-blog-meta-html-info-disabled av-blog-meta-tag-disabled  '><\/div>\n","protected":false},"excerpt":{"rendered":"","protected":false},"author":1,"featured_media":40721,"comment_status":"open","ping_status":"open","sticky":false,"template":"","format":"standard","meta":{"footnotes":""},"categories":[35],"tags":[],"class_list":["post-40720","post","type-post","status-publish","format-standard","has-post-thumbnail","hentry","category-politica"],"jetpack_featured_media_url":"https:\/\/radiorevelacionfm.cl\/wp-content\/uploads\/2024\/03\/Senadora-Ordenes_7iv1553-enhanced-nr-1_optimized.jpg","_links":{"self":[{"href":"https:\/\/radiorevelacionfm.cl\/index.php?rest_route=\/wp\/v2\/posts\/40720","targetHints":{"allow":["GET"]}}],"collection":[{"href":"https:\/\/radiorevelacionfm.cl\/index.php?rest_route=\/wp\/v2\/posts"}],"about":[{"href":"https:\/\/radiorevelacionfm.cl\/index.php?rest_route=\/wp\/v2\/types\/post"}],"author":[{"embeddable":true,"href":"https:\/\/radiorevelacionfm.cl\/index.php?rest_route=\/wp\/v2\/users\/1"}],"replies":[{"embeddable":true,"href":"https:\/\/radiorevelacionfm.cl\/index.php?rest_route=%2Fwp%2Fv2%2Fcomments&post=40720"}],"version-history":[{"count":1,"href":"https:\/\/radiorevelacionfm.cl\/index.php?rest_route=\/wp\/v2\/posts\/40720\/revisions"}],"predecessor-version":[{"id":40722,"href":"https:\/\/radiorevelacionfm.cl\/index.php?rest_route=\/wp\/v2\/posts\/40720\/revisions\/40722"}],"wp:featuredmedia":[{"embeddable":true,"href":"https:\/\/radiorevelacionfm.cl\/index.php?rest_route=\/wp\/v2\/media\/40721"}],"wp:attachment":[{"href":"https:\/\/radiorevelacionfm.cl\/index.php?rest_route=%2Fwp%2Fv2%2Fmedia&parent=40720"}],"wp:term":[{"taxonomy":"category","embeddable":true,"href":"https:\/\/radiorevelacionfm.cl\/index.php?rest_route=%2Fwp%2Fv2%2Fcategories&post=40720"},{"taxonomy":"post_tag","embeddable":true,"href":"https:\/\/radiorevelacionfm.cl\/index.php?rest_route=%2Fwp%2Fv2%2Ftags&post=40720"}],"curies":[{"name":"wp","href":"https:\/\/api.w.org\/{rel}","templated":true}]}}