{"id":40714,"date":"2024-03-26T12:06:32","date_gmt":"2024-03-26T15:06:32","guid":{"rendered":"https:\/\/radiorevelacionfm.cl\/?p=40714"},"modified":"2024-03-26T12:28:41","modified_gmt":"2024-03-26T15:28:41","slug":"con-exito-de-convocatoria-cerro-el-evento-plan-de-desarrollo-formativo-infantil-del-club-balonmano-koi-aike","status":"publish","type":"post","link":"https:\/\/radiorevelacionfm.cl\/?p=40714","title":{"rendered":"Con \u00e9xito de convocatoria cerr\u00f3 el evento Plan de Desarrollo Formativo Infantil del Club Balonmano Koi Aike"},"content":{"rendered":"<div class=\"flex_column av_one_full  flex_column_div av-zero-column-padding first  avia-builder-el-0  el_before_av_one_full  avia-builder-el-first  \" style='border-radius:0px; '><div  class='avia-image-container  av-styling-    avia-builder-el-1  avia-builder-el-no-sibling  avia-align-center '  itemprop=\"image\" itemscope=\"itemscope\" itemtype=\"https:\/\/schema.org\/ImageObject\"  ><div class='avia-image-container-inner'><div class='avia-image-overlay-wrap'><img decoding=\"async\" class='wp-image-40717 avia-img-lazy-loading-not-40717 avia_image' src=\"https:\/\/radiorevelacionfm.cl\/wp-content\/uploads\/2024\/03\/balomano-5-2-1_optimized-1.jpg\" alt='' title='balomano-5-(2)-(1)_optimized (1)' height=\"600\" width=\"1075\"  itemprop=\"thumbnailUrl\" srcset=\"https:\/\/radiorevelacionfm.cl\/wp-content\/uploads\/2024\/03\/balomano-5-2-1_optimized-1.jpg 1075w, https:\/\/radiorevelacionfm.cl\/wp-content\/uploads\/2024\/03\/balomano-5-2-1_optimized-1-300x167.jpg 300w, https:\/\/radiorevelacionfm.cl\/wp-content\/uploads\/2024\/03\/balomano-5-2-1_optimized-1-1030x575.jpg 1030w, https:\/\/radiorevelacionfm.cl\/wp-content\/uploads\/2024\/03\/balomano-5-2-1_optimized-1-768x429.jpg 768w, https:\/\/radiorevelacionfm.cl\/wp-content\/uploads\/2024\/03\/balomano-5-2-1_optimized-1-705x393.jpg 705w, https:\/\/radiorevelacionfm.cl\/wp-content\/uploads\/2024\/03\/balomano-5-2-1_optimized-1-450x251.jpg 450w, https:\/\/radiorevelacionfm.cl\/wp-content\/uploads\/2024\/03\/balomano-5-2-1_optimized-1-600x335.jpg 600w\" sizes=\"(max-width: 1075px) 100vw, 1075px\" \/><\/div><\/div><\/div><\/div><div class=\"flex_column av_one_full  flex_column_div av-zero-column-padding first  avia-builder-el-2  el_after_av_one_full  el_before_av_one_full  column-top-margin\" style='border-radius:0px; '><section class=\"av_textblock_section \"  itemscope=\"itemscope\" itemtype=\"https:\/\/schema.org\/BlogPosting\" itemprop=\"blogPost\" ><div class='avia_textblock  '   itemprop=\"text\" ><p style=\"text-align: center;\"><span style=\"font-size: 18pt;\"><strong>Con \u00e9xito de convocatoria cerr\u00f3 el evento Plan de Desarrollo Formativo Infantil del Club Balonmano Koi Aike<\/strong><\/span><\/p>\n<div id=\"gtx-trans\" style=\"position: absolute; left: -50px; top: 4.31534px;\">\n<div class=\"gtx-trans-icon\"><\/div>\n<\/div>\n<\/div><\/section><\/div><\/p>\n<div class=\"flex_column av_one_full  flex_column_div av-zero-column-padding first  avia-builder-el-4  el_after_av_one_full  el_before_av_hr  column-top-margin\" style='border-radius:0px; '><section class=\"av_textblock_section \"  itemscope=\"itemscope\" itemtype=\"https:\/\/schema.org\/BlogPosting\" itemprop=\"blogPost\" ><div class='avia_textblock  '   itemprop=\"text\" ><p style=\"text-align: justify;\">Del 22 al 24 de marzo se llevaron a cabo las actividades finales del Plan de Desarrollo Formativo Infantil 2024. Durante los d\u00edas 22 y 23, se ofrecieron capacitaciones para profesores y monitores en el Colegio Francisco Xavier Buti\u00f1a. Para cerrar el evento con broche de oro, el domingo se organiz\u00f3 un emocionante festival de mini balonmano en las instalaciones del Colegio Juan Pablo II de Coyhaique, donde el Club Balonmano Koi Aike celebr\u00f3 un exitoso final con la participaci\u00f3n entusiasta de m\u00e1s de 40 ni\u00f1os y ni\u00f1as de entre 4 y 13 a\u00f1os. La ceremonia de clausura se llev\u00f3 a cabo ese mismo d\u00eda a partir de las 10 de la ma\u00f1ana.<\/p>\n<p style=\"text-align: justify;\">Las actividades del evento incluyeron charlas formativas dirigidas a los participantes, as\u00ed como sesiones t\u00e9cnicas enfocadas en el entrenamiento de mini balonmano para los entrenadores y profesores, las cuales fueron impartidas por destacados profesionales del deporte. Entre los invitados especiales se destac\u00f3 la presencia de Hugo Valdebenito, reconocido profesor de educaci\u00f3n f\u00edsica y entrenador del colegio De Las Salles en Santiago.<\/p>\n<p style=\"text-align: justify;\">Este significativo evento, financiado por el Gobierno Regional de Ays\u00e9n y su consejo, mediante el 8% del Fondo Nacional de Desarrollo Regional (FNDR), se ha convertido en un punto culminante en la agenda deportiva de la regi\u00f3n. Para Claudia Cantero, Jefa de Desarrollo Social y Humano del Gobierno Regional de Ays\u00e9n, quien particip\u00f3 en la jornada de cierre, fue muy gratificante poder verificar in situ el trabajo del club. Al respecto, destac\u00f3: &#8216;La agrupaci\u00f3n ha estado trabajando todo el a\u00f1o en estos talleres, con muchas ganas, y agradecerles por la confianza de postular a los recursos del FNDR. Tambi\u00e9n resaltar a las y los apoderados que est\u00e1n hoy aqu\u00ed presentes. Para el Gobierno Regional y nuestra Gobernadora Andrea Mac\u00edas Palma, estas iniciativas son fundamentales para el desarrollo, ya que este tipo de actividades debemos seguir potenci\u00e1ndolas, y para eso est\u00e1n pensados y hechos estos fondos del 8% y asignaciones directas, entre otras. Durante este a\u00f1o, queremos seguir contribuyendo en ellos, ya que el desarrollo no solamente se puede pensar en grandes obras de infraestructura, sino tambi\u00e9n es importante avanzar en el desarrollo humano&#8217;.<\/p>\n<p style=\"text-align: justify;\">Joaqu\u00edn Villanueva, destacado entrenador del equipo juvenil masculino de Promesas Chile, cuenta con una impresionante lista de logros. Su participaci\u00f3n en los tres d\u00edas de jornada fue un proceso inolvidable, durante el cual destac\u00f3 el profesionalismo del club en su enfoque formativo. Valdebenito subray\u00f3: \u201choy pudimos constatar que el foco es con las categor\u00edas inferiores, ya que en las distintas l\u00edneas del proyecto hay formas de aprender, y en eso nos tenemos que centrar. Los jugadores experimentaron la forma de juego de este deporte, los dirigentes entendieron que hay momentos en que las cosas funcionan y en otros casos funcionan menos, pero el motor fundamental para las organizaciones de los clubes es el futuro y vincularse con amor y pasi\u00f3n con la actividad. Esto es un proceso a largo plazo, la regi\u00f3n de Ays\u00e9n tiene potencial y el trabajo y estrategia consisten en entrar en los colegios y no me cabe la menor duda de que va a ser muy pr\u00f3spero.\u201d<\/p>\n<p style=\"text-align: justify;\">Otra de las personas que se hicieron presentes en este evento de cierre fue Jorge Mart\u00ednez, padre de Roc\u00edo, quien se encontraba muy agradecido por la organizaci\u00f3n. \u00abMe interesa mucho que los chicos tengan esa cercan\u00eda con el deporte, y que se vayan formando, que hagan amigos y que entiendan que es un juego. A nivel educativo, es muy importante. Como padre, los chicos aprenden divirti\u00e9ndose y les pido a todas las instancias de gobierno que este tipo de deportes, que son incipientes en nuestra regi\u00f3n, tengan apoyo permanente. Si no, esto se interrumpe y es muy dif\u00edcil darle continuidad a esta labor educativa\u00bb, finaliz\u00f3 Mart\u00ednez.<\/p>\n<\/div><\/section><\/div>\n<div  style='height:50px' class='hr hr-invisible   avia-builder-el-6  el_after_av_one_full  el_before_av_social_share '><span class='hr-inner ' ><span class='hr-inner-style'><\/span><\/span><\/div>\n<div  class='av-social-sharing-box  avia-builder-el-7  el_after_av_hr  el_before_av_hr  '><div class='av-share-box'><h5 class='av-share-link-description av-no-toc '>Compartir esta noticia<\/h5><ul class='av-share-box-list noLightbox'><li class='av-share-link av-social-link-facebook' ><a target=\"_blank\" aria-label=\"Compartir en Facebook\" href='https:\/\/www.facebook.com\/sharer.php?u=https:\/\/radiorevelacionfm.cl\/?p=40714&#038;t=Con%20%C3%A9xito%20de%20convocatoria%20cerr%C3%B3%20el%20evento%20Plan%20de%20Desarrollo%20Formativo%20Infantil%20del%20Club%20Balonmano%20Koi%20Aike' aria-hidden='false' data-av_icon='\ue8f3' data-av_iconfont='entypo-fontello' title='' data-avia-related-tooltip='Compartir en Facebook' rel=\"noopener\"><span class='avia_hidden_link_text'>Compartir en Facebook<\/span><\/a><\/li><li class='av-share-link av-social-link-twitter' ><a target=\"_blank\" aria-label=\"Compartir en Twitter\" href='https:\/\/twitter.com\/share?text=Con%20%C3%A9xito%20de%20convocatoria%20cerr%C3%B3%20el%20evento%20Plan%20de%20Desarrollo%20Formativo%20Infantil%20del%20Club%20Balonmano%20Koi%20Aike&#038;url=https:\/\/radiorevelacionfm.cl\/?p=40714' aria-hidden='false' data-av_icon='\ue8f1' data-av_iconfont='entypo-fontello' title='' data-avia-related-tooltip='Compartir en Twitter' rel=\"noopener\"><span class='avia_hidden_link_text'>Compartir en Twitter<\/span><\/a><\/li><li class='av-share-link av-social-link-whatsapp' ><a target=\"_blank\" aria-label=\"Compartir en Whatsapp\" href='https:\/\/api.whatsapp.com\/send?text=https:\/\/radiorevelacionfm.cl\/?p=40714' aria-hidden='false' data-av_icon='\uf232' data-av_iconfont='entypo-fontello' title='' data-avia-related-tooltip='Compartir en Whatsapp' rel=\"noopener\"><span class='avia_hidden_link_text'>Compartir en Whatsapp<\/span><\/a><\/li><li class='av-share-link av-social-link-linkedin' ><a target=\"_blank\" aria-label=\"Compartir en LinkedIn\" href='https:\/\/linkedin.com\/shareArticle?mini=true&#038;title=Con%20%C3%A9xito%20de%20convocatoria%20cerr%C3%B3%20el%20evento%20Plan%20de%20Desarrollo%20Formativo%20Infantil%20del%20Club%20Balonmano%20Koi%20Aike&#038;url=https:\/\/radiorevelacionfm.cl\/?p=40714' aria-hidden='false' data-av_icon='\ue8fc' data-av_iconfont='entypo-fontello' title='' data-avia-related-tooltip='Compartir en LinkedIn' rel=\"noopener\"><span class='avia_hidden_link_text'>Compartir en LinkedIn<\/span><\/a><\/li><li class='av-share-link av-social-link-mail' ><a  aria-label=\"Compartir por correo\" href='mailto:?subject=Con%20%C3%A9xito%20de%20convocatoria%20cerr%C3%B3%20el%20evento%20Plan%20de%20Desarrollo%20Formativo%20Infantil%20del%20Club%20Balonmano%20Koi%20Aike&#038;body=https:\/\/radiorevelacionfm.cl\/?p=40714' aria-hidden='false' data-av_icon='\ue805' data-av_iconfont='entypo-fontello' title='' data-avia-related-tooltip='Compartir por correo'><span class='avia_hidden_link_text'>Compartir por correo<\/span><\/a><\/li><\/ul><\/div><\/div>\n<div  style='height:50px' class='hr hr-invisible   avia-builder-el-8  el_after_av_social_share  el_before_av_comments_list '><span class='hr-inner ' ><span class='hr-inner-style'><\/span><\/span><\/div>\n<div  class='av-buildercomment  av-blog-meta-html-info-disabled av-blog-meta-tag-disabled  '><\/div>\n","protected":false},"excerpt":{"rendered":"","protected":false},"author":1,"featured_media":40717,"comment_status":"open","ping_status":"open","sticky":false,"template":"","format":"standard","meta":{"footnotes":""},"categories":[40],"tags":[],"class_list":["post-40714","post","type-post","status-publish","format-standard","has-post-thumbnail","hentry","category-deportes"],"jetpack_featured_media_url":"https:\/\/radiorevelacionfm.cl\/wp-content\/uploads\/2024\/03\/balomano-5-2-1_optimized-1.jpg","_links":{"self":[{"href":"https:\/\/radiorevelacionfm.cl\/index.php?rest_route=\/wp\/v2\/posts\/40714","targetHints":{"allow":["GET"]}}],"collection":[{"href":"https:\/\/radiorevelacionfm.cl\/index.php?rest_route=\/wp\/v2\/posts"}],"about":[{"href":"https:\/\/radiorevelacionfm.cl\/index.php?rest_route=\/wp\/v2\/types\/post"}],"author":[{"embeddable":true,"href":"https:\/\/radiorevelacionfm.cl\/index.php?rest_route=\/wp\/v2\/users\/1"}],"replies":[{"embeddable":true,"href":"https:\/\/radiorevelacionfm.cl\/index.php?rest_route=%2Fwp%2Fv2%2Fcomments&post=40714"}],"version-history":[{"count":3,"href":"https:\/\/radiorevelacionfm.cl\/index.php?rest_route=\/wp\/v2\/posts\/40714\/revisions"}],"predecessor-version":[{"id":40719,"href":"https:\/\/radiorevelacionfm.cl\/index.php?rest_route=\/wp\/v2\/posts\/40714\/revisions\/40719"}],"wp:featuredmedia":[{"embeddable":true,"href":"https:\/\/radiorevelacionfm.cl\/index.php?rest_route=\/wp\/v2\/media\/40717"}],"wp:attachment":[{"href":"https:\/\/radiorevelacionfm.cl\/index.php?rest_route=%2Fwp%2Fv2%2Fmedia&parent=40714"}],"wp:term":[{"taxonomy":"category","embeddable":true,"href":"https:\/\/radiorevelacionfm.cl\/index.php?rest_route=%2Fwp%2Fv2%2Fcategories&post=40714"},{"taxonomy":"post_tag","embeddable":true,"href":"https:\/\/radiorevelacionfm.cl\/index.php?rest_route=%2Fwp%2Fv2%2Ftags&post=40714"}],"curies":[{"name":"wp","href":"https:\/\/api.w.org\/{rel}","templated":true}]}}