{"id":40703,"date":"2024-03-26T15:55:13","date_gmt":"2024-03-26T18:55:13","guid":{"rendered":"https:\/\/radiorevelacionfm.cl\/?p=40703"},"modified":"2024-03-26T15:55:13","modified_gmt":"2024-03-26T18:55:13","slug":"core-busca-financiar-programa-de-caminos-intraprediales-por-mas-de-4-mil-millones-de-pesos","status":"publish","type":"post","link":"https:\/\/radiorevelacionfm.cl\/?p=40703","title":{"rendered":"CORE busca financiar programa de caminos intraprediales por m\u00e1s de 4 mil millones de pesos"},"content":{"rendered":"<div class=\"flex_column av_one_full  flex_column_div av-zero-column-padding first  avia-builder-el-0  el_before_av_one_full  avia-builder-el-first  \" style='border-radius:0px; '><div  class='avia-image-container  av-styling-    avia-builder-el-1  avia-builder-el-no-sibling  avia-align-center '  itemprop=\"image\" itemscope=\"itemscope\" itemtype=\"https:\/\/schema.org\/ImageObject\"  ><div class='avia-image-container-inner'><div class='avia-image-overlay-wrap'><img decoding=\"async\" class='wp-image-40704 avia-img-lazy-loading-not-40704 avia_image' src=\"https:\/\/radiorevelacionfm.cl\/wp-content\/uploads\/2024\/03\/foto-con-directora-1_optimized.jpg\" alt='' title='foto-con-directora-(1)_optimized' height=\"600\" width=\"1095\"  itemprop=\"thumbnailUrl\" srcset=\"https:\/\/radiorevelacionfm.cl\/wp-content\/uploads\/2024\/03\/foto-con-directora-1_optimized.jpg 1095w, https:\/\/radiorevelacionfm.cl\/wp-content\/uploads\/2024\/03\/foto-con-directora-1_optimized-300x164.jpg 300w, https:\/\/radiorevelacionfm.cl\/wp-content\/uploads\/2024\/03\/foto-con-directora-1_optimized-1030x564.jpg 1030w, https:\/\/radiorevelacionfm.cl\/wp-content\/uploads\/2024\/03\/foto-con-directora-1_optimized-768x421.jpg 768w, https:\/\/radiorevelacionfm.cl\/wp-content\/uploads\/2024\/03\/foto-con-directora-1_optimized-705x386.jpg 705w, https:\/\/radiorevelacionfm.cl\/wp-content\/uploads\/2024\/03\/foto-con-directora-1_optimized-450x247.jpg 450w, https:\/\/radiorevelacionfm.cl\/wp-content\/uploads\/2024\/03\/foto-con-directora-1_optimized-600x329.jpg 600w\" sizes=\"(max-width: 1095px) 100vw, 1095px\" \/><\/div><\/div><\/div><\/div><div class=\"flex_column av_one_full  flex_column_div av-zero-column-padding first  avia-builder-el-2  el_after_av_one_full  el_before_av_one_full  column-top-margin\" style='border-radius:0px; '><section class=\"av_textblock_section \"  itemscope=\"itemscope\" itemtype=\"https:\/\/schema.org\/BlogPosting\" itemprop=\"blogPost\" ><div class='avia_textblock  '   itemprop=\"text\" ><p style=\"text-align: center;\"><span style=\"font-size: 18pt;\"><strong>CORE busca financiar programa de caminos intraprediales por m\u00e1s de 4 mil millones de pesos <\/strong><\/span><\/p>\n<div id=\"gtx-trans\" style=\"position: absolute; left: -50px; top: 4.31534px;\">\n<div class=\"gtx-trans-icon\"><\/div>\n<\/div>\n<\/div><\/section><\/div><div class=\"flex_column av_one_full  flex_column_div av-zero-column-padding first  avia-builder-el-4  el_after_av_one_full  el_before_av_hr  column-top-margin\" style='border-radius:0px; '><section class=\"av_textblock_section \"  itemscope=\"itemscope\" itemtype=\"https:\/\/schema.org\/BlogPosting\" itemprop=\"blogPost\" ><div class='avia_textblock  '   itemprop=\"text\" ><p style=\"text-align: justify;\">Una importante reuni\u00f3n de trabajo realiz\u00f3 un grupo de Consejeros Regionales con la Directora de INDAP Yessica Lagos y su equipo de profesionales, para conocer el estado de avance en que se encuentra la formulaci\u00f3n del Programa de caminos intra prediales para la regi\u00f3n de Ays\u00e9n.<\/p>\n<p style=\"text-align: justify;\">A la reuni\u00f3n, que fue solicitada por el Presidente de la Comisi\u00f3n de Fomento Productivo Omar Mu\u00f1oz Sierra, adem\u00e1s asistieron los Consejeros Felipe Klein (Vicepresidente); los Consejeros Jorge Abello y V\u00edctor Escobar de la Provincia Capit\u00e1n Prat; y la Consejera Paulina Hern\u00e1ndez de la Provincia General Carrera.<\/p>\n<p style=\"text-align: justify;\">De la reuni\u00f3n se conoci\u00f3 que el programa presenta observaciones menores en el proceso de evaluaci\u00f3n y que prontamente podr\u00eda obtener su recomendaci\u00f3n t\u00e9cnica y econ\u00f3mica favorable para gestionar que la Gobernadora Regional lo priorice para financiamiento.<\/p>\n<p style=\"text-align: justify;\">Seg\u00fan explic\u00f3 el Consejero Omar Mu\u00f1oz, Presidente de Fomento Productivo, \u201cDesde el Consejo Regional, hace bastante tiempo que estamos solicitando agilizar este programa. Hemos escuchado a muchos campesinos que necesitan mejorar los accesos y los caminos intra prediales. Entendemos que la conectividad es vital para mejorar la capacidad productiva y la competitividad de cientos de peque\u00f1os productores. Este programa permite incorporar valles, monta\u00f1as o nuevas superficies prediales a la capacidad productiva rural. Por ello, lo hemos declarado de inter\u00e9s regional y estamos solicitando a la Gobernadora Regional que sea priorizado\u201d.<\/p>\n<p style=\"text-align: justify;\">Por su parte, el Consejero Felipe Klein, Vicepresidente de la Comisi\u00f3n de Fomento Productivo del CORE, manifest\u00f3 su confianza en que se traer\u00e1 al Consejo Regional para su aprobaci\u00f3n, pues tiene un respaldo transversal. Seg\u00fan explic\u00f3 se trata de \u201cun programa que es muy importante para nuestros campesinos, agricultores, ganaderos de la regi\u00f3n de Ays\u00e9n lo cual va a permitir que puedan desempe\u00f1ar mejor su trabajo em sus predios, sacando su le\u00f1a, haciendo turismo, pudiendo bajar sus animales, etc. As\u00ed es que, esperamos que este programa entre pronto al Consejo para su aprobaci\u00f3n y que pueda dar inicio este a\u00f1o 2024, un programa que es de m\u00e1s de 24 mil millones de pesos que viene a beneficiar a m\u00e1s de 170 usuarios en la regi\u00f3n de Ays\u00e9n\u201d.<\/p>\n<p style=\"text-align: justify;\">El programa ser\u00e1 nuevamente revisado en la comisi\u00f3n de fomento productivo del Consejo Regional, para hacer seguimiento a los avances que realice la Unidad T\u00e9cnica INDAP en el proceso de formulaci\u00f3n de la iniciativa.<\/p>\n<\/div><\/section><\/div><div  style='height:50px' class='hr hr-invisible   avia-builder-el-6  el_after_av_one_full  el_before_av_social_share '><span class='hr-inner ' ><span class='hr-inner-style'><\/span><\/span><\/div><\/p>\n<div  class='av-social-sharing-box  avia-builder-el-7  el_after_av_hr  el_before_av_hr  '><div class='av-share-box'><h5 class='av-share-link-description av-no-toc '>Compartir esta noticia<\/h5><ul class='av-share-box-list noLightbox'><li class='av-share-link av-social-link-facebook' ><a target=\"_blank\" aria-label=\"Compartir en Facebook\" href='https:\/\/www.facebook.com\/sharer.php?u=https:\/\/radiorevelacionfm.cl\/?p=40703&#038;t=CORE%20busca%20financiar%20programa%20de%20caminos%20intraprediales%20por%20m%C3%A1s%20de%204%20mil%20millones%20de%20pesos' aria-hidden='false' data-av_icon='\ue8f3' data-av_iconfont='entypo-fontello' title='' data-avia-related-tooltip='Compartir en Facebook' rel=\"noopener\"><span class='avia_hidden_link_text'>Compartir en Facebook<\/span><\/a><\/li><li class='av-share-link av-social-link-twitter' ><a target=\"_blank\" aria-label=\"Compartir en Twitter\" href='https:\/\/twitter.com\/share?text=CORE%20busca%20financiar%20programa%20de%20caminos%20intraprediales%20por%20m%C3%A1s%20de%204%20mil%20millones%20de%20pesos&#038;url=https:\/\/radiorevelacionfm.cl\/?p=40703' aria-hidden='false' data-av_icon='\ue8f1' data-av_iconfont='entypo-fontello' title='' data-avia-related-tooltip='Compartir en Twitter' rel=\"noopener\"><span class='avia_hidden_link_text'>Compartir en Twitter<\/span><\/a><\/li><li class='av-share-link av-social-link-whatsapp' ><a target=\"_blank\" aria-label=\"Compartir en Whatsapp\" href='https:\/\/api.whatsapp.com\/send?text=https:\/\/radiorevelacionfm.cl\/?p=40703' aria-hidden='false' data-av_icon='\uf232' data-av_iconfont='entypo-fontello' title='' data-avia-related-tooltip='Compartir en Whatsapp' rel=\"noopener\"><span class='avia_hidden_link_text'>Compartir en Whatsapp<\/span><\/a><\/li><li class='av-share-link av-social-link-linkedin' ><a target=\"_blank\" aria-label=\"Compartir en LinkedIn\" href='https:\/\/linkedin.com\/shareArticle?mini=true&#038;title=CORE%20busca%20financiar%20programa%20de%20caminos%20intraprediales%20por%20m%C3%A1s%20de%204%20mil%20millones%20de%20pesos&#038;url=https:\/\/radiorevelacionfm.cl\/?p=40703' aria-hidden='false' data-av_icon='\ue8fc' data-av_iconfont='entypo-fontello' title='' data-avia-related-tooltip='Compartir en LinkedIn' rel=\"noopener\"><span class='avia_hidden_link_text'>Compartir en LinkedIn<\/span><\/a><\/li><li class='av-share-link av-social-link-mail' ><a  aria-label=\"Compartir por correo\" href='mailto:?subject=CORE%20busca%20financiar%20programa%20de%20caminos%20intraprediales%20por%20m%C3%A1s%20de%204%20mil%20millones%20de%20pesos&#038;body=https:\/\/radiorevelacionfm.cl\/?p=40703' aria-hidden='false' data-av_icon='\ue805' data-av_iconfont='entypo-fontello' title='' data-avia-related-tooltip='Compartir por correo'><span class='avia_hidden_link_text'>Compartir por correo<\/span><\/a><\/li><\/ul><\/div><\/div>\n<div  style='height:50px' class='hr hr-invisible   avia-builder-el-8  el_after_av_social_share  el_before_av_comments_list '><span class='hr-inner ' ><span class='hr-inner-style'><\/span><\/span><\/div>\n<div  class='av-buildercomment  av-blog-meta-html-info-disabled av-blog-meta-tag-disabled  '><\/div>\n","protected":false},"excerpt":{"rendered":"","protected":false},"author":1,"featured_media":40704,"comment_status":"open","ping_status":"open","sticky":false,"template":"","format":"standard","meta":{"footnotes":""},"categories":[38],"tags":[],"class_list":["post-40703","post","type-post","status-publish","format-standard","has-post-thumbnail","hentry","category-regional"],"jetpack_featured_media_url":"https:\/\/radiorevelacionfm.cl\/wp-content\/uploads\/2024\/03\/foto-con-directora-1_optimized.jpg","_links":{"self":[{"href":"https:\/\/radiorevelacionfm.cl\/index.php?rest_route=\/wp\/v2\/posts\/40703","targetHints":{"allow":["GET"]}}],"collection":[{"href":"https:\/\/radiorevelacionfm.cl\/index.php?rest_route=\/wp\/v2\/posts"}],"about":[{"href":"https:\/\/radiorevelacionfm.cl\/index.php?rest_route=\/wp\/v2\/types\/post"}],"author":[{"embeddable":true,"href":"https:\/\/radiorevelacionfm.cl\/index.php?rest_route=\/wp\/v2\/users\/1"}],"replies":[{"embeddable":true,"href":"https:\/\/radiorevelacionfm.cl\/index.php?rest_route=%2Fwp%2Fv2%2Fcomments&post=40703"}],"version-history":[{"count":1,"href":"https:\/\/radiorevelacionfm.cl\/index.php?rest_route=\/wp\/v2\/posts\/40703\/revisions"}],"predecessor-version":[{"id":40705,"href":"https:\/\/radiorevelacionfm.cl\/index.php?rest_route=\/wp\/v2\/posts\/40703\/revisions\/40705"}],"wp:featuredmedia":[{"embeddable":true,"href":"https:\/\/radiorevelacionfm.cl\/index.php?rest_route=\/wp\/v2\/media\/40704"}],"wp:attachment":[{"href":"https:\/\/radiorevelacionfm.cl\/index.php?rest_route=%2Fwp%2Fv2%2Fmedia&parent=40703"}],"wp:term":[{"taxonomy":"category","embeddable":true,"href":"https:\/\/radiorevelacionfm.cl\/index.php?rest_route=%2Fwp%2Fv2%2Fcategories&post=40703"},{"taxonomy":"post_tag","embeddable":true,"href":"https:\/\/radiorevelacionfm.cl\/index.php?rest_route=%2Fwp%2Fv2%2Ftags&post=40703"}],"curies":[{"name":"wp","href":"https:\/\/api.w.org\/{rel}","templated":true}]}}