{"id":40694,"date":"2024-03-26T10:21:05","date_gmt":"2024-03-26T13:21:05","guid":{"rendered":"https:\/\/radiorevelacionfm.cl\/?p=40694"},"modified":"2024-03-26T10:21:05","modified_gmt":"2024-03-26T13:21:05","slug":"servicios-publicos-desarrollaron-trabajo-preventivo-e-informativo-en-feria-victor-domingo-silva","status":"publish","type":"post","link":"https:\/\/radiorevelacionfm.cl\/?p=40694","title":{"rendered":"Servicios p\u00fablicos desarrollaron trabajo preventivo e informativo en feria V\u00edctor Domingo Silva"},"content":{"rendered":"<div class=\"flex_column av_one_full  flex_column_div av-zero-column-padding first  avia-builder-el-0  el_before_av_one_full  avia-builder-el-first  \" style='border-radius:0px; '><div  class='avia-image-container  av-styling-    avia-builder-el-1  avia-builder-el-no-sibling  avia-align-center '  itemprop=\"image\" itemscope=\"itemscope\" itemtype=\"https:\/\/schema.org\/ImageObject\"  ><div class='avia-image-container-inner'><div class='avia-image-overlay-wrap'><img decoding=\"async\" class='wp-image-40695 avia-img-lazy-loading-not-40695 avia_image' src=\"https:\/\/radiorevelacionfm.cl\/wp-content\/uploads\/2024\/03\/feria2-3-1_optimized-1.jpg\" alt='' title='feria2-(3)-(1)_optimized (1)' height=\"600\" width=\"800\"  itemprop=\"thumbnailUrl\" srcset=\"https:\/\/radiorevelacionfm.cl\/wp-content\/uploads\/2024\/03\/feria2-3-1_optimized-1.jpg 800w, https:\/\/radiorevelacionfm.cl\/wp-content\/uploads\/2024\/03\/feria2-3-1_optimized-1-300x225.jpg 300w, https:\/\/radiorevelacionfm.cl\/wp-content\/uploads\/2024\/03\/feria2-3-1_optimized-1-768x576.jpg 768w, https:\/\/radiorevelacionfm.cl\/wp-content\/uploads\/2024\/03\/feria2-3-1_optimized-1-705x529.jpg 705w, https:\/\/radiorevelacionfm.cl\/wp-content\/uploads\/2024\/03\/feria2-3-1_optimized-1-450x338.jpg 450w, https:\/\/radiorevelacionfm.cl\/wp-content\/uploads\/2024\/03\/feria2-3-1_optimized-1-600x450.jpg 600w\" sizes=\"(max-width: 800px) 100vw, 800px\" \/><\/div><\/div><\/div><\/div><div class=\"flex_column av_one_full  flex_column_div av-zero-column-padding first  avia-builder-el-2  el_after_av_one_full  el_before_av_one_full  column-top-margin\" style='border-radius:0px; '><section class=\"av_textblock_section \"  itemscope=\"itemscope\" itemtype=\"https:\/\/schema.org\/BlogPosting\" itemprop=\"blogPost\" ><div class='avia_textblock  '   itemprop=\"text\" ><p style=\"text-align: center;\"><strong><span style=\"font-size: 18pt;\">Servicios p\u00fablicos desarrollaron trabajo preventivo e informativo en feria V\u00edctor Domingo Silva<\/span>\u00a0 <\/strong><\/p>\n<div id=\"gtx-trans\" style=\"position: absolute; left: -50px; top: 4.31534px;\">\n<div class=\"gtx-trans-icon\"><\/div>\n<\/div>\n<\/div><\/section><\/div><div class=\"flex_column av_one_full  flex_column_div av-zero-column-padding first  avia-builder-el-4  el_after_av_one_full  el_before_av_hr  column-top-margin\" style='border-radius:0px; '><section class=\"av_textblock_section \"  itemscope=\"itemscope\" itemtype=\"https:\/\/schema.org\/BlogPosting\" itemprop=\"blogPost\" ><div class='avia_textblock  '   itemprop=\"text\" ><p style=\"text-align: justify;\"><em>La Coordinaci\u00f3n Regional de la Subsecretar\u00eda de Prevenci\u00f3n del Delito lider\u00f3 las acciones que se enfocaron en informar a los feriantes sobre n\u00fameros de denuncia, comercio ilegal, formalizaci\u00f3n de los puestos y otros.\u00a0<\/em><\/p>\n<p style=\"text-align: justify;\">En respuesta al requerimiento de dar mayor presencia policial e institucional realizado a la Coordinaci\u00f3n Regional de la Subsecretar\u00eda de Prevenci\u00f3n del Delito y a la Municipalidad de Coyhaique, por parte de las y los feriantes formales de la feria libre \u201cV\u00edctor Domingo Silva\u201d de la comuna de Coyhaique, el pasado fin de semana se desarroll\u00f3 un importante trabajo preventivo e informativo, poniendo \u00e9nfasis en la utilizaci\u00f3n del fono Denuncia Seguro *4242.<\/p>\n<p style=\"text-align: justify;\">La Coordinadora Regional de Seguridad P\u00fablica, Camila Covarrubias, se\u00f1al\u00f3 que \u201chacemos un llamado a la poblaci\u00f3n a preferir los productos que est\u00e1n autorizados para ser comercializados en esta feria, evitando as\u00ed el consumo de productos que puedan da\u00f1ar la salud, u otros que tengan un origen il\u00edcito. Hicimos el llamado tambi\u00e9n a usar el *4242, que permite hacer denuncias 100% an\u00f3nimas\u201d.<\/p>\n<p style=\"text-align: justify;\">Integraron este trabajo operativo funcionarios de la Delegaci\u00f3n Presidencial Regional de Ays\u00e9n, Carabineros de Chile, Servicio de Impuestos Internos, Seremi de Salud, Municipalidad de Coyhaique, Subsecretar\u00eda de Prevenci\u00f3n del Delito y C\u00e1mara de Comercio de Coyhaique, quienes recorrieron las calles y pasajes que dan forma a la feria, entregando material preventivo e informando a consumidores y locatarios sobre diversas tem\u00e1ticas de inter\u00e9s.<\/p>\n<p style=\"text-align: justify;\">\u201cNosotros como c\u00e1mara estamos a favor de las iniciativas que permitan a la gente tener un ingreso econ\u00f3mico, pero siempre desde la formalidad, para que sea lo m\u00e1s ordenado posible. Asimismo, nos gusta ver a las autoridades en instancias como esta, en terreno, y nosotros felices de sumarnos\u201d, indic\u00f3 el Presidente de la C\u00e1mara de Comercio de Coyhaique, Rodrigo Canales.<\/p>\n<p style=\"text-align: justify;\">Finalmente, Mois\u00e9s Peralta, T\u00e9cnico Fiscalizador del SII, destac\u00f3 que \u201cnos retiramos de la feria bastante contentos, la feria se encuentra bastante m\u00e1s ordenada, la mayor\u00eda de los locatarios tienen sus respectivas autorizaciones para la venta de distintos productos. Y desde luego, quienes no tienen sus permisos, les hicimos el llamado a formalizarse\u201d.<\/p>\n<\/div><\/section><\/div><div  style='height:50px' class='hr hr-invisible   avia-builder-el-6  el_after_av_one_full  el_before_av_social_share '><span class='hr-inner ' ><span class='hr-inner-style'><\/span><\/span><\/div><\/p>\n<div  class='av-social-sharing-box  avia-builder-el-7  el_after_av_hr  el_before_av_hr  '><div class='av-share-box'><h5 class='av-share-link-description av-no-toc '>Compartir esta noticia<\/h5><ul class='av-share-box-list noLightbox'><li class='av-share-link av-social-link-facebook' ><a target=\"_blank\" aria-label=\"Compartir en Facebook\" href='https:\/\/www.facebook.com\/sharer.php?u=https:\/\/radiorevelacionfm.cl\/?p=40694&#038;t=Servicios%20p%C3%BAblicos%20desarrollaron%20trabajo%20preventivo%20e%20informativo%20en%20feria%20V%C3%ADctor%20Domingo%20Silva' aria-hidden='false' data-av_icon='\ue8f3' data-av_iconfont='entypo-fontello' title='' data-avia-related-tooltip='Compartir en Facebook' rel=\"noopener\"><span class='avia_hidden_link_text'>Compartir en Facebook<\/span><\/a><\/li><li class='av-share-link av-social-link-twitter' ><a target=\"_blank\" aria-label=\"Compartir en Twitter\" href='https:\/\/twitter.com\/share?text=Servicios%20p%C3%BAblicos%20desarrollaron%20trabajo%20preventivo%20e%20informativo%20en%20feria%20V%C3%ADctor%20Domingo%20Silva&#038;url=https:\/\/radiorevelacionfm.cl\/?p=40694' aria-hidden='false' data-av_icon='\ue8f1' data-av_iconfont='entypo-fontello' title='' data-avia-related-tooltip='Compartir en Twitter' rel=\"noopener\"><span class='avia_hidden_link_text'>Compartir en Twitter<\/span><\/a><\/li><li class='av-share-link av-social-link-whatsapp' ><a target=\"_blank\" aria-label=\"Compartir en Whatsapp\" href='https:\/\/api.whatsapp.com\/send?text=https:\/\/radiorevelacionfm.cl\/?p=40694' aria-hidden='false' data-av_icon='\uf232' data-av_iconfont='entypo-fontello' title='' data-avia-related-tooltip='Compartir en Whatsapp' rel=\"noopener\"><span class='avia_hidden_link_text'>Compartir en Whatsapp<\/span><\/a><\/li><li class='av-share-link av-social-link-linkedin' ><a target=\"_blank\" aria-label=\"Compartir en LinkedIn\" href='https:\/\/linkedin.com\/shareArticle?mini=true&#038;title=Servicios%20p%C3%BAblicos%20desarrollaron%20trabajo%20preventivo%20e%20informativo%20en%20feria%20V%C3%ADctor%20Domingo%20Silva&#038;url=https:\/\/radiorevelacionfm.cl\/?p=40694' aria-hidden='false' data-av_icon='\ue8fc' data-av_iconfont='entypo-fontello' title='' data-avia-related-tooltip='Compartir en LinkedIn' rel=\"noopener\"><span class='avia_hidden_link_text'>Compartir en LinkedIn<\/span><\/a><\/li><li class='av-share-link av-social-link-mail' ><a  aria-label=\"Compartir por correo\" href='mailto:?subject=Servicios%20p%C3%BAblicos%20desarrollaron%20trabajo%20preventivo%20e%20informativo%20en%20feria%20V%C3%ADctor%20Domingo%20Silva&#038;body=https:\/\/radiorevelacionfm.cl\/?p=40694' aria-hidden='false' data-av_icon='\ue805' data-av_iconfont='entypo-fontello' title='' data-avia-related-tooltip='Compartir por correo'><span class='avia_hidden_link_text'>Compartir por correo<\/span><\/a><\/li><\/ul><\/div><\/div>\n<div  style='height:50px' class='hr hr-invisible   avia-builder-el-8  el_after_av_social_share  el_before_av_comments_list '><span class='hr-inner ' ><span class='hr-inner-style'><\/span><\/span><\/div>\n<div  class='av-buildercomment  av-blog-meta-html-info-disabled av-blog-meta-tag-disabled  '><\/div>\n","protected":false},"excerpt":{"rendered":"","protected":false},"author":1,"featured_media":40695,"comment_status":"open","ping_status":"open","sticky":false,"template":"","format":"standard","meta":{"footnotes":""},"categories":[38],"tags":[],"class_list":["post-40694","post","type-post","status-publish","format-standard","has-post-thumbnail","hentry","category-regional"],"jetpack_featured_media_url":"https:\/\/radiorevelacionfm.cl\/wp-content\/uploads\/2024\/03\/feria2-3-1_optimized-1.jpg","_links":{"self":[{"href":"https:\/\/radiorevelacionfm.cl\/index.php?rest_route=\/wp\/v2\/posts\/40694","targetHints":{"allow":["GET"]}}],"collection":[{"href":"https:\/\/radiorevelacionfm.cl\/index.php?rest_route=\/wp\/v2\/posts"}],"about":[{"href":"https:\/\/radiorevelacionfm.cl\/index.php?rest_route=\/wp\/v2\/types\/post"}],"author":[{"embeddable":true,"href":"https:\/\/radiorevelacionfm.cl\/index.php?rest_route=\/wp\/v2\/users\/1"}],"replies":[{"embeddable":true,"href":"https:\/\/radiorevelacionfm.cl\/index.php?rest_route=%2Fwp%2Fv2%2Fcomments&post=40694"}],"version-history":[{"count":1,"href":"https:\/\/radiorevelacionfm.cl\/index.php?rest_route=\/wp\/v2\/posts\/40694\/revisions"}],"predecessor-version":[{"id":40696,"href":"https:\/\/radiorevelacionfm.cl\/index.php?rest_route=\/wp\/v2\/posts\/40694\/revisions\/40696"}],"wp:featuredmedia":[{"embeddable":true,"href":"https:\/\/radiorevelacionfm.cl\/index.php?rest_route=\/wp\/v2\/media\/40695"}],"wp:attachment":[{"href":"https:\/\/radiorevelacionfm.cl\/index.php?rest_route=%2Fwp%2Fv2%2Fmedia&parent=40694"}],"wp:term":[{"taxonomy":"category","embeddable":true,"href":"https:\/\/radiorevelacionfm.cl\/index.php?rest_route=%2Fwp%2Fv2%2Fcategories&post=40694"},{"taxonomy":"post_tag","embeddable":true,"href":"https:\/\/radiorevelacionfm.cl\/index.php?rest_route=%2Fwp%2Fv2%2Ftags&post=40694"}],"curies":[{"name":"wp","href":"https:\/\/api.w.org\/{rel}","templated":true}]}}