{"id":40688,"date":"2024-03-25T20:17:06","date_gmt":"2024-03-25T23:17:06","guid":{"rendered":"https:\/\/radiorevelacionfm.cl\/?p=40688"},"modified":"2024-03-25T20:17:06","modified_gmt":"2024-03-25T23:17:06","slug":"tras-hechos-violentos-registrados-en-torneo-de-coyhaique-solicitan-apoyo-a-carabineros-para-la-realizacion-de-actividades-deportivas","status":"publish","type":"post","link":"https:\/\/radiorevelacionfm.cl\/?p=40688","title":{"rendered":"Tras hechos violentos registrados en torneo de Coyhaique: Solicitan apoyo a Carabineros para la realizaci\u00f3n de actividades deportivas"},"content":{"rendered":"<div class=\"flex_column av_one_full  flex_column_div av-zero-column-padding first  avia-builder-el-0  el_before_av_one_full  avia-builder-el-first  \" style='border-radius:0px; '><div  class='avia-image-container  av-styling-    avia-builder-el-1  avia-builder-el-no-sibling  avia-align-center '  itemprop=\"image\" itemscope=\"itemscope\" itemtype=\"https:\/\/schema.org\/ImageObject\"  ><div class='avia-image-container-inner'><div class='avia-image-overlay-wrap'><img decoding=\"async\" class='wp-image-40689 avia-img-lazy-loading-not-40689 avia_image' src=\"https:\/\/radiorevelacionfm.cl\/wp-content\/uploads\/2024\/03\/foto-reu-anfa-1_optimized.jpeg\" alt='' title='foto-reu-anfa-(1)_optimized' height=\"600\" width=\"897\"  itemprop=\"thumbnailUrl\" srcset=\"https:\/\/radiorevelacionfm.cl\/wp-content\/uploads\/2024\/03\/foto-reu-anfa-1_optimized.jpeg 897w, https:\/\/radiorevelacionfm.cl\/wp-content\/uploads\/2024\/03\/foto-reu-anfa-1_optimized-300x201.jpeg 300w, https:\/\/radiorevelacionfm.cl\/wp-content\/uploads\/2024\/03\/foto-reu-anfa-1_optimized-768x514.jpeg 768w, https:\/\/radiorevelacionfm.cl\/wp-content\/uploads\/2024\/03\/foto-reu-anfa-1_optimized-705x472.jpeg 705w, https:\/\/radiorevelacionfm.cl\/wp-content\/uploads\/2024\/03\/foto-reu-anfa-1_optimized-450x301.jpeg 450w, https:\/\/radiorevelacionfm.cl\/wp-content\/uploads\/2024\/03\/foto-reu-anfa-1_optimized-600x401.jpeg 600w\" sizes=\"(max-width: 897px) 100vw, 897px\" \/><\/div><\/div><\/div><\/div><div class=\"flex_column av_one_full  flex_column_div av-zero-column-padding first  avia-builder-el-2  el_after_av_one_full  el_before_av_one_full  column-top-margin\" style='border-radius:0px; '><section class=\"av_textblock_section \"  itemscope=\"itemscope\" itemtype=\"https:\/\/schema.org\/BlogPosting\" itemprop=\"blogPost\" ><div class='avia_textblock  '   itemprop=\"text\" ><p style=\"text-align: center;\"><strong><span style=\"font-size: 18pt;\">Tras hechos violentos registrados en torneo de Coyhaique: Solicitan apoyo a Carabineros para la realizaci\u00f3n de actividades deportivas<\/span><\/strong><\/p>\n<div id=\"gtx-trans\" style=\"position: absolute; left: -50px; top: 4.31534px;\">\n<div class=\"gtx-trans-icon\"><\/div>\n<\/div>\n<\/div><\/section><\/div><div class=\"flex_column av_one_full  flex_column_div av-zero-column-padding first  avia-builder-el-4  el_after_av_one_full  el_before_av_hr  column-top-margin\" style='border-radius:0px; '><section class=\"av_textblock_section \"  itemscope=\"itemscope\" itemtype=\"https:\/\/schema.org\/BlogPosting\" itemprop=\"blogPost\" ><div class='avia_textblock  '   itemprop=\"text\" ><p style=\"font-weight: 400; text-align: justify;\"><em>En una reuni\u00f3n con el General Santos, donde participaron dirigentes de ANFA, el diputado Calisto, el alcalde Gatica y el Core Felipe Klein, le solicitaron apoyo para prevenir la violencia.<\/em><\/p>\n<p style=\"font-weight: 400; text-align: justify;\">Ante los hechos violentos que se vivieron hace poco m\u00e1s de una semana en un torneo infantil en el estadio municipal de Coyhaique, dirigentes de ANFA, el diputado Miguel \u00c1ngel Calisto, el Consejero Felipe Klein y el alcalde Carlos Gatica se reunieron con el General de Carabineros de Ays\u00e9n Patricio Santos Poblete, instancia donde le solicitaron el apoyo de la instituci\u00f3n para la realizaci\u00f3n de los eventos deportivos.<\/p>\n<p style=\"font-weight: 400; text-align: justify;\">El diputado Miguel \u00c1ngel Calisto indic\u00f3 que \u201csolicitamos el apoyo de carabineros. Para nosotros es lamentable que ni\u00f1os de 13 o 14 a\u00f1os, est\u00e9n portando cuchillos o tengan armas de fuego, como fue en la balacera en calle Prat. Es una situaci\u00f3n descontrolada donde vemos la falta de la familia en la formaci\u00f3n de los ni\u00f1os\u201d.<\/p>\n<p style=\"font-weight: 400; text-align: justify;\">\u201cLe hemos pedido al General de Carabineros para el control en los ingresos del estadio. Se nos ha informado que hay un alto consumo de drogas y alcohol. No hay seguridad para ir a ver en estas condiciones actividades deportivas. Es importante que se refuerce con drones, con la presencia de perros que detectan drogas, adem\u00e1s del control de carabineros\u201d, indic\u00f3.<\/p>\n<p style=\"font-weight: 400; text-align: justify;\">Calisto se\u00f1al\u00f3 que \u201cpero esto no basta, se requiere el compromiso de los padres para la educaci\u00f3n y control de sus hijos, como as\u00ed tambi\u00e9n de distintas instituciones del estado, como Senda, para terminar con estos excesos que est\u00e1n da\u00f1ando al deporte regional\u201d.<\/p>\n<p style=\"font-weight: 400; text-align: justify;\">Por su parte, el consejero Felipe Klein indic\u00f3 que \u201cfue una reuni\u00f3n muy provechosa. Lo importante es poder enfrentar esta violencia con medidas efectivas, ya que prontamente se va a empezar a trabajar con Carabineros, con el apoyo municipal y ciertamente, con el apoyo del Gobierno Regional\u201d.<\/p>\n<p style=\"font-weight: 400; text-align: justify;\">Seg\u00fan Abraham Figueroa, miembro de la mesa directiva de ANFA, \u201choy en esta reuni\u00f3n con el General de Carabineros y su equipo t\u00e9cnico, comprometieron el apoyo para el desarrollo de nuestra actividad durante este periodo que viene con controles preventivos, controles de identidad. Estamos a la expectativa de como pueda resultar esto y recuperar nuestros espacios, que son para hacer deporte, no para drogarse o tomar\u201d.<\/p>\n<p style=\"font-weight: 400; text-align: justify;\">Finalmente, el dirigente se\u00f1al\u00f3 que \u201cvimos mucha violencia desatada con j\u00f3venes, menores de edad de 13 o 14 a\u00f1os. Es muy importante que haya participado el diputado Calisto, el alcalde y el Consejero Klein. Estamos muy agradecidos por su gesti\u00f3n y su apoyo. Es importante que podamos sacar adelante el f\u00fatbol, que es lo que nos importa, y erradicar estas malas conductas del estadio\u201d.<\/p>\n<\/div><\/section><\/div><div  style='height:50px' class='hr hr-invisible   avia-builder-el-6  el_after_av_one_full  el_before_av_social_share '><span class='hr-inner ' ><span class='hr-inner-style'><\/span><\/span><\/div><\/p>\n<div  class='av-social-sharing-box  avia-builder-el-7  el_after_av_hr  el_before_av_hr  '><div class='av-share-box'><h5 class='av-share-link-description av-no-toc '>Compartir esta noticia<\/h5><ul class='av-share-box-list noLightbox'><li class='av-share-link av-social-link-facebook' ><a target=\"_blank\" aria-label=\"Compartir en Facebook\" href='https:\/\/www.facebook.com\/sharer.php?u=https:\/\/radiorevelacionfm.cl\/?p=40688&#038;t=Tras%20hechos%20violentos%20registrados%20en%20torneo%20de%20Coyhaique%3A%20Solicitan%20apoyo%20a%20Carabineros%20para%20la%20realizaci%C3%B3n%20de%20actividades%20deportivas' aria-hidden='false' data-av_icon='\ue8f3' data-av_iconfont='entypo-fontello' title='' data-avia-related-tooltip='Compartir en Facebook' rel=\"noopener\"><span class='avia_hidden_link_text'>Compartir en Facebook<\/span><\/a><\/li><li class='av-share-link av-social-link-twitter' ><a target=\"_blank\" aria-label=\"Compartir en Twitter\" href='https:\/\/twitter.com\/share?text=Tras%20hechos%20violentos%20registrados%20en%20torneo%20de%20Coyhaique%3A%20Solicitan%20apoyo%20a%20Carabineros%20para%20la%20realizaci%C3%B3n%20de%20actividades%20deportivas&#038;url=https:\/\/radiorevelacionfm.cl\/?p=40688' aria-hidden='false' data-av_icon='\ue8f1' data-av_iconfont='entypo-fontello' title='' data-avia-related-tooltip='Compartir en Twitter' rel=\"noopener\"><span class='avia_hidden_link_text'>Compartir en Twitter<\/span><\/a><\/li><li class='av-share-link av-social-link-whatsapp' ><a target=\"_blank\" aria-label=\"Compartir en Whatsapp\" href='https:\/\/api.whatsapp.com\/send?text=https:\/\/radiorevelacionfm.cl\/?p=40688' aria-hidden='false' data-av_icon='\uf232' data-av_iconfont='entypo-fontello' title='' data-avia-related-tooltip='Compartir en Whatsapp' rel=\"noopener\"><span class='avia_hidden_link_text'>Compartir en Whatsapp<\/span><\/a><\/li><li class='av-share-link av-social-link-linkedin' ><a target=\"_blank\" aria-label=\"Compartir en LinkedIn\" href='https:\/\/linkedin.com\/shareArticle?mini=true&#038;title=Tras%20hechos%20violentos%20registrados%20en%20torneo%20de%20Coyhaique%3A%20Solicitan%20apoyo%20a%20Carabineros%20para%20la%20realizaci%C3%B3n%20de%20actividades%20deportivas&#038;url=https:\/\/radiorevelacionfm.cl\/?p=40688' aria-hidden='false' data-av_icon='\ue8fc' data-av_iconfont='entypo-fontello' title='' data-avia-related-tooltip='Compartir en LinkedIn' rel=\"noopener\"><span class='avia_hidden_link_text'>Compartir en LinkedIn<\/span><\/a><\/li><li class='av-share-link av-social-link-mail' ><a  aria-label=\"Compartir por correo\" href='mailto:?subject=Tras%20hechos%20violentos%20registrados%20en%20torneo%20de%20Coyhaique%3A%20Solicitan%20apoyo%20a%20Carabineros%20para%20la%20realizaci%C3%B3n%20de%20actividades%20deportivas&#038;body=https:\/\/radiorevelacionfm.cl\/?p=40688' aria-hidden='false' data-av_icon='\ue805' data-av_iconfont='entypo-fontello' title='' data-avia-related-tooltip='Compartir por correo'><span class='avia_hidden_link_text'>Compartir por correo<\/span><\/a><\/li><\/ul><\/div><\/div>\n<div  style='height:50px' class='hr hr-invisible   avia-builder-el-8  el_after_av_social_share  el_before_av_comments_list '><span class='hr-inner ' ><span class='hr-inner-style'><\/span><\/span><\/div>\n<div  class='av-buildercomment  av-blog-meta-html-info-disabled av-blog-meta-tag-disabled  '><\/div>\n","protected":false},"excerpt":{"rendered":"","protected":false},"author":1,"featured_media":40689,"comment_status":"open","ping_status":"open","sticky":false,"template":"","format":"standard","meta":{"footnotes":""},"categories":[38],"tags":[],"class_list":["post-40688","post","type-post","status-publish","format-standard","has-post-thumbnail","hentry","category-regional"],"jetpack_featured_media_url":"https:\/\/radiorevelacionfm.cl\/wp-content\/uploads\/2024\/03\/foto-reu-anfa-1_optimized.jpeg","_links":{"self":[{"href":"https:\/\/radiorevelacionfm.cl\/index.php?rest_route=\/wp\/v2\/posts\/40688","targetHints":{"allow":["GET"]}}],"collection":[{"href":"https:\/\/radiorevelacionfm.cl\/index.php?rest_route=\/wp\/v2\/posts"}],"about":[{"href":"https:\/\/radiorevelacionfm.cl\/index.php?rest_route=\/wp\/v2\/types\/post"}],"author":[{"embeddable":true,"href":"https:\/\/radiorevelacionfm.cl\/index.php?rest_route=\/wp\/v2\/users\/1"}],"replies":[{"embeddable":true,"href":"https:\/\/radiorevelacionfm.cl\/index.php?rest_route=%2Fwp%2Fv2%2Fcomments&post=40688"}],"version-history":[{"count":1,"href":"https:\/\/radiorevelacionfm.cl\/index.php?rest_route=\/wp\/v2\/posts\/40688\/revisions"}],"predecessor-version":[{"id":40690,"href":"https:\/\/radiorevelacionfm.cl\/index.php?rest_route=\/wp\/v2\/posts\/40688\/revisions\/40690"}],"wp:featuredmedia":[{"embeddable":true,"href":"https:\/\/radiorevelacionfm.cl\/index.php?rest_route=\/wp\/v2\/media\/40689"}],"wp:attachment":[{"href":"https:\/\/radiorevelacionfm.cl\/index.php?rest_route=%2Fwp%2Fv2%2Fmedia&parent=40688"}],"wp:term":[{"taxonomy":"category","embeddable":true,"href":"https:\/\/radiorevelacionfm.cl\/index.php?rest_route=%2Fwp%2Fv2%2Fcategories&post=40688"},{"taxonomy":"post_tag","embeddable":true,"href":"https:\/\/radiorevelacionfm.cl\/index.php?rest_route=%2Fwp%2Fv2%2Ftags&post=40688"}],"curies":[{"name":"wp","href":"https:\/\/api.w.org\/{rel}","templated":true}]}}