{"id":40685,"date":"2024-03-25T19:08:33","date_gmt":"2024-03-25T22:08:33","guid":{"rendered":"https:\/\/radiorevelacionfm.cl\/?p=40685"},"modified":"2024-03-25T19:08:33","modified_gmt":"2024-03-25T22:08:33","slug":"con-juramento-a-nuevos-voluntarios-as-y-reconocimiento-por-anos-de-servicio-la-3ra-compania-de-bomberos-aysen-celebro-aniversario-n74","status":"publish","type":"post","link":"https:\/\/radiorevelacionfm.cl\/?p=40685","title":{"rendered":"Con juramento a nuevos voluntarios\/as y reconocimiento por a\u00f1os de servicio la 3ra. Compa\u00f1\u00eda de Bomberos Ays\u00e9n celebr\u00f3 aniversario N\u00b074"},"content":{"rendered":"<div class=\"flex_column av_one_full  flex_column_div av-zero-column-padding first  avia-builder-el-0  el_before_av_one_full  avia-builder-el-first  \" style='border-radius:0px; '><div  class='avia-image-container  av-styling-    avia-builder-el-1  avia-builder-el-no-sibling  avia-align-center '  itemprop=\"image\" itemscope=\"itemscope\" itemtype=\"https:\/\/schema.org\/ImageObject\"  ><div class='avia-image-container-inner'><div class='avia-image-overlay-wrap'><img decoding=\"async\" class='wp-image-40686 avia-img-lazy-loading-not-40686 avia_image' src=\"https:\/\/radiorevelacionfm.cl\/wp-content\/uploads\/2024\/03\/ceremonia-tercera-10-1_optimized.jpg\" alt='' title='ceremonia-tercera-10-(1)_optimized' height=\"600\" width=\"1066\"  itemprop=\"thumbnailUrl\" srcset=\"https:\/\/radiorevelacionfm.cl\/wp-content\/uploads\/2024\/03\/ceremonia-tercera-10-1_optimized.jpg 1066w, https:\/\/radiorevelacionfm.cl\/wp-content\/uploads\/2024\/03\/ceremonia-tercera-10-1_optimized-300x169.jpg 300w, https:\/\/radiorevelacionfm.cl\/wp-content\/uploads\/2024\/03\/ceremonia-tercera-10-1_optimized-1030x580.jpg 1030w, https:\/\/radiorevelacionfm.cl\/wp-content\/uploads\/2024\/03\/ceremonia-tercera-10-1_optimized-768x432.jpg 768w, https:\/\/radiorevelacionfm.cl\/wp-content\/uploads\/2024\/03\/ceremonia-tercera-10-1_optimized-705x397.jpg 705w, https:\/\/radiorevelacionfm.cl\/wp-content\/uploads\/2024\/03\/ceremonia-tercera-10-1_optimized-450x253.jpg 450w, https:\/\/radiorevelacionfm.cl\/wp-content\/uploads\/2024\/03\/ceremonia-tercera-10-1_optimized-600x338.jpg 600w\" sizes=\"(max-width: 1066px) 100vw, 1066px\" \/><\/div><\/div><\/div><\/div><div class=\"flex_column av_one_full  flex_column_div av-zero-column-padding first  avia-builder-el-2  el_after_av_one_full  el_before_av_one_full  column-top-margin\" style='border-radius:0px; '><section class=\"av_textblock_section \"  itemscope=\"itemscope\" itemtype=\"https:\/\/schema.org\/BlogPosting\" itemprop=\"blogPost\" ><div class='avia_textblock  '   itemprop=\"text\" ><p style=\"text-align: center;\"><strong><span style=\"font-size: 18pt;\">Con juramento a nuevos voluntarios\/as y reconocimiento por a\u00f1os de servicio la 3ra. Compa\u00f1\u00eda de Bomberos Ays\u00e9n celebr\u00f3 aniversario N\u00b074<\/span><\/strong><\/p>\n<div id=\"gtx-trans\" style=\"position: absolute; left: -50px; top: 4.31534px;\">\n<div class=\"gtx-trans-icon\"><\/div>\n<\/div>\n<\/div><\/section><\/div><div class=\"flex_column av_one_full  flex_column_div av-zero-column-padding first  avia-builder-el-4  el_after_av_one_full  el_before_av_hr  column-top-margin\" style='border-radius:0px; '><section class=\"av_textblock_section \"  itemscope=\"itemscope\" itemtype=\"https:\/\/schema.org\/BlogPosting\" itemprop=\"blogPost\" ><div class='avia_textblock  '   itemprop=\"text\" ><p style=\"text-align: justify;\">En su cuartel ubicado en pleno centro de la ciudad, la Tercera Compa\u00f1\u00eda del Cuerpo de Bomberos de Ays\u00e9n, realiz\u00f3 la ceremonia por su aniversario n\u00famero 74 al servicio de la comunidad. Hoy en d\u00eda con sus voluntarios, voluntarias, cadetes, honorarios y \u00e1rea especializada GRIMP, son una de las compa\u00f1\u00edas m\u00e1s antiguas de la regi\u00f3n.<\/p>\n<p style=\"text-align: justify;\">En la actividad, reconocieron los a\u00f1os de servicio, hubo juramento de nuevos bomberos y bomberas, ante la presencia de las autoridades bomberiles, familiares y el alcalde de la comuna, Julio Uribe, quien relev\u00f3 la importancia que tienen los voluntarios y voluntarias en cada localidad donde est\u00e1n presentes.<\/p>\n<p style=\"text-align: justify;\">\u201cCreo que una de las instituciones m\u00e1s valoradas en el pa\u00eds y en nuestra comunidad son los bomberos y hoy en los 74 a\u00f1os de la Tercera Compa\u00f1\u00eda, no pod\u00edamos estar ausentes. Felicitarlos por el gran trabajo que realizan, esa disciplina que siempre ha caracterizado al bombero aysenino, en especial a la Tercera Compa\u00f1\u00eda. Creo que, hoy est\u00e1n en muy buen pie, se nota eso, en sus presentaciones, en los rescates, en las diferentes actuaciones que ellos tienen, siempre en apoyo de la comunidad. Yo creo que los bomberos hoy est\u00e1n en un muy buen pie, tienen equipamiento de primera l\u00ednea, por lo tanto, ten\u00edamos que venir a felicitarlos\u201d, manifest\u00f3 el alcalde, Julio Uribe.<\/p>\n<p style=\"text-align: justify;\">A la ceremonia aniversario de la Tercera Compa\u00f1\u00eda, asisti\u00f3 el presidente regional de Bomberos, Miguel Jara, quien dej\u00f3 un mensaje para todos y todas quienes integran este voluntariado. \u201cEsta ceremonia es realmente importante, para m\u00ed es un gusto venir a Puerto Ays\u00e9n, es un gran Cuerpo de Bomberos, con mucha gente muy dedicada. La Tercera Compa\u00f1\u00eda que tiene mucha historia, con una unidad muy profesional que es la de cuerdas, GRIMP, entonces, son muy gratificantes estas invitaciones y cuando puede asistir hay que hacerlo\u201d.<\/p>\n<p style=\"text-align: justify;\">H\u00e9ctor Venegas, director de la Tercera Compa\u00f1\u00eda de Bomberos de Ays\u00e9n, destac\u00f3 la importancia de la ceremonia donde se reconocieron a\u00f1os de servicio, juraron nuevos voluntarios, contaron con la presencia de las autoridades bomberiles y la autoridad comunal.<\/p>\n<p style=\"text-align: justify;\">\u201cFue una ceremonia solemne en la cual recordamos a nuestros fundadores y nuestro m\u00e1rtir, en estos 74 a\u00f1os de historia que hoy d\u00eda cumplimos. As\u00ed es que, agradecer la presencia de nuestras autoridades tanto bomberiles como civiles, nuestros bomberos, bomberas y oficialidad del Cuerpo de Bomberos. Tambi\u00e9n en esta ceremonia, se hace el juramento de los nuevos bomberos y bomberas, con el tradicional juramento de servicio a la comunidad, que todo bombero lleva en su coraz\u00f3n. Igualmente, tanto la junta de oficiales como la asamblea de compa\u00f1\u00eda, aprueban reconocimientos por 5, 10 y 30 a\u00f1os de servicio\u201d.<\/p>\n<p style=\"text-align: justify;\">Hubo tambi\u00e9n reconocimiento a voluntarios honorarios, algunos que ya superaron los 50 a\u00f1os de servicio, en una ceremonia donde tambi\u00e9n participaron las familias de los voluntarios y voluntarias de la Tercera Compa\u00f1\u00eda de Bomberos de Puerto Ays\u00e9n.<\/p>\n<\/div><\/section><\/div><div  style='height:50px' class='hr hr-invisible   avia-builder-el-6  el_after_av_one_full  el_before_av_social_share '><span class='hr-inner ' ><span class='hr-inner-style'><\/span><\/span><\/div><\/p>\n<div  class='av-social-sharing-box  avia-builder-el-7  el_after_av_hr  el_before_av_hr  '><div class='av-share-box'><h5 class='av-share-link-description av-no-toc '>Compartir esta noticia<\/h5><ul class='av-share-box-list noLightbox'><li class='av-share-link av-social-link-facebook' ><a target=\"_blank\" aria-label=\"Compartir en Facebook\" href='https:\/\/www.facebook.com\/sharer.php?u=https:\/\/radiorevelacionfm.cl\/?p=40685&#038;t=Con%20juramento%20a%20nuevos%20voluntarios%2Fas%20y%20reconocimiento%20por%20a%C3%B1os%20de%20servicio%20la%203ra.%20Compa%C3%B1%C3%ADa%20de%20Bomberos%20Ays%C3%A9n%20celebr%C3%B3%20aniversario%20N%C2%B074' aria-hidden='false' data-av_icon='\ue8f3' data-av_iconfont='entypo-fontello' title='' data-avia-related-tooltip='Compartir en Facebook' rel=\"noopener\"><span class='avia_hidden_link_text'>Compartir en Facebook<\/span><\/a><\/li><li class='av-share-link av-social-link-twitter' ><a target=\"_blank\" aria-label=\"Compartir en Twitter\" href='https:\/\/twitter.com\/share?text=Con%20juramento%20a%20nuevos%20voluntarios%2Fas%20y%20reconocimiento%20por%20a%C3%B1os%20de%20servicio%20la%203ra.%20Compa%C3%B1%C3%ADa%20de%20Bomberos%20Ays%C3%A9n%20celebr%C3%B3%20aniversario%20N%C2%B074&#038;url=https:\/\/radiorevelacionfm.cl\/?p=40685' aria-hidden='false' data-av_icon='\ue8f1' data-av_iconfont='entypo-fontello' title='' data-avia-related-tooltip='Compartir en Twitter' rel=\"noopener\"><span class='avia_hidden_link_text'>Compartir en Twitter<\/span><\/a><\/li><li class='av-share-link av-social-link-whatsapp' ><a target=\"_blank\" aria-label=\"Compartir en Whatsapp\" href='https:\/\/api.whatsapp.com\/send?text=https:\/\/radiorevelacionfm.cl\/?p=40685' aria-hidden='false' data-av_icon='\uf232' data-av_iconfont='entypo-fontello' title='' data-avia-related-tooltip='Compartir en Whatsapp' rel=\"noopener\"><span class='avia_hidden_link_text'>Compartir en Whatsapp<\/span><\/a><\/li><li class='av-share-link av-social-link-linkedin' ><a target=\"_blank\" aria-label=\"Compartir en LinkedIn\" href='https:\/\/linkedin.com\/shareArticle?mini=true&#038;title=Con%20juramento%20a%20nuevos%20voluntarios%2Fas%20y%20reconocimiento%20por%20a%C3%B1os%20de%20servicio%20la%203ra.%20Compa%C3%B1%C3%ADa%20de%20Bomberos%20Ays%C3%A9n%20celebr%C3%B3%20aniversario%20N%C2%B074&#038;url=https:\/\/radiorevelacionfm.cl\/?p=40685' aria-hidden='false' data-av_icon='\ue8fc' data-av_iconfont='entypo-fontello' title='' data-avia-related-tooltip='Compartir en LinkedIn' rel=\"noopener\"><span class='avia_hidden_link_text'>Compartir en LinkedIn<\/span><\/a><\/li><li class='av-share-link av-social-link-mail' ><a  aria-label=\"Compartir por correo\" href='mailto:?subject=Con%20juramento%20a%20nuevos%20voluntarios%2Fas%20y%20reconocimiento%20por%20a%C3%B1os%20de%20servicio%20la%203ra.%20Compa%C3%B1%C3%ADa%20de%20Bomberos%20Ays%C3%A9n%20celebr%C3%B3%20aniversario%20N%C2%B074&#038;body=https:\/\/radiorevelacionfm.cl\/?p=40685' aria-hidden='false' data-av_icon='\ue805' data-av_iconfont='entypo-fontello' title='' data-avia-related-tooltip='Compartir por correo'><span class='avia_hidden_link_text'>Compartir por correo<\/span><\/a><\/li><\/ul><\/div><\/div>\n<div  style='height:50px' class='hr hr-invisible   avia-builder-el-8  el_after_av_social_share  el_before_av_comments_list '><span class='hr-inner ' ><span class='hr-inner-style'><\/span><\/span><\/div>\n<div  class='av-buildercomment  av-blog-meta-html-info-disabled av-blog-meta-tag-disabled  '><\/div>\n","protected":false},"excerpt":{"rendered":"","protected":false},"author":1,"featured_media":40686,"comment_status":"open","ping_status":"open","sticky":false,"template":"","format":"standard","meta":{"footnotes":""},"categories":[38],"tags":[],"class_list":["post-40685","post","type-post","status-publish","format-standard","has-post-thumbnail","hentry","category-regional"],"jetpack_featured_media_url":"https:\/\/radiorevelacionfm.cl\/wp-content\/uploads\/2024\/03\/ceremonia-tercera-10-1_optimized.jpg","_links":{"self":[{"href":"https:\/\/radiorevelacionfm.cl\/index.php?rest_route=\/wp\/v2\/posts\/40685","targetHints":{"allow":["GET"]}}],"collection":[{"href":"https:\/\/radiorevelacionfm.cl\/index.php?rest_route=\/wp\/v2\/posts"}],"about":[{"href":"https:\/\/radiorevelacionfm.cl\/index.php?rest_route=\/wp\/v2\/types\/post"}],"author":[{"embeddable":true,"href":"https:\/\/radiorevelacionfm.cl\/index.php?rest_route=\/wp\/v2\/users\/1"}],"replies":[{"embeddable":true,"href":"https:\/\/radiorevelacionfm.cl\/index.php?rest_route=%2Fwp%2Fv2%2Fcomments&post=40685"}],"version-history":[{"count":1,"href":"https:\/\/radiorevelacionfm.cl\/index.php?rest_route=\/wp\/v2\/posts\/40685\/revisions"}],"predecessor-version":[{"id":40687,"href":"https:\/\/radiorevelacionfm.cl\/index.php?rest_route=\/wp\/v2\/posts\/40685\/revisions\/40687"}],"wp:featuredmedia":[{"embeddable":true,"href":"https:\/\/radiorevelacionfm.cl\/index.php?rest_route=\/wp\/v2\/media\/40686"}],"wp:attachment":[{"href":"https:\/\/radiorevelacionfm.cl\/index.php?rest_route=%2Fwp%2Fv2%2Fmedia&parent=40685"}],"wp:term":[{"taxonomy":"category","embeddable":true,"href":"https:\/\/radiorevelacionfm.cl\/index.php?rest_route=%2Fwp%2Fv2%2Fcategories&post=40685"},{"taxonomy":"post_tag","embeddable":true,"href":"https:\/\/radiorevelacionfm.cl\/index.php?rest_route=%2Fwp%2Fv2%2Ftags&post=40685"}],"curies":[{"name":"wp","href":"https:\/\/api.w.org\/{rel}","templated":true}]}}