{"id":40682,"date":"2024-03-25T18:05:50","date_gmt":"2024-03-25T21:05:50","guid":{"rendered":"https:\/\/radiorevelacionfm.cl\/?p=40682"},"modified":"2024-03-25T18:05:50","modified_gmt":"2024-03-25T21:05:50","slug":"directivos-del-ssa-se-reunen-con-la-comunidad-de-villa-ohiggins","status":"publish","type":"post","link":"https:\/\/radiorevelacionfm.cl\/?p=40682","title":{"rendered":"Directivos del SSA se re\u00fanen con la Comunidad de Villa O&#8217;Higgins"},"content":{"rendered":"<div class=\"flex_column av_one_full  flex_column_div av-zero-column-padding first  avia-builder-el-0  el_before_av_one_full  avia-builder-el-first  \" style='border-radius:0px; '><div  class='avia-image-container  av-styling-    avia-builder-el-1  avia-builder-el-no-sibling  avia-align-center '  itemprop=\"image\" itemscope=\"itemscope\" itemtype=\"https:\/\/schema.org\/ImageObject\"  ><div class='avia-image-container-inner'><div class='avia-image-overlay-wrap'><img decoding=\"async\" class='wp-image-40683 avia-img-lazy-loading-not-40683 avia_image' src=\"https:\/\/radiorevelacionfm.cl\/wp-content\/uploads\/2024\/03\/foto-villa-1_optimized.jpeg\" alt='' title='foto-villa-(1)_optimized' height=\"600\" width=\"800\"  itemprop=\"thumbnailUrl\" srcset=\"https:\/\/radiorevelacionfm.cl\/wp-content\/uploads\/2024\/03\/foto-villa-1_optimized.jpeg 800w, https:\/\/radiorevelacionfm.cl\/wp-content\/uploads\/2024\/03\/foto-villa-1_optimized-300x225.jpeg 300w, https:\/\/radiorevelacionfm.cl\/wp-content\/uploads\/2024\/03\/foto-villa-1_optimized-768x576.jpeg 768w, https:\/\/radiorevelacionfm.cl\/wp-content\/uploads\/2024\/03\/foto-villa-1_optimized-705x529.jpeg 705w, https:\/\/radiorevelacionfm.cl\/wp-content\/uploads\/2024\/03\/foto-villa-1_optimized-450x338.jpeg 450w, https:\/\/radiorevelacionfm.cl\/wp-content\/uploads\/2024\/03\/foto-villa-1_optimized-600x450.jpeg 600w\" sizes=\"(max-width: 800px) 100vw, 800px\" \/><\/div><\/div><\/div><\/div><div class=\"flex_column av_one_full  flex_column_div av-zero-column-padding first  avia-builder-el-2  el_after_av_one_full  el_before_av_one_full  column-top-margin\" style='border-radius:0px; '><section class=\"av_textblock_section \"  itemscope=\"itemscope\" itemtype=\"https:\/\/schema.org\/BlogPosting\" itemprop=\"blogPost\" ><div class='avia_textblock  '   itemprop=\"text\" ><p style=\"text-align: center;\"><span style=\"font-size: 18pt;\"><b><span lang=\"ES-MX\">Directivos del SSA se re\u00fanen con la\u00a0<\/span><\/b><b><span lang=\"ES-MX\">Comunidad de Villa O&#8217;Higgins\u00a0<\/span><\/b><\/span><\/p>\n<div id=\"gtx-trans\" style=\"position: absolute; left: -50px; top: 4.31534px;\">\n<div class=\"gtx-trans-icon\"><\/div>\n<\/div>\n<\/div><\/section><\/div><div class=\"flex_column av_one_full  flex_column_div av-zero-column-padding first  avia-builder-el-4  el_after_av_one_full  el_before_av_hr  column-top-margin\" style='border-radius:0px; '><section class=\"av_textblock_section \"  itemscope=\"itemscope\" itemtype=\"https:\/\/schema.org\/BlogPosting\" itemprop=\"blogPost\" ><div class='avia_textblock  '   itemprop=\"text\" ><p style=\"font-weight: 400; text-align: justify;\">M\u00e1s de 1200 kil\u00f3metros fue el recorrido que el equipo directivo del Servicio de Salud Ays\u00e9n (SSA), realiz\u00f3 para llegar hasta el final de la Carretera Austral, en la comuna de O\u2019Higgins, con el objetivo de reunirse con la comunidad, el municipio y el personal m\u00e9dico de la Posta de Salud Rural, para escuchar sus demandas ciudadanas, en torno a temas de salud.<\/p>\n<p style=\"font-weight: 400; text-align: justify;\">En la visita a la comuna m\u00e1s austral de la regi\u00f3n de Ays\u00e9n, el director del SSA, Juan Pablo Bravo Quintana, coment\u00f3 los puntos a trabajar en el corto y mediano plazo con los dirigentes sociales, el alcalde y los funcionarios de la posta, a quienes agradeci\u00f3 su entrega y compromiso.<\/p>\n<p style=\"font-weight: 400; text-align: justify;\">\u201cTuvimos una reuni\u00f3n bien constructiva, levantamos las necesidades de la comunidad y estamos a disposici\u00f3n para trabajar en conjunto y seguir avanzando, mencionar que se va a dar prioridad a un cuarto TENS para solucionar y facilitar el trabajo de nuestros funcionarios, que fueron felicitados por la comunidad, agradecer a ellas y ellos la enorme labor que realizan ac\u00e1 en la comunidad\u201d, manifest\u00f3 Juan Pablo Bravo Quintana, director del Servicio de Salud Ays\u00e9n.<\/p>\n<p style=\"font-weight: 400; text-align: justify;\">Cabe mencionar que, hace m\u00e1s de dos a\u00f1os, autoridades del sector no realizaban una visita a la Villa, por lo que la iniciativa del actual jefe de la Red Asistencial, fue valorada por los residentes de la zona.<\/p>\n<p style=\"font-weight: 400; text-align: justify;\">\u201cPara nosotros fue provechosa la reuni\u00f3n porque logramos conseguir cosas que afectan a los funcionarios de la posta de salud como: la vivienda, tambi\u00e9n el tema de la atenci\u00f3n de la gente, las derivaciones, el control de los ni\u00f1os y mejoras en infraestructura en la posta; nos vamos satisfechos de la conversaci\u00f3n con el director del Servicio de Salud y con la directora del Hospital de Cochrane\u201d, expres\u00f3 Humberto Pizarro P\u00e9rez, concejal de la comuna de O\u2019Higgins.<\/p>\n<p style=\"font-weight: 400; text-align: justify;\">En esa misma l\u00ednea, Mar\u00eda Paz Godoy, presidenta del Consejo de Salud de Villa O\u2019Higgins, se\u00f1al\u00f3 que \u201cllegamos a varios acuerdos, era una lista de peticiones, creo que avanzamos\u201d.<\/p>\n<p style=\"font-weight: 400; text-align: justify;\">Tambi\u00e9n la cirujana dentista de la Posta de Salud Rural de Villa O\u2019Higgins, indic\u00f3 que \u201ccomo equipo estamos super agradecidos por la visita del director, despu\u00e9s de muchos a\u00f1os, se tocaron temas sensibles para el equipo y tanto para la comunidad,\u00a0 llegamos a buenos t\u00e9rminos, en donde logramos sentir un poquito de esperanza para poder tener continuar con todos los proyectos que tenemos con la comunidad, de actualizar los temas de salud y poder estar al d\u00eda con los ex\u00e1menes de sangre y lograr que el equipo de la posta surja m\u00e1s\u201d, indic\u00f3 Gabriela Caama\u00f1o M\u00e1rquez.<\/p>\n<p style=\"font-weight: 400; text-align: justify;\">A su vez, el alcalde de la comuna, valor\u00f3 las gestiones que se est\u00e1n adelantando con el Hospital de Cochrane para seguir brindando atenciones m\u00e1s dignas y accesibles a las personas usuarias de la localidad.<\/p>\n<p style=\"font-weight: 400; text-align: justify;\">\u201cVamos a retomar el tema de convenio con el Hospital de Cochrane para coordinar los puntos de acuerdo para poder funcionar bien en los traslados con los enfermos y otras situaciones m\u00e9dicas, as\u00ed que estamos trabajando con el sector salud\u201d, acot\u00f3 Jos\u00e9 Fica G\u00f3mez, alcalde de Villa O\u2019Higgins.<\/p>\n<p style=\"font-weight: 400; text-align: justify;\">Por \u00faltimo, los encuentros con la comunidad son parte del Plan de Gobierno del presidente Gabriel Boric Font, en orden a estar presentes en los territorios y conocer las realidades de quienes hacen patria en los rincones m\u00e1s apartados de Chile.<\/p>\n<\/div><\/section><\/div><div  style='height:50px' class='hr hr-invisible   avia-builder-el-6  el_after_av_one_full  el_before_av_social_share '><span class='hr-inner ' ><span class='hr-inner-style'><\/span><\/span><\/div><\/p>\n<div  class='av-social-sharing-box  avia-builder-el-7  el_after_av_hr  el_before_av_hr  '><div class='av-share-box'><h5 class='av-share-link-description av-no-toc '>Compartir esta noticia<\/h5><ul class='av-share-box-list noLightbox'><li class='av-share-link av-social-link-facebook' ><a target=\"_blank\" aria-label=\"Compartir en Facebook\" href='https:\/\/www.facebook.com\/sharer.php?u=https:\/\/radiorevelacionfm.cl\/?p=40682&#038;t=Directivos%20del%20SSA%20se%20re%C3%BAnen%20con%20la%20Comunidad%20de%20Villa%20O%E2%80%99Higgins' aria-hidden='false' data-av_icon='\ue8f3' data-av_iconfont='entypo-fontello' title='' data-avia-related-tooltip='Compartir en Facebook' rel=\"noopener\"><span class='avia_hidden_link_text'>Compartir en Facebook<\/span><\/a><\/li><li class='av-share-link av-social-link-twitter' ><a target=\"_blank\" aria-label=\"Compartir en Twitter\" href='https:\/\/twitter.com\/share?text=Directivos%20del%20SSA%20se%20re%C3%BAnen%20con%20la%20Comunidad%20de%20Villa%20O%E2%80%99Higgins&#038;url=https:\/\/radiorevelacionfm.cl\/?p=40682' aria-hidden='false' data-av_icon='\ue8f1' data-av_iconfont='entypo-fontello' title='' data-avia-related-tooltip='Compartir en Twitter' rel=\"noopener\"><span class='avia_hidden_link_text'>Compartir en Twitter<\/span><\/a><\/li><li class='av-share-link av-social-link-whatsapp' ><a target=\"_blank\" aria-label=\"Compartir en Whatsapp\" href='https:\/\/api.whatsapp.com\/send?text=https:\/\/radiorevelacionfm.cl\/?p=40682' aria-hidden='false' data-av_icon='\uf232' data-av_iconfont='entypo-fontello' title='' data-avia-related-tooltip='Compartir en Whatsapp' rel=\"noopener\"><span class='avia_hidden_link_text'>Compartir en Whatsapp<\/span><\/a><\/li><li class='av-share-link av-social-link-linkedin' ><a target=\"_blank\" aria-label=\"Compartir en LinkedIn\" href='https:\/\/linkedin.com\/shareArticle?mini=true&#038;title=Directivos%20del%20SSA%20se%20re%C3%BAnen%20con%20la%20Comunidad%20de%20Villa%20O%E2%80%99Higgins&#038;url=https:\/\/radiorevelacionfm.cl\/?p=40682' aria-hidden='false' data-av_icon='\ue8fc' data-av_iconfont='entypo-fontello' title='' data-avia-related-tooltip='Compartir en LinkedIn' rel=\"noopener\"><span class='avia_hidden_link_text'>Compartir en LinkedIn<\/span><\/a><\/li><li class='av-share-link av-social-link-mail' ><a  aria-label=\"Compartir por correo\" href='mailto:?subject=Directivos%20del%20SSA%20se%20re%C3%BAnen%20con%20la%20Comunidad%20de%20Villa%20O%E2%80%99Higgins&#038;body=https:\/\/radiorevelacionfm.cl\/?p=40682' aria-hidden='false' data-av_icon='\ue805' data-av_iconfont='entypo-fontello' title='' data-avia-related-tooltip='Compartir por correo'><span class='avia_hidden_link_text'>Compartir por correo<\/span><\/a><\/li><\/ul><\/div><\/div>\n<div  style='height:50px' class='hr hr-invisible   avia-builder-el-8  el_after_av_social_share  el_before_av_comments_list '><span class='hr-inner ' ><span class='hr-inner-style'><\/span><\/span><\/div>\n<div  class='av-buildercomment  av-blog-meta-html-info-disabled av-blog-meta-tag-disabled  '><\/div>\n","protected":false},"excerpt":{"rendered":"","protected":false},"author":1,"featured_media":40683,"comment_status":"open","ping_status":"open","sticky":false,"template":"","format":"standard","meta":{"footnotes":""},"categories":[46],"tags":[],"class_list":["post-40682","post","type-post","status-publish","format-standard","has-post-thumbnail","hentry","category-salud"],"jetpack_featured_media_url":"https:\/\/radiorevelacionfm.cl\/wp-content\/uploads\/2024\/03\/foto-villa-1_optimized.jpeg","_links":{"self":[{"href":"https:\/\/radiorevelacionfm.cl\/index.php?rest_route=\/wp\/v2\/posts\/40682","targetHints":{"allow":["GET"]}}],"collection":[{"href":"https:\/\/radiorevelacionfm.cl\/index.php?rest_route=\/wp\/v2\/posts"}],"about":[{"href":"https:\/\/radiorevelacionfm.cl\/index.php?rest_route=\/wp\/v2\/types\/post"}],"author":[{"embeddable":true,"href":"https:\/\/radiorevelacionfm.cl\/index.php?rest_route=\/wp\/v2\/users\/1"}],"replies":[{"embeddable":true,"href":"https:\/\/radiorevelacionfm.cl\/index.php?rest_route=%2Fwp%2Fv2%2Fcomments&post=40682"}],"version-history":[{"count":1,"href":"https:\/\/radiorevelacionfm.cl\/index.php?rest_route=\/wp\/v2\/posts\/40682\/revisions"}],"predecessor-version":[{"id":40684,"href":"https:\/\/radiorevelacionfm.cl\/index.php?rest_route=\/wp\/v2\/posts\/40682\/revisions\/40684"}],"wp:featuredmedia":[{"embeddable":true,"href":"https:\/\/radiorevelacionfm.cl\/index.php?rest_route=\/wp\/v2\/media\/40683"}],"wp:attachment":[{"href":"https:\/\/radiorevelacionfm.cl\/index.php?rest_route=%2Fwp%2Fv2%2Fmedia&parent=40682"}],"wp:term":[{"taxonomy":"category","embeddable":true,"href":"https:\/\/radiorevelacionfm.cl\/index.php?rest_route=%2Fwp%2Fv2%2Fcategories&post=40682"},{"taxonomy":"post_tag","embeddable":true,"href":"https:\/\/radiorevelacionfm.cl\/index.php?rest_route=%2Fwp%2Fv2%2Ftags&post=40682"}],"curies":[{"name":"wp","href":"https:\/\/api.w.org\/{rel}","templated":true}]}}