{"id":40678,"date":"2024-03-26T09:49:42","date_gmt":"2024-03-26T12:49:42","guid":{"rendered":"https:\/\/radiorevelacionfm.cl\/?p=40678"},"modified":"2024-03-26T09:49:42","modified_gmt":"2024-03-26T12:49:42","slug":"salud-invita-a-la-comunidad-a-vacunarse-contra-la-influenza","status":"publish","type":"post","link":"https:\/\/radiorevelacionfm.cl\/?p=40678","title":{"rendered":"Salud invita a la comunidad a vacunarse contra la Influenza"},"content":{"rendered":"<div class=\"flex_column av_one_full  flex_column_div av-zero-column-padding first  avia-builder-el-0  el_before_av_one_full  avia-builder-el-first  \" style='border-radius:0px; '><div  class='avia-image-container  av-styling-    avia-builder-el-1  avia-builder-el-no-sibling  avia-align-center '  itemprop=\"image\" itemscope=\"itemscope\" itemtype=\"https:\/\/schema.org\/ImageObject\"  ><div class='avia-image-container-inner'><div class='avia-image-overlay-wrap'><img decoding=\"async\" class='wp-image-40679 avia-img-lazy-loading-not-40679 avia_image' src=\"https:\/\/radiorevelacionfm.cl\/wp-content\/uploads\/2024\/03\/vacunacion-influenza-1-1.jpeg\" alt='' title='vacunaci\u00f3n influenza (1) (1)' height=\"600\" width=\"800\"  itemprop=\"thumbnailUrl\" srcset=\"https:\/\/radiorevelacionfm.cl\/wp-content\/uploads\/2024\/03\/vacunacion-influenza-1-1.jpeg 800w, https:\/\/radiorevelacionfm.cl\/wp-content\/uploads\/2024\/03\/vacunacion-influenza-1-1-300x225.jpeg 300w, https:\/\/radiorevelacionfm.cl\/wp-content\/uploads\/2024\/03\/vacunacion-influenza-1-1-768x576.jpeg 768w, https:\/\/radiorevelacionfm.cl\/wp-content\/uploads\/2024\/03\/vacunacion-influenza-1-1-705x529.jpeg 705w, https:\/\/radiorevelacionfm.cl\/wp-content\/uploads\/2024\/03\/vacunacion-influenza-1-1-450x338.jpeg 450w, https:\/\/radiorevelacionfm.cl\/wp-content\/uploads\/2024\/03\/vacunacion-influenza-1-1-600x450.jpeg 600w\" sizes=\"(max-width: 800px) 100vw, 800px\" \/><\/div><\/div><\/div><\/div><div class=\"flex_column av_one_full  flex_column_div av-zero-column-padding first  avia-builder-el-2  el_after_av_one_full  el_before_av_one_full  column-top-margin\" style='border-radius:0px; '><section class=\"av_textblock_section \"  itemscope=\"itemscope\" itemtype=\"https:\/\/schema.org\/BlogPosting\" itemprop=\"blogPost\" ><div class='avia_textblock  '   itemprop=\"text\" ><p style=\"text-align: center;\"><span style=\"font-size: 18pt;\"><strong>Salud invita a la comunidad a vacunarse contra la Influenza<\/strong><\/span><\/p>\n<div id=\"gtx-trans\" style=\"position: absolute; left: -50px; top: 4.31534px;\">\n<div class=\"gtx-trans-icon\"><\/div>\n<\/div>\n<\/div><\/section><\/div><div class=\"flex_column av_one_full  flex_column_div av-zero-column-padding first  avia-builder-el-4  el_after_av_one_full  el_before_av_hr  column-top-margin\" style='border-radius:0px; '><section class=\"av_textblock_section \"  itemscope=\"itemscope\" itemtype=\"https:\/\/schema.org\/BlogPosting\" itemprop=\"blogPost\" ><div class='avia_textblock  '   itemprop=\"text\" ><p style=\"text-align: justify;\"><em>El proceso de inmunizaci\u00f3n se est\u00e1 llevando cabo en todos los establecimientos de salud p\u00fablica de la regi\u00f3n, establecimientos de educaci\u00f3n pre escolar y b\u00e1sica, adem\u00e1s de coordinaciones especiales para atender a personas postradas en domicilios.<\/em><\/p>\n<p style=\"text-align: justify;\">Hasta el Consultorio V\u00edctor Domingo Silva de Coyhaique, se trasladaron autoridades gubernamentales y de salud para dar inicio oficialmente al proceso de vacunaci\u00f3n contra la Influenza, medida que anualmente se realiza a lo largo de todo el pa\u00eds con el objetivo de reforzar el sistema inmunol\u00f3gico especialmente de adultos mayores, ni\u00f1os y enfermos cr\u00f3nicos, antes de la llegada del invierno.<\/p>\n<p style=\"text-align: justify;\">Proceso de vacunaci\u00f3n que contribuye a la prevenci\u00f3n de enfermedades respiratorias, como lo explic\u00f3 la Seremi de Salud, Carmen Monsalve G\u00f3mez. \u201cEl llamado a la comunidad es al autocuidado, ya que la vacuna de la Influenza nos ha permitido salvar vidas, y esta vacuna en espec\u00edfico \u2013 al igual que otras- nos permite evitar enfermar gravemente o morir por enfermedades respiratorias, porque eso ocurre todos los a\u00f1os con los grupos de riesgo, y en las personas que no se han protegido\u201d.<\/p>\n<p style=\"text-align: justify;\">Los grupos priorizados para esta campa\u00f1a son las personas de 60 y m\u00e1s a\u00f1os, personas con patolog\u00edas cr\u00f3nicas, embarazadas, ni\u00f1os y ni\u00f1as desde los 6 meses y hasta 5\u00b0 a\u00f1o b\u00e1sico (independiente de la edad), docentes y asistentes de la educaci\u00f3n (hasta 8\u00b0b\u00e1sico), cuidadores\/as de adultos mayores, trabajadores av\u00edcolas y criaderos de cerdo, adem\u00e1s de funcionarios de salud, entre otras institucionales como bomberos.<\/p>\n<p style=\"text-align: justify;\">En este contexto, el Delegado Presidencial Regional, Rodrigo Araya Morales, hizo extensivo el llamado a la poblaci\u00f3n regional para sumarse a este proceso de vacunaci\u00f3n. \u201cEsta campa\u00f1a que se inici\u00f3 desde el 15 de marzo esta enfocada en todos los grupos prioritarios, por eso hacemos un llamado a toda las personas que son los grupos de riesgos que se acerquen a los puntos de vacunaci\u00f3n, lo cual nos permite prevenir de sufrir enfermedades graves y episodios que pueden causar la muerte, por lo tanto, llamados a todas las personas que acudan a los centros de salud de toda la regi\u00f3n a ponerse la vacunaci\u00f3n contra la influenza 2024.<\/p>\n<p style=\"text-align: justify;\">En esta oportunidad, un usuario del Consultorio V\u00edctor Domingo Silva, Juan Carlos Saldivia Paillacar, tambi\u00e9n reforz\u00f3 este proceso de vacunaci\u00f3n. \u201cYo me he vacunado todos los a\u00f1os de la Influenza, y me he puesto todas las vacunas del COVID, y mi experiencia ha sido bueno porque no me resfr\u00edo casi nunca. Yo le digo a la comunidad que vengan a vacunarse, porque van a alargar su vida, no van a tener ninguna enfermedad porque a mi me ha dado buenos resultados el tema de las vacunas\u201d.<\/p>\n<p style=\"text-align: justify;\">Similar opini\u00f3n fue la que entreg\u00f3 Jos\u00e9 An\u00edbal Chavarr\u00eda, usuario del Consultorio V\u00edctor Domingo Silva. \u201cYo les dir\u00eda que concurran lo antes posibles, porque estas vacunas son para prevenir, sobre todo de la Influenza porque estamos en la \u00e9poca en que comienzan los casos,\u00a0 y se dejan pasar el tiempo pueden agarrar una Influenza antes que se vacunen, y lo mismo puede pasar con el COVID, hay que prevenir\u201d.<\/p>\n<p style=\"text-align: justify;\">Finalmente, el Director del Servicio de Salud Ays\u00e9n, Juan Pablo Bravo, entreg\u00f3 detalles acerca de los horarios en los puntos de vacunaci\u00f3n de la red asistencial. \u201cLos distintos puntos de vacunaci\u00f3n que est\u00e1n habilitados en los establecimientos de salud p\u00fablica, van a estar habilitados de desde las 09 a las 12:30 y desde las 14 a 16 hrs. donde tambi\u00e9n se van a coordinar la vacunaci\u00f3n extramuro para pacientes postrados, la cual se puede coordinar con los dispositivos de salud m\u00e1s cercanos a cada domicilio, al igual que la vacunaci\u00f3n en los colegios. Aqu\u00ed hay que recordar que m\u00e1s del 80% de los pacientes hospitalizados m\u00e1s graves, no estaban vacunados ni contra la Influenza, ni el COVID, por lo tanto la importancia de la prevenci\u00f3n es fundamental\u201d.<\/p>\n<p style=\"text-align: justify;\">Esta campa\u00f1a, denominada \u201cVac\u00fanate contra la influenza, no duele tanto como enfermar gravemente\u201d, busca alcanzar el 85% de la poblaci\u00f3n objetivo inoculada y de esa forma proteger a la poblaci\u00f3n, sobre todo a los m\u00e1s vulnerables.<\/p>\n<p style=\"text-align: justify;\">Cabe se\u00f1alar que la influenza, o tambi\u00e9n llamada gripe, es una enfermedad contagiosa que se transmite desde una persona enferma al toser, estornudar o mediante las secreciones nasales; que puede incluso conducir a un cuadro de neumon\u00eda o empeorar problemas de salud ya existentes en las personas.<\/p>\n<p style=\"text-align: justify;\">Dentro de los s\u00edntomas de esta enfermedad, se encuentran: fiebre, tos, dolor de garganta, escalofr\u00edos, cansancio, tos, dolor de cabeza, dolores musculares.<\/p>\n<p style=\"text-align: justify;\"><strong>\u00bfC\u00f3mo prevenir la influenza?<\/strong><\/p>\n<ul style=\"text-align: justify;\">\n<li>Lavado frecuente de manos y medidas de higiene general.<\/li>\n<li>Al toser o estornudar cubrir con pa\u00f1uelos desechables boca y nariz, o como alternativa cubrir boca y nariz con antebrazo. En ambos casos realizar lavado de manos posterior.<\/li>\n<li>Limitar el contacto del enfermo con otras personas (personal de salud, familiares y visitas).<\/li>\n<li>Al alimentar a los ni\u00f1os no pruebe la comida con la misma cuchara que lo est\u00e1 alimentando.<\/li>\n<li>Junto con lo anterior, la mejor manera de evitar contraer esta enfermedad y en especial las complicaciones graves es la vacunaci\u00f3n.<\/li>\n<\/ul>\n<\/div><\/section><\/div><div  style='height:50px' class='hr hr-invisible   avia-builder-el-6  el_after_av_one_full  el_before_av_social_share '><span class='hr-inner ' ><span class='hr-inner-style'><\/span><\/span><\/div><\/p>\n<div  class='av-social-sharing-box  avia-builder-el-7  el_after_av_hr  el_before_av_hr  '><div class='av-share-box'><h5 class='av-share-link-description av-no-toc '>Compartir esta noticia<\/h5><ul class='av-share-box-list noLightbox'><li class='av-share-link av-social-link-facebook' ><a target=\"_blank\" aria-label=\"Compartir en Facebook\" href='https:\/\/www.facebook.com\/sharer.php?u=https:\/\/radiorevelacionfm.cl\/?p=40678&#038;t=Salud%20invita%20a%20la%20comunidad%20a%20vacunarse%20contra%20la%20Influenza' aria-hidden='false' data-av_icon='\ue8f3' data-av_iconfont='entypo-fontello' title='' data-avia-related-tooltip='Compartir en Facebook' rel=\"noopener\"><span class='avia_hidden_link_text'>Compartir en Facebook<\/span><\/a><\/li><li class='av-share-link av-social-link-twitter' ><a target=\"_blank\" aria-label=\"Compartir en Twitter\" href='https:\/\/twitter.com\/share?text=Salud%20invita%20a%20la%20comunidad%20a%20vacunarse%20contra%20la%20Influenza&#038;url=https:\/\/radiorevelacionfm.cl\/?p=40678' aria-hidden='false' data-av_icon='\ue8f1' data-av_iconfont='entypo-fontello' title='' data-avia-related-tooltip='Compartir en Twitter' rel=\"noopener\"><span class='avia_hidden_link_text'>Compartir en Twitter<\/span><\/a><\/li><li class='av-share-link av-social-link-whatsapp' ><a target=\"_blank\" aria-label=\"Compartir en Whatsapp\" href='https:\/\/api.whatsapp.com\/send?text=https:\/\/radiorevelacionfm.cl\/?p=40678' aria-hidden='false' data-av_icon='\uf232' data-av_iconfont='entypo-fontello' title='' data-avia-related-tooltip='Compartir en Whatsapp' rel=\"noopener\"><span class='avia_hidden_link_text'>Compartir en Whatsapp<\/span><\/a><\/li><li class='av-share-link av-social-link-linkedin' ><a target=\"_blank\" aria-label=\"Compartir en LinkedIn\" href='https:\/\/linkedin.com\/shareArticle?mini=true&#038;title=Salud%20invita%20a%20la%20comunidad%20a%20vacunarse%20contra%20la%20Influenza&#038;url=https:\/\/radiorevelacionfm.cl\/?p=40678' aria-hidden='false' data-av_icon='\ue8fc' data-av_iconfont='entypo-fontello' title='' data-avia-related-tooltip='Compartir en LinkedIn' rel=\"noopener\"><span class='avia_hidden_link_text'>Compartir en LinkedIn<\/span><\/a><\/li><li class='av-share-link av-social-link-mail' ><a  aria-label=\"Compartir por correo\" href='mailto:?subject=Salud%20invita%20a%20la%20comunidad%20a%20vacunarse%20contra%20la%20Influenza&#038;body=https:\/\/radiorevelacionfm.cl\/?p=40678' aria-hidden='false' data-av_icon='\ue805' data-av_iconfont='entypo-fontello' title='' data-avia-related-tooltip='Compartir por correo'><span class='avia_hidden_link_text'>Compartir por correo<\/span><\/a><\/li><\/ul><\/div><\/div>\n<div  style='height:50px' class='hr hr-invisible   avia-builder-el-8  el_after_av_social_share  el_before_av_comments_list '><span class='hr-inner ' ><span class='hr-inner-style'><\/span><\/span><\/div>\n<div  class='av-buildercomment  av-blog-meta-html-info-disabled av-blog-meta-tag-disabled  '><\/div>\n","protected":false},"excerpt":{"rendered":"","protected":false},"author":1,"featured_media":40679,"comment_status":"open","ping_status":"open","sticky":false,"template":"","format":"standard","meta":{"footnotes":""},"categories":[46],"tags":[],"class_list":["post-40678","post","type-post","status-publish","format-standard","has-post-thumbnail","hentry","category-salud"],"jetpack_featured_media_url":"https:\/\/radiorevelacionfm.cl\/wp-content\/uploads\/2024\/03\/vacunacion-influenza-1-1.jpeg","_links":{"self":[{"href":"https:\/\/radiorevelacionfm.cl\/index.php?rest_route=\/wp\/v2\/posts\/40678","targetHints":{"allow":["GET"]}}],"collection":[{"href":"https:\/\/radiorevelacionfm.cl\/index.php?rest_route=\/wp\/v2\/posts"}],"about":[{"href":"https:\/\/radiorevelacionfm.cl\/index.php?rest_route=\/wp\/v2\/types\/post"}],"author":[{"embeddable":true,"href":"https:\/\/radiorevelacionfm.cl\/index.php?rest_route=\/wp\/v2\/users\/1"}],"replies":[{"embeddable":true,"href":"https:\/\/radiorevelacionfm.cl\/index.php?rest_route=%2Fwp%2Fv2%2Fcomments&post=40678"}],"version-history":[{"count":1,"href":"https:\/\/radiorevelacionfm.cl\/index.php?rest_route=\/wp\/v2\/posts\/40678\/revisions"}],"predecessor-version":[{"id":40680,"href":"https:\/\/radiorevelacionfm.cl\/index.php?rest_route=\/wp\/v2\/posts\/40678\/revisions\/40680"}],"wp:featuredmedia":[{"embeddable":true,"href":"https:\/\/radiorevelacionfm.cl\/index.php?rest_route=\/wp\/v2\/media\/40679"}],"wp:attachment":[{"href":"https:\/\/radiorevelacionfm.cl\/index.php?rest_route=%2Fwp%2Fv2%2Fmedia&parent=40678"}],"wp:term":[{"taxonomy":"category","embeddable":true,"href":"https:\/\/radiorevelacionfm.cl\/index.php?rest_route=%2Fwp%2Fv2%2Fcategories&post=40678"},{"taxonomy":"post_tag","embeddable":true,"href":"https:\/\/radiorevelacionfm.cl\/index.php?rest_route=%2Fwp%2Fv2%2Ftags&post=40678"}],"curies":[{"name":"wp","href":"https:\/\/api.w.org\/{rel}","templated":true}]}}