{"id":40675,"date":"2024-03-25T16:17:39","date_gmt":"2024-03-25T19:17:39","guid":{"rendered":"https:\/\/radiorevelacionfm.cl\/?p=40675"},"modified":"2024-03-25T16:17:39","modified_gmt":"2024-03-25T19:17:39","slug":"sec-aysen-se-reune-en-chile-chico-con-autoridades-locales-para-abordar-cortes-de-suministro-electrico","status":"publish","type":"post","link":"https:\/\/radiorevelacionfm.cl\/?p=40675","title":{"rendered":"SEC Ays\u00e9n se re\u00fane en Chile Chico con autoridades locales para abordar cortes de suministro el\u00e9ctrico"},"content":{"rendered":"<div class=\"flex_column av_one_full  flex_column_div av-zero-column-padding first  avia-builder-el-0  el_before_av_one_full  avia-builder-el-first  \" style='border-radius:0px; '><div  class='avia-image-container  av-styling-    avia-builder-el-1  avia-builder-el-no-sibling  avia-align-center '  itemprop=\"image\" itemscope=\"itemscope\" itemtype=\"https:\/\/schema.org\/ImageObject\"  ><div class='avia-image-container-inner'><div class='avia-image-overlay-wrap'><img decoding=\"async\" class='wp-image-40676 avia-img-lazy-loading-not-40676 avia_image' src=\"https:\/\/radiorevelacionfm.cl\/wp-content\/uploads\/2024\/03\/visita-director-sec-y-delegado-a-planta-de-generacion-1_optimized.jpg\" alt='' title='visita-director-sec-y-delegado-a-planta-de-generaci\u00f3n-(1)_optimized' height=\"600\" width=\"1066\"  itemprop=\"thumbnailUrl\" srcset=\"https:\/\/radiorevelacionfm.cl\/wp-content\/uploads\/2024\/03\/visita-director-sec-y-delegado-a-planta-de-generacion-1_optimized.jpg 1066w, https:\/\/radiorevelacionfm.cl\/wp-content\/uploads\/2024\/03\/visita-director-sec-y-delegado-a-planta-de-generacion-1_optimized-300x169.jpg 300w, https:\/\/radiorevelacionfm.cl\/wp-content\/uploads\/2024\/03\/visita-director-sec-y-delegado-a-planta-de-generacion-1_optimized-1030x580.jpg 1030w, https:\/\/radiorevelacionfm.cl\/wp-content\/uploads\/2024\/03\/visita-director-sec-y-delegado-a-planta-de-generacion-1_optimized-768x432.jpg 768w, https:\/\/radiorevelacionfm.cl\/wp-content\/uploads\/2024\/03\/visita-director-sec-y-delegado-a-planta-de-generacion-1_optimized-705x397.jpg 705w, https:\/\/radiorevelacionfm.cl\/wp-content\/uploads\/2024\/03\/visita-director-sec-y-delegado-a-planta-de-generacion-1_optimized-450x253.jpg 450w, https:\/\/radiorevelacionfm.cl\/wp-content\/uploads\/2024\/03\/visita-director-sec-y-delegado-a-planta-de-generacion-1_optimized-600x338.jpg 600w\" sizes=\"(max-width: 1066px) 100vw, 1066px\" \/><\/div><\/div><\/div><\/div><div class=\"flex_column av_one_full  flex_column_div av-zero-column-padding first  avia-builder-el-2  el_after_av_one_full  el_before_av_one_full  column-top-margin\" style='border-radius:0px; '><section class=\"av_textblock_section \"  itemscope=\"itemscope\" itemtype=\"https:\/\/schema.org\/BlogPosting\" itemprop=\"blogPost\" ><div class='avia_textblock  '   itemprop=\"text\" ><p style=\"text-align: center;\"><strong><span style=\"font-size: 18pt;\">SEC Ays\u00e9n se re\u00fane en Chile Chico con autoridades locales para abordar cortes de suministro el\u00e9ctrico<\/span><\/strong><\/p>\n<div id=\"gtx-trans\" style=\"position: absolute; left: -50px; top: 4.31534px;\">\n<div class=\"gtx-trans-icon\"><\/div>\n<\/div>\n<\/div><\/section><\/div><div class=\"flex_column av_one_full  flex_column_div av-zero-column-padding first  avia-builder-el-4  el_after_av_one_full  el_before_av_hr  column-top-margin\" style='border-radius:0px; '><section class=\"av_textblock_section \"  itemscope=\"itemscope\" itemtype=\"https:\/\/schema.org\/BlogPosting\" itemprop=\"blogPost\" ><div class='avia_textblock  '   itemprop=\"text\" ><p style=\"text-align: justify;\"><em>El Director Regional de SEC Ays\u00e9n, Hugo Ardiles, se dirigi\u00f3 hasta Chile Chico para reunirse con el Delegado Presidencial Provincial de General Carrera, Crist\u00f3bal Barcel\u00f3, y con concejales, para tratar el tema de los recurrentes cortes de suministro el\u00e9ctrico que han afectado a esta comuna y las acciones a concretar para la mejora de esta situaci\u00f3n.<\/em><\/p>\n<p style=\"text-align: justify;\">Con la finalidad de tratar los problemas de las interrupciones de suministro el\u00e9ctrico y las acciones a realizar para mitigarlas, el Director Regional de la Superintendencia de Electricidad y Combustibles (SEC) Ays\u00e9n, Hugo Ardiles, viaj\u00f3 hasta Chile Chico para reunirse con el Delegado Presidencial de General Carrera, Crist\u00f3bal Barcel\u00f3, y con concejales de esta comuna.<\/p>\n<p style=\"text-align: justify;\">En las reuniones se abordaron las preocupaciones relacionadas con los recurrentes cortes de suministro el\u00e9ctrico que afectaron a la comunidad, especialmente durante los meses de enero y febrero.<\/p>\n<p style=\"text-align: justify;\">El Delegado Presidencial expres\u00f3 que \u201cnuestra inquietud se debe a los constantes cortes de energ\u00eda que sufri\u00f3 la comunidad de Chile Chico durante los \u00faltimos meses. Es una situaci\u00f3n an\u00f3mala que merece nuestro mayor esfuerzo para solucionarla, y es por eso por lo que nos reunimos junto al Director de la SEC para escuchar y, sobre todo, para plantear soluciones que nos permitan prevenir nuevas dificultades\u201d.<\/p>\n<p style=\"text-align: justify;\">Al respecto, la autoridad regional de SEC, Hugo Ardiles, se\u00f1al\u00f3 que \u201cnuestra instituci\u00f3n ha estado supervisando de cerca estas interrupciones y ha instruido a la empresa distribuidora, Edelaysen, para que implemente planes de acci\u00f3n concretos y a la brevedad que permitan dar soluciones efectivas a los problemas de suministro el\u00e9ctrico en Chile Chico. Esperamos que, con dichas medidas, la continuidad del servicio el\u00e9ctrico presente una mejora significativa\u201d.<\/p>\n<p style=\"text-align: justify;\">Esta misma tem\u00e1tica fue la tratada posteriormente con los concejales, quienes tambi\u00e9n se mostraron preocupados por la situaci\u00f3n de Chile Chico, por lo que revisaron en detalle las causas de las interrupciones y se inform\u00f3 tambi\u00e9n las instrucciones entregadas por la SEC a la compa\u00f1\u00eda.<\/p>\n<p style=\"text-align: justify;\"><strong>FISCALIZACIONES EN CHILE CHICO<\/strong><\/p>\n<p style=\"text-align: justify;\">Durante la visita a la ciudad, adem\u00e1s, se llev\u00f3 a cabo una inspecci\u00f3n en la Escuela B\u00e1sica de Chile Chico, donde se revisaron aspectos de seguridad de las instalaciones el\u00e9ctricas y de gas, y se gestion\u00f3 el retiro de un poste el\u00e9ctrico que lleva a\u00f1os ubicado justo en la entrada del colegio, acci\u00f3n que la empresa distribuidora se comprometi\u00f3 a realizar a m\u00e1s tardar durante el mes de abril.<\/p>\n<p style=\"text-align: justify;\">La jornada incluy\u00f3 tambi\u00e9n un recorrido por la planta el\u00e9ctrica de Chile Chico, donde se evalu\u00f3 el estado de la central y sus condiciones operativas, y se verific\u00f3 que \u00e9stas se encuentren en condiciones \u00f3ptimas para proveer energ\u00eda el\u00e9ctrica al sistema de General Carrera.<\/p>\n<p style=\"text-align: justify;\">\u201cComo SEC, nuestra principal preocupaci\u00f3n es que la ciudadan\u00eda reciba en sus hogares un suministro el\u00e9ctrico continuo, seguro y de calidad, adem\u00e1s de promover el uso seguro de los energ\u00e9ticos como la electricidad y los combustibles para evitar cualquier situaci\u00f3n de riesgo que pueda afectar a las personas y sus bienes\u201d, puntualiz\u00f3 Ardiles.<\/p>\n<p style=\"text-align: justify;\">Finalmente, la invitaci\u00f3n es a seguir la cuenta oficial de la SEC en Instagram (@sec_chile), donde la ciudadan\u00eda podr\u00e1 acceder a informaci\u00f3n \u00fatil y consejos de seguridad para el uso de los energ\u00e9ticos, la que se suma a nuestros perfiles disponibles en Twitter o X (@SEC_cl) y Facebook, como Superintendencia SEC.<\/p>\n<\/div><\/section><\/div><div  style='height:50px' class='hr hr-invisible   avia-builder-el-6  el_after_av_one_full  el_before_av_social_share '><span class='hr-inner ' ><span class='hr-inner-style'><\/span><\/span><\/div><\/p>\n<div  class='av-social-sharing-box  avia-builder-el-7  el_after_av_hr  el_before_av_hr  '><div class='av-share-box'><h5 class='av-share-link-description av-no-toc '>Compartir esta noticia<\/h5><ul class='av-share-box-list noLightbox'><li class='av-share-link av-social-link-facebook' ><a target=\"_blank\" aria-label=\"Compartir en Facebook\" href='https:\/\/www.facebook.com\/sharer.php?u=https:\/\/radiorevelacionfm.cl\/?p=40675&#038;t=SEC%20Ays%C3%A9n%20se%20re%C3%BAne%20en%20Chile%20Chico%20con%20autoridades%20locales%20para%20abordar%20cortes%20de%20suministro%20el%C3%A9ctrico' aria-hidden='false' data-av_icon='\ue8f3' data-av_iconfont='entypo-fontello' title='' data-avia-related-tooltip='Compartir en Facebook' rel=\"noopener\"><span class='avia_hidden_link_text'>Compartir en Facebook<\/span><\/a><\/li><li class='av-share-link av-social-link-twitter' ><a target=\"_blank\" aria-label=\"Compartir en Twitter\" href='https:\/\/twitter.com\/share?text=SEC%20Ays%C3%A9n%20se%20re%C3%BAne%20en%20Chile%20Chico%20con%20autoridades%20locales%20para%20abordar%20cortes%20de%20suministro%20el%C3%A9ctrico&#038;url=https:\/\/radiorevelacionfm.cl\/?p=40675' aria-hidden='false' data-av_icon='\ue8f1' data-av_iconfont='entypo-fontello' title='' data-avia-related-tooltip='Compartir en Twitter' rel=\"noopener\"><span class='avia_hidden_link_text'>Compartir en Twitter<\/span><\/a><\/li><li class='av-share-link av-social-link-whatsapp' ><a target=\"_blank\" aria-label=\"Compartir en Whatsapp\" href='https:\/\/api.whatsapp.com\/send?text=https:\/\/radiorevelacionfm.cl\/?p=40675' aria-hidden='false' data-av_icon='\uf232' data-av_iconfont='entypo-fontello' title='' data-avia-related-tooltip='Compartir en Whatsapp' rel=\"noopener\"><span class='avia_hidden_link_text'>Compartir en Whatsapp<\/span><\/a><\/li><li class='av-share-link av-social-link-linkedin' ><a target=\"_blank\" aria-label=\"Compartir en LinkedIn\" href='https:\/\/linkedin.com\/shareArticle?mini=true&#038;title=SEC%20Ays%C3%A9n%20se%20re%C3%BAne%20en%20Chile%20Chico%20con%20autoridades%20locales%20para%20abordar%20cortes%20de%20suministro%20el%C3%A9ctrico&#038;url=https:\/\/radiorevelacionfm.cl\/?p=40675' aria-hidden='false' data-av_icon='\ue8fc' data-av_iconfont='entypo-fontello' title='' data-avia-related-tooltip='Compartir en LinkedIn' rel=\"noopener\"><span class='avia_hidden_link_text'>Compartir en LinkedIn<\/span><\/a><\/li><li class='av-share-link av-social-link-mail' ><a  aria-label=\"Compartir por correo\" href='mailto:?subject=SEC%20Ays%C3%A9n%20se%20re%C3%BAne%20en%20Chile%20Chico%20con%20autoridades%20locales%20para%20abordar%20cortes%20de%20suministro%20el%C3%A9ctrico&#038;body=https:\/\/radiorevelacionfm.cl\/?p=40675' aria-hidden='false' data-av_icon='\ue805' data-av_iconfont='entypo-fontello' title='' data-avia-related-tooltip='Compartir por correo'><span class='avia_hidden_link_text'>Compartir por correo<\/span><\/a><\/li><\/ul><\/div><\/div>\n<div  style='height:50px' class='hr hr-invisible   avia-builder-el-8  el_after_av_social_share  el_before_av_comments_list '><span class='hr-inner ' ><span class='hr-inner-style'><\/span><\/span><\/div>\n<div  class='av-buildercomment  av-blog-meta-html-info-disabled av-blog-meta-tag-disabled  '><\/div>\n","protected":false},"excerpt":{"rendered":"","protected":false},"author":1,"featured_media":40676,"comment_status":"open","ping_status":"open","sticky":false,"template":"","format":"standard","meta":{"footnotes":""},"categories":[38],"tags":[],"class_list":["post-40675","post","type-post","status-publish","format-standard","has-post-thumbnail","hentry","category-regional"],"jetpack_featured_media_url":"https:\/\/radiorevelacionfm.cl\/wp-content\/uploads\/2024\/03\/visita-director-sec-y-delegado-a-planta-de-generacion-1_optimized.jpg","_links":{"self":[{"href":"https:\/\/radiorevelacionfm.cl\/index.php?rest_route=\/wp\/v2\/posts\/40675","targetHints":{"allow":["GET"]}}],"collection":[{"href":"https:\/\/radiorevelacionfm.cl\/index.php?rest_route=\/wp\/v2\/posts"}],"about":[{"href":"https:\/\/radiorevelacionfm.cl\/index.php?rest_route=\/wp\/v2\/types\/post"}],"author":[{"embeddable":true,"href":"https:\/\/radiorevelacionfm.cl\/index.php?rest_route=\/wp\/v2\/users\/1"}],"replies":[{"embeddable":true,"href":"https:\/\/radiorevelacionfm.cl\/index.php?rest_route=%2Fwp%2Fv2%2Fcomments&post=40675"}],"version-history":[{"count":1,"href":"https:\/\/radiorevelacionfm.cl\/index.php?rest_route=\/wp\/v2\/posts\/40675\/revisions"}],"predecessor-version":[{"id":40677,"href":"https:\/\/radiorevelacionfm.cl\/index.php?rest_route=\/wp\/v2\/posts\/40675\/revisions\/40677"}],"wp:featuredmedia":[{"embeddable":true,"href":"https:\/\/radiorevelacionfm.cl\/index.php?rest_route=\/wp\/v2\/media\/40676"}],"wp:attachment":[{"href":"https:\/\/radiorevelacionfm.cl\/index.php?rest_route=%2Fwp%2Fv2%2Fmedia&parent=40675"}],"wp:term":[{"taxonomy":"category","embeddable":true,"href":"https:\/\/radiorevelacionfm.cl\/index.php?rest_route=%2Fwp%2Fv2%2Fcategories&post=40675"},{"taxonomy":"post_tag","embeddable":true,"href":"https:\/\/radiorevelacionfm.cl\/index.php?rest_route=%2Fwp%2Fv2%2Ftags&post=40675"}],"curies":[{"name":"wp","href":"https:\/\/api.w.org\/{rel}","templated":true}]}}